{"id":268456,"date":"2025-12-03T05:14:10","date_gmt":"2025-12-03T05:14:10","guid":{"rendered":"https:\/\/www.europesays.com\/es\/268456\/"},"modified":"2025-12-03T05:14:10","modified_gmt":"2025-12-03T05:14:10","slug":"declaracion-institucional-con-motivo-del-dia-internacional-del-euskera","status":"publish","type":"post","link":"https:\/\/www.europesays.com\/es\/268456\/","title":{"rendered":"Declaraci\u00f3n institucional con motivo del D\u00eda Internacional del Euskera"},"content":{"rendered":"<p>El euskera ha recorrido un largo camino.<br \/>Quiz\u00e1s el m\u00e1s largo, dentro de la vieja Europa.<br \/>Y, sin embargo, este camino a\u00fan no ha concluido: contin\u00faa transitable, sigue creciendo y evolucionando.<\/p>\n<p>\u00bfCu\u00e1l es su secreto?<br \/>\u00bfQu\u00e9 fuerza, qu\u00e9 ilusi\u00f3n ha hecho perdurar a nuestra lengua hasta hoy?<br \/>Miles de a\u00f1os, miles de personas, miles de sue\u00f1os y esfuerzos.<br \/>La fuerza silenciosa de muchas personas, generaci\u00f3n tras generaci\u00f3n, ha conseguido que nuestra vieja lengua vuelva a ser una lengua joven.<\/p>\n<p>Hemos resistido frente a las prohibiciones.<br \/>Cuando han intentado silenciarnos, hemos recuperado la palabra.<br \/>El euskera ha pasado de ser la lengua de nuestros mayores a convertirse en la lengua de nuestra juventud.<br \/>Brillan nuevos rayos de luz con los que dise\u00f1ar el futuro.<br \/>Nuevas posibilidades han abierto sus puertas al euskera.<\/p>\n<p>Sin embargo, este mundo convulso y cambiante en el que vivimos merman nuestras fuerzas y nuestro sentimiento de comunidad.<br \/>Una comunidad de hablantes no se mantiene por s\u00ed sola.<br \/>Hay que cuidarla, sustentarla, darle aliento.<\/p>\n<p>Y ese momento ha llegado.<br \/>El momento de explorar nuevas v\u00edas que garanticen el uso y la transmisi\u00f3n del euskera.<\/p>\n<p>El momento de crear espacios seguros desde lo individual y lo institucional para poder comunicarnos en euskera tanto en el ocio como en el trabajo.<br \/>El momento de reforzar la transmisi\u00f3n del euskera entre las nuevas generaciones.<br \/>El momento de ampliar el conocimiento del euskera.<\/p>\n<p>El momento de cuidar los espacios que ya se viven en euskera y tambi\u00e9n de ganar espacios nuevos.<\/p>\n<p>Es el momento de unir fuerzas para dar seguridad al proceso de\u00a0revitalizaci\u00f3n del euskera y dar pasos nuevos y valientes.<\/p>\n<p>Queda mucho que hacer, hay mucho que mejorar.<br \/>\u00a1Pero estamos en marcha!<br \/>Para avanzar codo con codo con quienes ya saben euskera, y con los que todav\u00eda no lo conocen.<\/p>\n<p>Nuestro m\u00e1s sincero agradecimiento a quienes durante a\u00f1os han vivido el euskera, han vivido en euskera y han hecho que lo vivamos.<br \/>Vuestro trabajo an\u00f3nimo nos ha tra\u00eddo hasta donde estamos, pero el futuro a\u00fan os necesita.<br \/>Para hacer brillar al euskera, siempre desde la alegr\u00eda, la adhesi\u00f3n, la ilusi\u00f3n y las emociones positivas.<br \/>Y para hacer del euskera la lengua de todas y todos.<\/p>\n<p>\u00a1El euskera es!<br \/>Va a favor de todos y para todas.<br \/>Es una nueva puerta para quienes todav\u00eda no lo conocen.<br \/>Una lengua que nos une.<br \/>Una invitaci\u00f3n a entendernos.<\/p>\n<p>Se abre un nuevo mundo para el euskera.<br \/>Para el euskera y para cualquier persona.<br \/>Araremos nuevos surcos y sembraremos nuevos campos.<\/p>\n<p>A\u00f1os de experiencia nos han proporcionado herramientas m\u00e1s eficaces.<br \/>En el pasado se halla la clave del futuro.<br \/>Hagamos el camino empezando por cada uno de nosotros.<br \/>Porque el salto del euskera est\u00e1 en cada una de nosotras.<\/p>\n<p>En ti, en m\u00ed, en nosotras.<\/p>\n<p><strong>Con motivo del D\u00eda Internacional del Euskera 2025, el Ayuntamiento de Irun se compromete a:<\/strong><\/p>\n<ul>&#13;<\/p>\n<li>Poner el euskera en el centro de las pol\u00edticas municipales.<\/li>\n<p>&#13;<\/p>\n<li>No dar pasos atr\u00e1s en pol\u00edtica ling\u00fc\u00edstica.<\/li>\n<p>&#13;<\/p>\n<li>Hacer lo que corresponde al Ayuntamiento en el salto que necesita el euskera y poner los medios para ello.<\/li>\n<p>&#13;\n<\/ul>\n","protected":false},"excerpt":{"rendered":"El euskera ha recorrido un largo camino.Quiz\u00e1s el m\u00e1s largo, dentro de la vieja Europa.Y, sin embargo, este&hellip;\n","protected":false},"author":2,"featured_media":268457,"comment_status":"","ping_status":"","sticky":false,"template":"","format":"standard","meta":{"footnotes":""},"categories":[5],"tags":[17,18,25,24,13,14,11,19,20,9,10,15,16,23,12,21,22],"class_list":{"0":"post-268456","1":"post","2":"type-post","3":"status-publish","4":"format-standard","5":"has-post-thumbnail","7":"category-titulares","8":"tag-breaking-news","9":"tag-breakingnews","10":"tag-es","11":"tag-espana","12":"tag-featured-news","13":"tag-featurednews","14":"tag-headlines","15":"tag-latest-news","16":"tag-latestnews","17":"tag-news","18":"tag-noticias","19":"tag-noticias-destacadas","20":"tag-noticiasdestacadas","21":"tag-spain","22":"tag-titulares","23":"tag-ultimas-noticias","24":"tag-ultimasnoticias"},"share_on_mastodon":{"url":"https:\/\/pubeurope.com\/@es\/115653932723341257","error":""},"_links":{"self":[{"href":"https:\/\/www.europesays.com\/es\/wp-json\/wp\/v2\/posts\/268456","targetHints":{"allow":["GET"]}}],"collection":[{"href":"https:\/\/www.europesays.com\/es\/wp-json\/wp\/v2\/posts"}],"about":[{"href":"https:\/\/www.europesays.com\/es\/wp-json\/wp\/v2\/types\/post"}],"author":[{"embeddable":true,"href":"https:\/\/www.europesays.com\/es\/wp-json\/wp\/v2\/users\/2"}],"replies":[{"embeddable":true,"href":"https:\/\/www.europesays.com\/es\/wp-json\/wp\/v2\/comments?post=268456"}],"version-history":[{"count":0,"href":"https:\/\/www.europesays.com\/es\/wp-json\/wp\/v2\/posts\/268456\/revisions"}],"wp:featuredmedia":[{"embeddable":true,"href":"https:\/\/www.europesays.com\/es\/wp-json\/wp\/v2\/media\/268457"}],"wp:attachment":[{"href":"https:\/\/www.europesays.com\/es\/wp-json\/wp\/v2\/media?parent=268456"}],"wp:term":[{"taxonomy":"category","embeddable":true,"href":"https:\/\/www.europesays.com\/es\/wp-json\/wp\/v2\/categories?post=268456"},{"taxonomy":"post_tag","embeddable":true,"href":"https:\/\/www.europesays.com\/es\/wp-json\/wp\/v2\/tags?post=268456"}],"curies":[{"name":"wp","href":"https:\/\/api.w.org\/{rel}","templated":true}]}}