{"id":268460,"date":"2025-12-03T05:19:22","date_gmt":"2025-12-03T05:19:22","guid":{"rendered":"https:\/\/www.europesays.com\/es\/268460\/"},"modified":"2025-12-03T05:19:22","modified_gmt":"2025-12-03T05:19:22","slug":"a-nadal-le-preguntaron-por-las-exhibiciones-con-federer-y-la-tiro-afuera-he-estado-un-ano-sin-jugar","status":"publish","type":"post","link":"https:\/\/www.europesays.com\/es\/268460\/","title":{"rendered":"A Nadal le preguntaron por las exhibiciones con Federer y la tir\u00f3 afuera: \u00abHe estado un a\u00f1o sin jugar\u00bb"},"content":{"rendered":"<ul class=\"authors\">\n<li>\n<p>ESPNtenis.com<\/p>\n<\/li>\n<\/ul>\n<p>2  de  dic, 2025, 06:21 ET<\/p>\n<ul class=\"share-popup-list social-tracking-parent\" data-id=\"16033982\" data-name=\"A Nadal le preguntaron por las exhibiciones con Federer y la tir\u00f3 afuera: \" he=\"\" estado=\"\" un=\"\" a=\"\" sin=\"\" jugar=\"\" data-type=\"article\">\n<li><a data-behavior=\"copy_link\" data-social-tool=\"copy\" href=\"#\" data-social-type=\"content\" class=\"share-popup-link icon-font-before icon-chain-solid-before reactions-copy-link copy-link\" aria-label=\"Copiar enlace\"><img decoding=\"async\" class=\"icon\" src=\"https:\/\/www.europesays.com\/es\/wp-content\/uploads\/2025\/12\/check.png&#038;h=80&#038;w=80.png\" alt=\"Copiar enlace\" loading=\"lazy\"\/><\/a><\/li>\n<li><a data-social-tool=\"email\" href=\"https:\/\/espndeportes.espn.com\/tenis\/nota\/_\/id\/16033982\/mailto:?subject=A%20Nadal%20le%20preguntaron%20por%20las%20exhibiciones%20con%20Federer%20y%20la%20tir\u00f3%20afuera%3A%20%22He%20estado%20un%20a\u00f1o%20sin%20jugar%22&amp;body=https%3A%2F%2Fespndeportes.espn.com%2Ftenis%2Fnota%2F_%2Fid%2F16033982\" data-social-type=\"content\" class=\"share-popup-link icon-font-before icon-email-solid-before email social-clicks-email\" aria-label=\"Email\" rel=\"nofollow noopener\" target=\"_blank\">Email<\/a><\/li>\n<li><a data-social-tool=\"print\" href=\"https:\/\/espndeportes.espn.com\/news\/print?id=16033982&amp;type=story\" data-social-type=\"content\" class=\"share-popup-link print icon-font-before icon-print-solid-before page-action\" aria-label=\"Imprimir\" rel=\"nofollow noopener\" target=\"_blank\">Imprimir<\/a><\/li>\n<\/ul>\n<p><strong>En Madrid, Rafael Nadal fue galardonado con el Premio Leyenda<\/strong> en la 19\u00aa edici\u00f3n de los Premios As del Deporte 2025 como el mejor deportista en la historia de Espa\u00f1a.<\/p>\n<p>Selecciones Editoriales<\/p>\n<ul>\n<li><a name=\"&amp;lpos=story:editorspicks:inline:1\" href=\"https:\/\/espndeportes.espn.com\/tenis\/nota\/_\/id\/16030960\/el-sentido-adios-de-rafael-nadal-ante-el-fallecimiento-que-conmueve-el-tenis-mundial-nicola-pietrangeli\" class=\"img-link\" rel=\"nofollow noopener\" target=\"_blank\"><img loading=\"lazy\" decoding=\"async\" src=\"https:\/\/www.europesays.com\/es\/wp-content\/uploads\/2025\/12\/r1583266_1296x1296_1-1.jpg&#038;w=130&#038;h=130&#038;scale=crop&#038;location=center.jpeg\" width=\"65\" height=\"65\"\/><\/a><\/li>\n<li><a name=\"&amp;lpos=story:editorspicks:inline:2\" href=\"https:\/\/espndeportes.espn.com\/tenis\/nota\/_\/id\/16021129\/novak-djokovic-fue-protagonista-en-la-carrera-sprint-de-la-formula-1-en-qatar-piastri\" class=\"img-link\" rel=\"nofollow noopener\" target=\"_blank\"><img loading=\"lazy\" decoding=\"async\" src=\"https:\/\/www.europesays.com\/es\/wp-content\/uploads\/2025\/12\/1764739162_818_r1582273_1296x1296_1-1.jpg&#038;w=130&#038;h=130&#038;scale=crop&#038;location=center.jpeg\" width=\"65\" height=\"65\"\/><\/a><\/li>\n<\/ul>\n<p>1 Relacionado<\/p>\n<p>Un a\u00f1o despu\u00e9s de su adi\u00f3s del tenis profesional, el diario deportivo espa\u00f1ol quiso rendirle homenaje al 14 veces ganador de Roland Garros por su extraordinaria trayectoria.<\/p>\n<p>A posteriori, el extenista espa\u00f1ol fue consultado y trat\u00f3 de esquivar la <a href=\"https:\/\/espndeportes.espn.com\/tenis\/nota?_slug_=se-vienen-las-exhibiciones-federer-nadal-por-el-mundo-academia-tenis-salon-de-la-fama&amp;id=16016936\" rel=\"nofollow noopener\" target=\"_blank\">posibilidad de hacer una gira de exhibiciones junto a Roger Federer, aunque no se atrevi\u00f3 a dar una fecha concreta<\/a>:<strong> \u00abSer\u00eda m\u00e1s adelante. He estado un a\u00f1o sin jugar y necesitar\u00eda un tiempo de preparaci\u00f3n. Seguro que en el futuro, si aparece la posibilidad de divertirnos en un proyecto conjunto y si se dan los factores, seguro que algo ocurrir\u00e1. Ya hemos hablado de ello vagamente en el pasado\u00bb.<\/strong><\/p>\n<p>Fue en la misma jornada en que se enter\u00f3 del fallecimiento del enorme <strong>Nicola Pietrangeli: <a href=\"https:\/\/espndeportes.espn.com\/tenis\/nota\/_\/id\/16030960\/el-sentido-adios-de-rafael-nadal-ante-el-fallecimiento-que-conmueve-el-tenis-mundial-nicola-pietrangeli\" rel=\"nofollow noopener\" target=\"_blank\">\u00abMi m\u00e1s sentido p\u00e9same a toda su familia, a su hijo Filippo y a toda la comunidad ten\u00edstica italiana. Querido Nicola\u00bb.<\/a><\/strong><\/p>\n","protected":false},"excerpt":{"rendered":"ESPNtenis.com 2 de dic, 2025, 06:21 ET Email Imprimir En Madrid, Rafael Nadal fue galardonado con el Premio&hellip;\n","protected":false},"author":2,"featured_media":268461,"comment_status":"","ping_status":"","sticky":false,"template":"","format":"standard","meta":{"footnotes":""},"categories":[274],"tags":[168,25,24,23,167,327,326],"class_list":{"0":"post-268460","1":"post","2":"type-post","3":"status-publish","4":"format-standard","5":"has-post-thumbnail","7":"category-tenis","8":"tag-deportes","9":"tag-es","10":"tag-espana","11":"tag-spain","12":"tag-sports","13":"tag-tenis","14":"tag-tennis"},"share_on_mastodon":{"url":"https:\/\/pubeurope.com\/@es\/115653952558638911","error":""},"_links":{"self":[{"href":"https:\/\/www.europesays.com\/es\/wp-json\/wp\/v2\/posts\/268460","targetHints":{"allow":["GET"]}}],"collection":[{"href":"https:\/\/www.europesays.com\/es\/wp-json\/wp\/v2\/posts"}],"about":[{"href":"https:\/\/www.europesays.com\/es\/wp-json\/wp\/v2\/types\/post"}],"author":[{"embeddable":true,"href":"https:\/\/www.europesays.com\/es\/wp-json\/wp\/v2\/users\/2"}],"replies":[{"embeddable":true,"href":"https:\/\/www.europesays.com\/es\/wp-json\/wp\/v2\/comments?post=268460"}],"version-history":[{"count":0,"href":"https:\/\/www.europesays.com\/es\/wp-json\/wp\/v2\/posts\/268460\/revisions"}],"wp:featuredmedia":[{"embeddable":true,"href":"https:\/\/www.europesays.com\/es\/wp-json\/wp\/v2\/media\/268461"}],"wp:attachment":[{"href":"https:\/\/www.europesays.com\/es\/wp-json\/wp\/v2\/media?parent=268460"}],"wp:term":[{"taxonomy":"category","embeddable":true,"href":"https:\/\/www.europesays.com\/es\/wp-json\/wp\/v2\/categories?post=268460"},{"taxonomy":"post_tag","embeddable":true,"href":"https:\/\/www.europesays.com\/es\/wp-json\/wp\/v2\/tags?post=268460"}],"curies":[{"name":"wp","href":"https:\/\/api.w.org\/{rel}","templated":true}]}}