{"id":268464,"date":"2025-12-03T05:23:11","date_gmt":"2025-12-03T05:23:11","guid":{"rendered":"https:\/\/www.europesays.com\/es\/268464\/"},"modified":"2025-12-03T05:23:11","modified_gmt":"2025-12-03T05:23:11","slug":"copa-del-rey-en-directo-ferrol-huesca-y-guadalajara","status":"publish","type":"post","link":"https:\/\/www.europesays.com\/es\/268464\/","title":{"rendered":"Copa del Rey en directo: Ferrol &#8211; Huesca y Guadalajara"},"content":{"rendered":"\n<p class=\"ue-c-article__paragraph \">Racing Ferrol 0-2 <strong>HUESCA<\/strong> (Final)<\/p>\n<p class=\"ue-c-article__paragraph \"><strong>GUADALAJARA<\/strong> 1-0 Ceuta (Final)<\/p>\n<p class=\"ue-c-article__paragraph \">El \u00faltimo mes del a\u00f1o trae un <strong>aumento generalizado de las temperaturas coperas<\/strong>. Desde el martes 2 al jueves 4 la segunda eliminatoria nos regala 28 espectaculares duelos a partido \u00fanico, cuyos ganadores disfrutar\u00e1n del privilegio de asistencia al sorteo del d\u00eda 9 en la Ciudad del F\u00fatbol, ya con el p\u00f3quer de participantes en la Supercopa incluidos para unos dieciseisavos de final a disputarse la semana previa a Nochebuena.<\/p>\n","protected":false},"excerpt":{"rendered":"Racing Ferrol 0-2 HUESCA (Final) GUADALAJARA 1-0 Ceuta (Final) El \u00faltimo mes del a\u00f1o trae un aumento generalizado&hellip;\n","protected":false},"author":2,"featured_media":268465,"comment_status":"","ping_status":"","sticky":false,"template":"","format":"standard","meta":{"footnotes":""},"categories":[268],"tags":[168,25,24,280,282,281,23,167],"class_list":{"0":"post-268464","1":"post","2":"type-post","3":"status-publish","4":"format-standard","5":"has-post-thumbnail","7":"category-futbol","8":"tag-deportes","9":"tag-es","10":"tag-espana","11":"tag-football","12":"tag-futbol","13":"tag-soccer","14":"tag-spain","15":"tag-sports"},"share_on_mastodon":{"url":"https:\/\/pubeurope.com\/@es\/115653968453080190","error":""},"_links":{"self":[{"href":"https:\/\/www.europesays.com\/es\/wp-json\/wp\/v2\/posts\/268464","targetHints":{"allow":["GET"]}}],"collection":[{"href":"https:\/\/www.europesays.com\/es\/wp-json\/wp\/v2\/posts"}],"about":[{"href":"https:\/\/www.europesays.com\/es\/wp-json\/wp\/v2\/types\/post"}],"author":[{"embeddable":true,"href":"https:\/\/www.europesays.com\/es\/wp-json\/wp\/v2\/users\/2"}],"replies":[{"embeddable":true,"href":"https:\/\/www.europesays.com\/es\/wp-json\/wp\/v2\/comments?post=268464"}],"version-history":[{"count":0,"href":"https:\/\/www.europesays.com\/es\/wp-json\/wp\/v2\/posts\/268464\/revisions"}],"wp:featuredmedia":[{"embeddable":true,"href":"https:\/\/www.europesays.com\/es\/wp-json\/wp\/v2\/media\/268465"}],"wp:attachment":[{"href":"https:\/\/www.europesays.com\/es\/wp-json\/wp\/v2\/media?parent=268464"}],"wp:term":[{"taxonomy":"category","embeddable":true,"href":"https:\/\/www.europesays.com\/es\/wp-json\/wp\/v2\/categories?post=268464"},{"taxonomy":"post_tag","embeddable":true,"href":"https:\/\/www.europesays.com\/es\/wp-json\/wp\/v2\/tags?post=268464"}],"curies":[{"name":"wp","href":"https:\/\/api.w.org\/{rel}","templated":true}]}}