{"id":268466,"date":"2025-12-03T05:24:22","date_gmt":"2025-12-03T05:24:22","guid":{"rendered":"https:\/\/www.europesays.com\/es\/268466\/"},"modified":"2025-12-03T05:24:22","modified_gmt":"2025-12-03T05:24:22","slug":"en-el-patio-del-colegio-estaba-literalmente-sola-los-ninos-cogian-latas-de-refresco-de-los-charcos-y-me-las-tiraban","status":"publish","type":"post","link":"https:\/\/www.europesays.com\/es\/268466\/","title":{"rendered":"En el patio del colegio estaba literalmente sola. Los ni\u00f1os cog\u00edan latas de refresco de los charcos y me las tiraban"},"content":{"rendered":"<p data-journey-content=\"true\" data-node-id=\"0\" class=\"body-dropcap css-1vn2egp emevuu60\">\u00abEra una marginada en el colegio. No era sociable y no encajaba. No quer\u00eda ser yo, no me gustaba\u00bb. Son palabras de <strong data-node-id=\"0.1\">Victoria Beckham<\/strong> extra\u00eddas del documental que lleva su nombre y hace unas semanas se estren\u00f3 en Netflix. A lo largo de los tres episodios de este programa, la dise\u00f1adora no solo cuenta c\u00f3mo lleg\u00f3 a formar parte de las Spice Girls o c\u00f3mo fueron los <a href=\"https:\/\/www.harpersbazaar.com\/es\/famosas\/el-estilo-de\/a69407027\/victoria-beckham-primera-cita-david-beckham-bastante-tiempo-encontrabamos-aparcamientos\/\" target=\"_blank\" data-vars-ga-outbound-link=\"https:\/\/www.harpersbazaar.com\/es\/famosas\/el-estilo-de\/a69407027\/victoria-beckham-primera-cita-david-beckham-bastante-tiempo-encontrabamos-aparcamientos\/\" data-vars-ga-ux-element=\"Hyperlink\" data-vars-ga-call-to-action=\"inicios de su relaci\u00f3n con David Beckham\" data-node-id=\"0.3\" class=\"body-link css-156jt4g emevuu60\" rel=\"nofollow noopener\">inicios de su relaci\u00f3n con David Beckham<\/a>, sino que aprovecha este espacio tambi\u00e9n para mostrar su versi\u00f3n m\u00e1s vulnerable. <\/p>\n<p data-journey-content=\"true\" data-node-id=\"1\" class=\"css-6wxqfj emevuu60\">Uno de los temas m\u00e1s duros que aborda en pantalla es el del bullying que sufri\u00f3 siendo una ni\u00f1a, algo de lo que tambi\u00e9n habl\u00f3 abiertamente a su paso por el podcast <a href=\"https:\/\/www.youtube.com\/watch?v=uv8MeH_e1lw\" target=\"_blank\" rel=\"nofollow noopener\" data-vars-ga-outbound-link=\"https:\/\/www.youtube.com\/watch?v=uv8MeH_e1lw\" data-vars-ga-ux-element=\"Hyperlink\" data-vars-ga-call-to-action=\"Call her daddy\" data-node-id=\"1.3.0\" class=\"body-link css-156jt4g emevuu60\">Call her daddy<\/a>: \u00ab<strong data-node-id=\"1.5\">En el patio del colegio estaba literalmente sola. Los ni\u00f1os cog\u00edan latas de refresco de los charcos y me las tiraban. <\/strong>Fui acosada f\u00edsica y mentalmente en la escuela\u00bb, record\u00f3 la brit\u00e1nica. <\/p>\n<p><img draggable=\"true\" alt=\"victoria beckham parka verde otono\" title=\"Victoria Beckham estrena la parka verde que ser\u00e1 tendencia en oto\u00f1o\" loading=\"lazy\" width=\"2214\" height=\"3100\" decoding=\"async\" data-nimg=\"1\" style=\"color:transparent;width:100%;height:auto;\"   src=\"https:\/\/www.europesays.com\/es\/wp-content\/uploads\/2025\/12\/victoria-beckham-67a487909a401.jpg\" class=\"css-0 e1g79fud0\"\/><\/p>\n<p>Rachpoot\/Bauer-Griffin\/\/Getty Images<\/p>\n<p data-journey-content=\"true\" data-node-id=\"3\" class=\"css-6wxqfj emevuu60\">\u00abNo encajaba socialmente porque cuando todos los otros ni\u00f1os despu\u00e9s de la escuela estaban fumando y pasando el rato yo iba a clases de baile o teatro (&#8230;). Tuve problemas acad\u00e9micos porque soy una disl\u00e9xica diagnosticada, sufro de discalculia y todas esas cosas no fueron reconocidas cuando era ni\u00f1a. Simplemente me llamaban tonta\u00bb, explic\u00f3 Victoria Beckham sobre la que califica como una \u00abmiserable vida escolar\u00bb. <\/p>\n<p data-journey-content=\"true\" data-node-id=\"5\" class=\"css-6wxqfj emevuu60\">A pesar a lo unida que se ha mostrado siempre con sus padres, la dise\u00f1adora reconoce que nunca les dijo por lo que estaba pasando por verg\u00fcenza y eso le llev\u00f3 a crearse una coraza para protegerse del mundo la que a\u00fan le cuesta desprenderse. \u00ab<strong data-node-id=\"5.1\">No habl\u00e1bamos de salud mental mental como lo hacemos hoy<\/strong> en d\u00eda, simplemente internalic\u00e9 todo eso y me hizo cada vez m\u00e1s t\u00edmida\u00bb, se\u00f1al\u00f3. \u00abRecuerdo que a una edad muy temprana un amigo de la familia le dijo a mi madre que yo era taciturna. Eso es algo bastante duro de decirle a un ni\u00f1o y cuando entend\u00ed lo que eso significaba realmente me afect\u00f3\u00bb, desvel\u00f3. <\/p>\n<p><img draggable=\"true\" alt=\"victoria beckham hair transformations\" title=\"victoria beckham\" loading=\"lazy\" width=\"1994\" height=\"3000\" decoding=\"async\" data-nimg=\"1\" style=\"color:transparent;width:100%;height:auto;\"   src=\"https:\/\/www.europesays.com\/es\/wp-content\/uploads\/2025\/12\/gettyimages-488407615-685a7345926f5.jpg\" class=\"css-0 e1g79fud0\"\/><\/p>\n<p>George Pimentel\/\/Getty Images<\/p>\n<p data-journey-content=\"true\" data-node-id=\"7\" class=\"css-6wxqfj emevuu60\">La adolescencia tampoco fue sencilla para Victoria Beckham. \u00abEres joven, tus hormonas est\u00e1n volando por todas partes, tu cuerpo est\u00e1 cambiando y adem\u00e1s de eso me diagnosticaron ovarios poliqu\u00edsticos, lo cual fue solo otro obst\u00e1culo porque eso puede <a href=\"https:\/\/www.harpersbazaar.com\/es\/famosas\/el-estilo-de\/a65965527\/victoria-beckham-relacion-belleza-anos-90-confesion-problemas-piel\/\" target=\"_blank\" data-vars-ga-outbound-link=\"https:\/\/www.harpersbazaar.com\/es\/famosas\/el-estilo-de\/a65965527\/victoria-beckham-relacion-belleza-anos-90-confesion-problemas-piel\/\" data-vars-ga-ux-element=\"Hyperlink\" data-vars-ga-call-to-action=\"alterar tu piel\" data-node-id=\"7.1\" class=\"body-link css-156jt4g emevuu60\" rel=\"nofollow noopener\">alterar tu piel<\/a>, puede alterar tu cuerpo y me dijeron que posiblemente podr\u00eda tener dificultades para quedar embarazada y tener hijos. Estos elementos son dif\u00edciles de digerir\u00bb, relat\u00f3 la que termin\u00f3 encontrando su sitio, primero en los escenarios como Posh Spice, y luego sobre las pasarelas como creadora de su propia firma de moda. <\/p>\n","protected":false},"excerpt":{"rendered":"\u00abEra una marginada en el colegio. No era sociable y no encajaba. No quer\u00eda ser yo, no me&hellip;\n","protected":false},"author":2,"featured_media":268467,"comment_status":"","ping_status":"","sticky":false,"template":"","format":"standard","meta":{"footnotes":""},"categories":[174],"tags":[255,253,146,147,25,24,256,23],"class_list":{"0":"post-268466","1":"post","2":"type-post","3":"status-publish","4":"format-standard","5":"has-post-thumbnail","7":"category-famosos","8":"tag-celebrities","9":"tag-discover","10":"tag-entertainment","11":"tag-entretenimiento","12":"tag-es","13":"tag-espana","14":"tag-famosos","15":"tag-spain"},"share_on_mastodon":{"url":"https:\/\/pubeurope.com\/@es\/115653972392631357","error":""},"_links":{"self":[{"href":"https:\/\/www.europesays.com\/es\/wp-json\/wp\/v2\/posts\/268466","targetHints":{"allow":["GET"]}}],"collection":[{"href":"https:\/\/www.europesays.com\/es\/wp-json\/wp\/v2\/posts"}],"about":[{"href":"https:\/\/www.europesays.com\/es\/wp-json\/wp\/v2\/types\/post"}],"author":[{"embeddable":true,"href":"https:\/\/www.europesays.com\/es\/wp-json\/wp\/v2\/users\/2"}],"replies":[{"embeddable":true,"href":"https:\/\/www.europesays.com\/es\/wp-json\/wp\/v2\/comments?post=268466"}],"version-history":[{"count":0,"href":"https:\/\/www.europesays.com\/es\/wp-json\/wp\/v2\/posts\/268466\/revisions"}],"wp:featuredmedia":[{"embeddable":true,"href":"https:\/\/www.europesays.com\/es\/wp-json\/wp\/v2\/media\/268467"}],"wp:attachment":[{"href":"https:\/\/www.europesays.com\/es\/wp-json\/wp\/v2\/media?parent=268466"}],"wp:term":[{"taxonomy":"category","embeddable":true,"href":"https:\/\/www.europesays.com\/es\/wp-json\/wp\/v2\/categories?post=268466"},{"taxonomy":"post_tag","embeddable":true,"href":"https:\/\/www.europesays.com\/es\/wp-json\/wp\/v2\/tags?post=268466"}],"curies":[{"name":"wp","href":"https:\/\/api.w.org\/{rel}","templated":true}]}}