{"id":268468,"date":"2025-12-03T05:27:09","date_gmt":"2025-12-03T05:27:09","guid":{"rendered":"https:\/\/www.europesays.com\/es\/268468\/"},"modified":"2025-12-03T05:27:09","modified_gmt":"2025-12-03T05:27:09","slug":"el-emblematico-actor-de-cuentame-que-ficha-por-la-nueva-temporada-de-la-que-se-avecina","status":"publish","type":"post","link":"https:\/\/www.europesays.com\/es\/268468\/","title":{"rendered":"El emblem\u00e1tico actor de &#8216;Cu\u00e9ntame&#8217; que ficha por la nueva temporada de &#8216;La que se avecina&#8217;"},"content":{"rendered":"<p class=\"v-mdl-ath__p v-mdl-ath__p--6\">\nMi\u00e9rcoles, 3 de diciembre 2025, 01:04<\/p>\n<p class=\"v-p\">&#8216;La que se avecina&#8217; <a href=\"https:\/\/www.lasprovincias.es\/culturas\/tv\/estrena-prime-video-segundo-capitulo-temporada-avecina-20251118190701-nt.html\" title=\"www.lasprovincias.es\" data-voc-vtm-id=\"in-text-traffic\" data-mrf-link=\"www.lasprovincias.es\" rel=\"nofollow noopener\" target=\"_blank\">estren\u00f3 el pasado martes 18 de noviembre su temporada n\u00famero 16<\/a> en Amazon Prime Video, de la cual va lanzando cada semana un nuevo episodio. Al mismo tiempo, Telecinco est\u00e1 emitiendo en abierto la 14, con un cap\u00edtulo todos los martes despu\u00e9s de &#8216;La isla de las tentaciones&#8217;.<\/p>\n<p class=\"v-p\">En las nuevas tramas, Amador se ha convertido en un empresario de \u00e9xito gracias su negocio de &#8216;Tuk Tuk&#8217;, Antonio Recio es presidente de la comunidad y sigue haci\u00e9ndole la vida imposible a sus vecinos, instalando un torno para que entren en sus casas. Por otro lado, Yoli y \u00d3scar no dejan de discutir y tratan de criar a su hijo reci\u00e9n nacido.<\/p>\n<p><a href=\"http:\/\/www.lasprovincias.es\/culturas\/tv\/cristina-media-visto-seis-capitulos-avecina-20251107010355-nt.html#vtm_modulosEngag=mod-rel:culturas:noticia:1:cmp:1-not\" class=\"v-a-link\" aria-label=\"Imagen\" rel=\"nofollow noopener\" target=\"_blank\"><\/p>\n<p><img decoding=\"async\" loading=\"lazy\" src=\"https:\/\/www.europesays.com\/es\/wp-content\/uploads\/2025\/12\/cristina.medina-kgxF--366x256@Las Provincias.jpg\" class=\"v-a-img\" width=\"258\" height=\"180\" alt=\"\" data-voc-vtm-id=\"in-text-traffic\"\/><\/p>\n<p><\/a><\/p>\n<p class=\"v-p\">Pero quien contin\u00faa buscando el amor es Maite, quien en el episodio dos conoce de forma fortuita a un hombre mientras pasea a su nieta junto a Lola. Curiosamente, el actor que da vida a este personaje es Pablo Rivero, reconocido por su papel como Toni en la m\u00edtica serie &#8216;Cu\u00e9ntame c\u00f3mo pas\u00f3&#8217;.<\/p>\n<p class=\"v-p\">Rivero interpreta a un soltero con muchas ganas de ser padre y a quien &#8216;La Cuqui&#8217; enga\u00f1a dici\u00e9ndole que el beb\u00e9 que lleva en su carro en su hija. El actor ha compartido una publicaci\u00f3n en sus redes sociales mostrando su satisfacci\u00f3n por haber participado en un cap\u00edtulo de la comedia.<\/p>\n<p class=\"v-p\">\u00abYa pod\u00e9is ver en @primevideoes la nueva temporada de #lqsavecina y yo tuve la suerte de hacer un episodio junto a @evaisanta @macarenagomezofficial @pablochiapella y @carlotabmendo. Muchas gracias por hacerme sentir como en casa, me divert\u00ed much\u00edsimo y me hac\u00eda especial ilusi\u00f3n trabajar con esta serie y equipo m\u00edticos y que sent\u00eda como de la familia. Gracias\u00bb, ha se\u00f1alado.<\/p>\n<p>Reporta un error<\/p>\n","protected":false},"excerpt":{"rendered":"Mi\u00e9rcoles, 3 de diciembre 2025, 01:04 &#8216;La que se avecina&#8217; estren\u00f3 el pasado martes 18 de noviembre su&hellip;\n","protected":false},"author":2,"featured_media":268469,"comment_status":"","ping_status":"","sticky":false,"template":"","format":"standard","meta":{"footnotes":""},"categories":[171],"tags":[1339,7746,49911,3953,146,147,25,24,1750,795,23,1152,214],"class_list":{"0":"post-268468","1":"post","2":"type-post","3":"status-publish","4":"format-standard","5":"has-post-thumbnail","7":"category-tv","8":"tag-actor","9":"tag-avecina","10":"tag-cuentame","11":"tag-emblematico","12":"tag-entertainment","13":"tag-entretenimiento","14":"tag-es","15":"tag-espana","16":"tag-ficha","17":"tag-nueva","18":"tag-spain","19":"tag-temporada","20":"tag-tv"},"share_on_mastodon":{"url":"https:\/\/pubeurope.com\/@es\/115653984298063816","error":""},"_links":{"self":[{"href":"https:\/\/www.europesays.com\/es\/wp-json\/wp\/v2\/posts\/268468","targetHints":{"allow":["GET"]}}],"collection":[{"href":"https:\/\/www.europesays.com\/es\/wp-json\/wp\/v2\/posts"}],"about":[{"href":"https:\/\/www.europesays.com\/es\/wp-json\/wp\/v2\/types\/post"}],"author":[{"embeddable":true,"href":"https:\/\/www.europesays.com\/es\/wp-json\/wp\/v2\/users\/2"}],"replies":[{"embeddable":true,"href":"https:\/\/www.europesays.com\/es\/wp-json\/wp\/v2\/comments?post=268468"}],"version-history":[{"count":0,"href":"https:\/\/www.europesays.com\/es\/wp-json\/wp\/v2\/posts\/268468\/revisions"}],"wp:featuredmedia":[{"embeddable":true,"href":"https:\/\/www.europesays.com\/es\/wp-json\/wp\/v2\/media\/268469"}],"wp:attachment":[{"href":"https:\/\/www.europesays.com\/es\/wp-json\/wp\/v2\/media?parent=268468"}],"wp:term":[{"taxonomy":"category","embeddable":true,"href":"https:\/\/www.europesays.com\/es\/wp-json\/wp\/v2\/categories?post=268468"},{"taxonomy":"post_tag","embeddable":true,"href":"https:\/\/www.europesays.com\/es\/wp-json\/wp\/v2\/tags?post=268468"}],"curies":[{"name":"wp","href":"https:\/\/api.w.org\/{rel}","templated":true}]}}