{"id":268470,"date":"2025-12-03T05:28:12","date_gmt":"2025-12-03T05:28:12","guid":{"rendered":"https:\/\/www.europesays.com\/es\/268470\/"},"modified":"2025-12-03T05:28:12","modified_gmt":"2025-12-03T05:28:12","slug":"sienna-miller-y-ellie-goulding-revelan-que-estan-embarazadas","status":"publish","type":"post","link":"https:\/\/www.europesays.com\/es\/268470\/","title":{"rendered":"Sienna Miller y Ellie Goulding revelan que est\u00e1n embarazadas"},"content":{"rendered":"<p class=\"paragraph\" data-end=\"462\" data-start=\"151\" id=\"paragraph_1\">Diciembre llega con buenas noticias para <a href=\"https:\/\/www.elespanol.com\/corazon\/celebrities\/20250125\/david-beckham-sienna-miller-principe-guillermo-famosos-victimas-escuchas-ilegales\/918658353_0.html?utm_cmp_rs=linksinline\" rel=\"nofollow noopener\" target=\"_blank\"><strong>Sienna Miller<\/strong><\/a> (43 a\u00f1os) y <a href=\"https:\/\/www.elespanol.com\/corazon\/celebrities\/20180809\/ellie-goulding-anuncia-boda-caspar-jopling\/328717430_0.html?utm_cmp_rs=linksinline\" rel=\"nofollow noopener\" target=\"_blank\"><strong>Ellie Goulding<\/strong><\/a> (38). La actriz y la cantante han reaparecido en los <strong>Fashion Awards de Londres<\/strong> y han dado la mejor de las noticias: est\u00e1n embarazadas. Ambas lo han hecho p\u00fablico en la alfombra roja de esta cita londinense y han acaparado todas las miradas.<\/p>\n<p class=\"paragraph\" data-end=\"811\" data-start=\"464\" id=\"paragraph_2\">Este evento acoge, desde 1989, a figuras de lo m\u00e1s destacadas del mundo de las artes, ya que reconoce la creatividad, la innovaci\u00f3n y las contribuciones significativas de dise\u00f1adores y firmas del sector de la moda.<\/p>\n<p class=\"paragraph\" data-end=\"811\" data-start=\"464\" id=\"paragraph_3\">Este lunes, 1 de diciembre, el<strong> Royal Albert Hall de Londres<\/strong> ha desplegado su alfombra roja para la celebraci\u00f3n de esta cita anual.<\/p>\n<p class=\"paragraph\" data-end=\"1022\" data-start=\"813\" id=\"paragraph_4\">La velada transcurr\u00eda con normalidad hasta que, de repente, <strong>Miller y Goulding irrumpieron revelando sus embarazos por sorpresa<\/strong>. Ambas eligieron este momento tan especial del a\u00f1o para anunciar la buena nueva.<\/p>\n<p><img loading=\"lazy\" decoding=\"async\" alt=\"De David Beckham a Sienna Miller y el pr\u00edncipe Guillermo: los otros famosos que han sido v\u00edctimas de 'hackers' y esp\u00edas\" height=\"180\" src=\"https:\/\/www.europesays.com\/es\/wp-content\/uploads\/2025\/12\/918668820_252561478_320x180.jpg\" width=\"320\" data-lazy-status=\"processed\" data-lazy-info=\"remove loading item 1\"\/><\/p>\n<p class=\"paragraph\" data-end=\"1435\" data-start=\"1024\" id=\"paragraph_5\">La primera en llegar a la gala ha sido <strong>Sienna Miller,<\/strong> que lo ha hecho presumiendo de curvas premam\u00e1 con un vestido blanco de inspiraci\u00f3n nupcial, escote estructurado y corte imperio que creaba un gran volumen.<\/p>\n<p class=\"paragraph\" data-end=\"1435\" data-start=\"1024\" id=\"paragraph_6\">La actriz hab\u00eda mantenido la noticia en secreto hasta que unas fotograf\u00edas recientes hicieron saltar las sospechas hace unas semanas. Finalmente,<strong> s\u00ed: la actriz, de 43 a\u00f1os, est\u00e1 embarazada de su tercer hijo.<\/strong><\/p>\n<p><img decoding=\"async\" alt=\"Sienna Miller en los Fashion Awards 2025 en Londres.\" height=\"1668\" loading=\"lazy\" width=\"1706\" data-lazy-status=\"processed\" id=\"ad4d89cbe3\" src=\"https:\/\/www.elespanol.com\/corazon\/celebrities\/20251202\/doble-sorpresa-fashion-awards-sienna-miller-ellie-goulding-revelan-embarazadas\/[\" https:=\"\" data-lazy-info=\"changed src\"\/><\/p>\n<p>                                                            Sienna Miller en los Fashion Awards 2025 en Londres.<\/p>\n<p>                    Gtres<\/p>\n<p class=\"paragraph\" data-end=\"1825\" data-start=\"1437\" id=\"paragraph_7\">La int\u00e9rprete de American Woman pos\u00f3 en este evento que inaugura la temporada festiva junto a su pareja, <strong>Oli Green<\/strong> (28). La pareja de actores se convirti\u00f3 en padres por primera vez en enero de 2024 con el nacimiento de una ni\u00f1a, la segunda hija para Miller.<\/p>\n<p class=\"paragraph\" data-end=\"1825\" data-start=\"1437\" id=\"paragraph_8\">Su primog\u00e9nita naci\u00f3 durante su relaci\u00f3n con el actor y director Tom Sturridge, quien actualmente comparte su vida con <strong>Alexa Chung<\/strong> (42).<\/p>\n<p>Ellie Goulding<\/p>\n<p class=\"paragraph\" data-end=\"2061\" data-start=\"1827\" id=\"paragraph_9\">Por otro lado, <strong>Ellie Goulding<\/strong> no ha querido ocultar su tripita de embarazada y la mostr\u00f3 desde el primer momento en que pis\u00f3 la alfombra roja. La cantante no quiso disimular nada; al contrario, decidi\u00f3 gritarlo a los cuatro vientos.<\/p>\n<p class=\"paragraph\" data-end=\"2319\" data-start=\"2063\" id=\"paragraph_10\">Con un total look negro compuesto por bermudas, maxiabrigo y top, <strong>Goulding dejaba ver c\u00f3mo su barriguita va creciendo<\/strong>. Su sonrisa delataba la felicidad que irradiaba, y pos\u00f3 ante las c\u00e1maras con la ilusi\u00f3n de quien est\u00e1 viviendo un gran momento personal.<\/p>\n<p><img decoding=\"async\" alt=\"Ellie Goulding en los Fashion Awards 2025 en Londres.\" data-imgm=\"true\" height=\"854\" loading=\"lazy\"  src=\"https:\/\/www.europesays.com\/es\/wp-content\/uploads\/2025\/12\/1003744038271_260258401_1280x1706.jpg\"  width=\"640\"\/><\/p>\n<p>                                                            Ellie Goulding en los Fashion Awards 2025 en Londres.<\/p>\n<p>                    Gtres<\/p>\n<p class=\"paragraph\" data-end=\"2715\" data-start=\"2321\" id=\"paragraph_11\">La artista espera a su primer hijo junto a <strong>Beau Minniear<\/strong> (28), un actor estadounidense diez a\u00f1os menor que ella, a quien conoci\u00f3 a principios de 2025.<\/p>\n<p class=\"paragraph\" data-end=\"2715\" data-start=\"2321\" id=\"paragraph_12\">La relaci\u00f3n se hizo p\u00fablica el pasado verano, cuando fueron fotografiados en las gradas del estadio de Wembley durante una competici\u00f3n de boxeo. \u00abA Ellie le gusta Beau y <strong>tienen muchos intereses en com\u00fan<\/strong>\u00ab, revelaba entonces una fuente a The Sun.<\/p>\n<p class=\"paragraph\" data-end=\"2997\" data-start=\"2717\" id=\"paragraph_13\">Ahora, la pareja, que lleva varios meses junta -aunque a\u00fan no alcanzan el a\u00f1o-, se prepara para convertirse en padres y formar su propia familia. Cabe destacar que Goulding ya es madre de Arthur (4), de cuatro a\u00f1os, fruto de su matrimonio con <strong>Caspar Jopling<\/strong> (33), un comerciante de arte.<\/p>\n<p class=\"paragraph\" data-end=\"3240\" data-start=\"2999\" id=\"paragraph_14\">El evento londinense se ha convertido as\u00ed en noticia gracias al doble baby boom de las artistas. Tambi\u00e9n acudieron a esta gala figuras tan reconocidas como <strong>Katy Perry<\/strong> (41), <strong>Orlando Bloom<\/strong> (48) y la mism\u00edsima <strong>Sarah Ferguson<\/strong> (66), acompa\u00f1ada de sus hijas.<\/p>\n","protected":false},"excerpt":{"rendered":"Diciembre llega con buenas noticias para Sienna Miller (43 a\u00f1os) y Ellie Goulding (38). La actriz y la&hellip;\n","protected":false},"author":2,"featured_media":268471,"comment_status":"","ping_status":"","sticky":false,"template":"","format":"standard","meta":{"footnotes":""},"categories":[170],"tags":[1015,255,929,146,147,25,24,367,7228,184,185,532,23],"class_list":{"0":"post-268470","1":"post","2":"type-post","3":"status-publish","4":"format-standard","5":"has-post-thumbnail","7":"category-musica","8":"tag-actrices","9":"tag-celebrities","10":"tag-embarazo","11":"tag-entertainment","12":"tag-entretenimiento","13":"tag-es","14":"tag-espana","15":"tag-familia","16":"tag-londres","17":"tag-music","18":"tag-musica","19":"tag-premios","20":"tag-spain"},"share_on_mastodon":{"url":"https:\/\/pubeurope.com\/@es\/115653988536100058","error":""},"_links":{"self":[{"href":"https:\/\/www.europesays.com\/es\/wp-json\/wp\/v2\/posts\/268470","targetHints":{"allow":["GET"]}}],"collection":[{"href":"https:\/\/www.europesays.com\/es\/wp-json\/wp\/v2\/posts"}],"about":[{"href":"https:\/\/www.europesays.com\/es\/wp-json\/wp\/v2\/types\/post"}],"author":[{"embeddable":true,"href":"https:\/\/www.europesays.com\/es\/wp-json\/wp\/v2\/users\/2"}],"replies":[{"embeddable":true,"href":"https:\/\/www.europesays.com\/es\/wp-json\/wp\/v2\/comments?post=268470"}],"version-history":[{"count":0,"href":"https:\/\/www.europesays.com\/es\/wp-json\/wp\/v2\/posts\/268470\/revisions"}],"wp:featuredmedia":[{"embeddable":true,"href":"https:\/\/www.europesays.com\/es\/wp-json\/wp\/v2\/media\/268471"}],"wp:attachment":[{"href":"https:\/\/www.europesays.com\/es\/wp-json\/wp\/v2\/media?parent=268470"}],"wp:term":[{"taxonomy":"category","embeddable":true,"href":"https:\/\/www.europesays.com\/es\/wp-json\/wp\/v2\/categories?post=268470"},{"taxonomy":"post_tag","embeddable":true,"href":"https:\/\/www.europesays.com\/es\/wp-json\/wp\/v2\/tags?post=268470"}],"curies":[{"name":"wp","href":"https:\/\/api.w.org\/{rel}","templated":true}]}}