{"id":268472,"date":"2025-12-03T05:29:31","date_gmt":"2025-12-03T05:29:31","guid":{"rendered":"https:\/\/www.europesays.com\/es\/268472\/"},"modified":"2025-12-03T05:29:31","modified_gmt":"2025-12-03T05:29:31","slug":"brad-pitt-dicaprio-y-el-nuevo-misterio-de-punales-por-la-espalda","status":"publish","type":"post","link":"https:\/\/www.europesays.com\/es\/268472\/","title":{"rendered":"Brad Pitt, DiCaprio y el nuevo misterio de &#8216;Pu\u00f1ales por la espalda&#8217;"},"content":{"rendered":"<p>El mes de diciembre ya ha arrancado y como suele ser habitual en <a href=\"https:\/\/okdiario.com\/trailer\/5-estrenos-imprescindibles-movistar-plus-diciembre-robert-niro-leiva-tierno-drama-frances-15849863\" rel=\"nofollow noopener\" target=\"_blank\">las plataformas<\/a> de v\u00eddeo bajo demanda, las diferentes marcas posicionando <strong>sus novedades m\u00e1s relevantes<\/strong> en el calendario mensual. Un intento de seguir siendo productos atractivos para sus suscriptores y de paso, atraer a nuevos espectadores a su abanico de contenidos. As\u00ed, si en las pr\u00f3ximas semanas<a href=\"https:\/\/okdiario.com\/trailer\/estrenos-diciembre-avatar-fuego-ceniza-salto-oscuro-saga-james-cameron-15835268\" rel=\"nofollow noopener\" target=\"_blank\"> las salas de cine<\/a> se nutrir\u00e1n con algunos de los proyectos relevantes en la carrera de los Oscar, el mercado de transmisi\u00f3n de contenidos online no ser\u00e1 menor. Estos son <strong>los 7 mejores estrenos de diciembre<\/strong> que no te puedes perder en el streaming:<\/p>\n<p>Los 7 mejores estrenos de diciembre en el streamingNetflix1-\u2018Jay Kelly\u2019<\/p>\n<p><img loading=\"lazy\" decoding=\"async\" class=\"wp-image-15240952 size-medium\" alt=\"estrenos streaming diciembre\" width=\"620\" height=\"349\"  src=\"https:\/\/www.europesays.com\/es\/wp-content\/uploads\/2025\/12\/68924e47810ef_cropped-620x349.jpg\" \/> \u2018Jay Kelly\u2019 (Netflix).<\/p>\n<p>Dirigida por<strong> Noah Cumberbatch<\/strong>, responsable de <a href=\"https:\/\/www.netflix.com\/es\/title\/80223779\" rel=\"nofollow noopener\" target=\"_blank\">Historia de un matrimonio<\/a>, Jay Kelly nos pone en la piel de una estrella de cine en plena crisis vital. Ante la inminente retrospectiva y homenaje que va a recibir en un importante Festival de Cine, el actor deber\u00e1 enfrentarse a varias cuentas pendientes de personas que pasaron por su vida.<\/p>\n<ul>\n<li>Reparto: George Clooney, Adam Sandler, Laura Dern, Billy Crudup, Riley Kough,Grace Edwards, Stacy Keach y Jim Broadbent, entre otros.<\/li>\n<li>Fecha de estreno: d\u00eda <strong>5 de diciembre<\/strong><\/li>\n<\/ul>\n<p>2-\u2018Pu\u00f1ales por la espalda: De entre los muertos\u2019<\/p>\n<p><img loading=\"lazy\" decoding=\"async\" class=\"size-medium wp-image-15376065\" alt=\"Pu\u00f1ales por la espalda 3\" width=\"620\" height=\"349\"  src=\"https:\/\/www.europesays.com\/es\/wp-content\/uploads\/2025\/12\/mv5bnmvkzthkytktzdhlyi00ntbmltlhzgmtymrindu2mdvjndyxxkeyxkfqcgdeqxz3zxnszxk-._v1__cropped-620x349.jp.jpeg\" \/> \u2018Pu\u00f1ales por la espalda: De entre los muertos\u2019 (Netflix).<\/p>\n<p>El tercer caso del detective<strong> Benoit Blanc<\/strong> se anticipa como el m\u00e1s complejo de su carrera. Un crimen imposible en el que los adeptos de la iglesia de un peque\u00f1o pueblo son los principales sospechosos. Como siempre, el cineasta Rian Johnson configura<strong> un casting repleto de estrellas<\/strong> que propiciar\u00e1n sus ya originales y creativos giros argumentales.<\/p>\n<ul>\n<li>Reparto: Daniel Craig, Josh O\u2019Connor, Glenn Close, Josh Brolin, Mila Kunis, Jeremy Renner, Kerry Washington, Andrew Scott y Cailee Spaeny<\/li>\n<li>Fecha de estreno: D\u00eda <strong>12 de diciembre<\/strong><\/li>\n<\/ul>\n<p>Prime Video3-\u2018Strangers: Cap\u00edtulo 2\u2019<\/p>\n<p><img loading=\"lazy\" decoding=\"async\" class=\"wp-image-15477739 size-medium\" alt=\"estrenos streaming diciembre\" width=\"620\" height=\"349\"  src=\"https:\/\/www.europesays.com\/es\/wp-content\/uploads\/2025\/12\/2025092603394049667_cropped-620x349.jpg\" \/> \u2018Strangers: Cap\u00edtulo 2\u2019 (Lions Gate Films).<\/p>\n<p>El 2025 nos ha regalado grandes t\u00edtulos del <strong>g\u00e9nero del horror<\/strong> y uno de ellos es la secuela de Renny Harlin. Strangers: cap\u00edtulo 2 es uno de los estrenos m\u00e1s llamativos del streaming en diciembre. Aqu\u00ed, cuando el veh\u00edculo de una pareja se aver\u00eda de <strong>camino a su luna de miel<\/strong>, su remoto Airbnb no supondr\u00e1 un refugio seguro cuando tres desconocidos enmascarados los aterroricen hasta el amanecer.<\/p>\n<ul>\n<li>Reparto: Madelaine Petsch, Gabriel Basso, Richard Brake, Froy Gutierrez y Rachel Shenton<\/li>\n<li>Fecha de estreno: D\u00eda <strong>28 de diciembre<\/strong><\/li>\n<\/ul>\n<p>Filmin4-\u2018Good Boy\u2019<\/p>\n<p><img loading=\"lazy\" decoding=\"async\" class=\"size-medium wp-image-15232253\" alt=\"Good Boy cine de terror\" width=\"620\" height=\"349\"  src=\"https:\/\/www.europesays.com\/es\/wp-content\/uploads\/2025\/12\/good-boy-indy-in-woods_cropped-620x349.jpg\" \/> \u2018Good Boy\u2019 (What\u2019s Wrong With Your Dog).<\/p>\n<p>Contada bajo <strong>la perspectiva de un perro<\/strong>, Good Boy es el \u00faltimo fen\u00f3meno del terror. El motivo, m\u00e1s all\u00e1 de la ternura que despierta el animal, reside en la original apuesta que muchos han visto como una especie de cinta de acci\u00f3n real de la serie de animaci\u00f3n, <strong>Agallas, el perro cobarde<\/strong>.<\/p>\n<ul>\n<li>Reparto: Shane Jensen, Arielle Friedman, Larry Fessenden y Stuart Rudin<\/li>\n<li>Fecha de estreno: D\u00eda <strong>19 de diciembre<\/strong><\/li>\n<\/ul>\n<p>HBO5-\u2018Una batalla tras otra\u2019<\/p>\n<p><img loading=\"lazy\" decoding=\"async\" class=\"size-medium wp-image-15620504\" alt=\"\" width=\"620\" height=\"349\"  src=\"https:\/\/www.europesays.com\/es\/wp-content\/uploads\/2025\/11\/whatsapp-image-2025-09-28-at-11.54.49-am_cropped-620x349.jpg\" \/> \u2018Una batalla tras otra\u2019 (Warner Bros).<\/p>\n<p>Es una de las grandes favoritas de cara a los Oscar de 2026 y por tanto es uno de los estrenos del streaming en diciembre que debes ver s\u00ed o s\u00ed. Dirigida por <strong>Paul Thomas Anderson<\/strong> (Magnolia, Boogie Nights), Una batalla tras otra adapta la compleja novela Vineland de Thomas Pynchon con un elenco fant\u00e1stico de estrellas y la banda sonora de un Jonny Greenwood que vuelve a formar un t\u00e1ndem espectacular junto a Anderson. La trama nos sit\u00faa en el regreso a la acci\u00f3n de un ex revolucionario, cuando <strong>su hija es secuestrada<\/strong> por un antiguo enemigo.<\/p>\n<ul>\n<li>Reparto: Leonardo Dicaprio, Sean Penn, Chase Infiniti, Benicio del Toro, Teyana Taylor, Regine Hall y Tony Goldwyn<\/li>\n<li>Fecha de estreno: D\u00eda <strong>19 de diciembre<\/strong><\/li>\n<\/ul>\n<p>Apple TV +6-\u2018F1: La pel\u00edcula\u2019<\/p>\n<p><img loading=\"lazy\" decoding=\"async\" class=\"size-medium wp-image-15022869\" alt=\"F1\" width=\"620\" height=\"349\"  src=\"https:\/\/www.europesays.com\/es\/wp-content\/uploads\/2025\/12\/f1-la-pelicula-applewarner-bros.-620x349.jpg\" \/> \u2018F1: La peli\u0301cula\u2019 (Apple\/Warner Bros).<\/p>\n<p>El equipo de<strong> Top Gun: Maverick <\/strong>baja al asfalto, pero sigue adicto a la velocidad. F1: La pel\u00edcula es el filme m\u00e1s realista que jam\u00e1s se ha rodado sobre el automovilismo, implicando en la cinta a varios pilotos profesionales. El veterano piloto <strong>Sonny Hayes<\/strong> debe volver a la competencia para intentar salvar la escuder\u00eda de su viejo amigo, Rub\u00e9n Cervantes.<\/p>\n<ul>\n<li>Reparto: Brad Pitt, Damson Idris, Kerry Condon, Javier Bardem, Tobias Menzies, Kim Bodnia y Sarah Niles, entre otros.<\/li>\n<li>Fecha de estreno: d\u00eda <strong>12 de diciembre<\/strong><\/li>\n<\/ul>\n<p>Skyshowtime7-\u2018C\u00f3mo entrenar a tu drag\u00f3n\u2019<\/p>\n<p><img loading=\"lazy\" decoding=\"async\" class=\"size-medium wp-image-14551954\" alt=\"C\u00f3mo entrenar a tu drag\u00f3n\" width=\"620\" height=\"349\"  src=\"https:\/\/www.europesays.com\/es\/wp-content\/uploads\/2025\/12\/como-entrenar-dragon-2025-4276208_cropped-620x349.jpg\" \/> \u2018C\u00f3mo entrenar a tu drag\u00f3n\u2019 (DreamWorks).<\/p>\n<p>DreamWorks no quiere perderse la tendencia exitosa de los live action y por ello, el lanzamiento de C\u00f3mo entrenar a tu drag\u00f3n fue un aut\u00e9ntico fen\u00f3meno de \u00e9xito el pasado verano. <strong>636 millones de d\u00f3lares de recaudaci\u00f3n<\/strong> que auguran toda una serie de futuras adaptaciones al formato.<\/p>\n<ul>\n<li>Reparto: Mason Thames, Gerard Butler, Nico parker, Nick Frost, Julian Dennison, Gabriel Howell y Bronwyn James, entre otros<\/li>\n<li>Fecha de estreno: d\u00eda <strong>25 de diciembre<\/strong><\/li>\n<\/ul>\n","protected":false},"excerpt":{"rendered":"El mes de diciembre ya ha arrancado y como suele ser habitual en las plataformas de v\u00eddeo bajo&hellip;\n","protected":false},"author":2,"featured_media":268473,"comment_status":"","ping_status":"","sticky":false,"template":"","format":"standard","meta":{"footnotes":""},"categories":[169],"tags":[177,146,147,25,24,176,175,23],"class_list":{"0":"post-268472","1":"post","2":"type-post","3":"status-publish","4":"format-standard","5":"has-post-thumbnail","7":"category-cine","8":"tag-cine","9":"tag-entertainment","10":"tag-entretenimiento","11":"tag-es","12":"tag-espana","13":"tag-film","14":"tag-movies","15":"tag-spain"},"share_on_mastodon":{"url":"https:\/\/pubeurope.com\/@es\/115653992478505386","error":""},"_links":{"self":[{"href":"https:\/\/www.europesays.com\/es\/wp-json\/wp\/v2\/posts\/268472","targetHints":{"allow":["GET"]}}],"collection":[{"href":"https:\/\/www.europesays.com\/es\/wp-json\/wp\/v2\/posts"}],"about":[{"href":"https:\/\/www.europesays.com\/es\/wp-json\/wp\/v2\/types\/post"}],"author":[{"embeddable":true,"href":"https:\/\/www.europesays.com\/es\/wp-json\/wp\/v2\/users\/2"}],"replies":[{"embeddable":true,"href":"https:\/\/www.europesays.com\/es\/wp-json\/wp\/v2\/comments?post=268472"}],"version-history":[{"count":0,"href":"https:\/\/www.europesays.com\/es\/wp-json\/wp\/v2\/posts\/268472\/revisions"}],"wp:featuredmedia":[{"embeddable":true,"href":"https:\/\/www.europesays.com\/es\/wp-json\/wp\/v2\/media\/268473"}],"wp:attachment":[{"href":"https:\/\/www.europesays.com\/es\/wp-json\/wp\/v2\/media?parent=268472"}],"wp:term":[{"taxonomy":"category","embeddable":true,"href":"https:\/\/www.europesays.com\/es\/wp-json\/wp\/v2\/categories?post=268472"},{"taxonomy":"post_tag","embeddable":true,"href":"https:\/\/www.europesays.com\/es\/wp-json\/wp\/v2\/tags?post=268472"}],"curies":[{"name":"wp","href":"https:\/\/api.w.org\/{rel}","templated":true}]}}