{"id":268480,"date":"2025-12-03T05:35:09","date_gmt":"2025-12-03T05:35:09","guid":{"rendered":"https:\/\/www.europesays.com\/es\/268480\/"},"modified":"2025-12-03T05:35:09","modified_gmt":"2025-12-03T05:35:09","slug":"joaquin-guzman-lopez-estados-unidos-persiste-en-la-caceria-de-los-chapitos-faltan-dos","status":"publish","type":"post","link":"https:\/\/www.europesays.com\/es\/268480\/","title":{"rendered":"Joaqu\u00edn Guzm\u00e1n L\u00f3pez: Estados Unidos persiste en la cacer\u00eda de Los Chapitos: \u201cFaltan dos\u201d"},"content":{"rendered":"<p class=\"\">Estados Unidos ha puesto el foco sobre Los Chapitos desde que <a href=\"https:\/\/elpais.com\/mexico\/2025-12-01\/joaquin-guzman-lopez-hijo-del-chapo-reconoce-haber-secuestrado-a-el-mayo-zambada-cuando-lo-entrego-a-las-autoridades-de-eeuu.html\" target=\"_self\" rel=\"nofollow noopener\" title=\"https:\/\/elpais.com\/mexico\/2025-12-01\/joaquin-guzman-lopez-hijo-del-chapo-reconoce-haber-secuestrado-a-el-mayo-zambada-cuando-lo-entrego-a-las-autoridades-de-eeuu.html\">Joaqu\u00edn Guzm\u00e1n L\u00f3pez<\/a>, hijo de Joaqu\u00edn El Chapo Guzm\u00e1n, se declarase el lunes culpable de narcotr\u00e1fico y de formar parte del Cartel de Sinaloa ante un juzgado de Illinois. Guzm\u00e1n L\u00f3pez, de 39 a\u00f1os, se convert\u00eda en el segundo familiar en reconocer su vida criminal ante Washington. <a href=\"https:\/\/elpais.com\/mexico\/2025-07-12\/ovidio-el-raton-el-primero-de-los-guzman-en-pactar-con-estados-unidos.html\" target=\"_self\" rel=\"nofollow noopener\" title=\"https:\/\/elpais.com\/mexico\/2025-07-12\/ovidio-el-raton-el-primero-de-los-guzman-en-pactar-con-estados-unidos.html\">Su hermano Ovidio<\/a> lo hizo un tiempo antes, al reconocer su participaci\u00f3n en el narco el pasado 11 de julio ante la misma jueza, Sharon Johnson. La Administraci\u00f3n de Donald Trump ha celebrado las palabras de Guzm\u00e1n L\u00f3pez, pero tambi\u00e9n ha reconocido que sus hermanos Iv\u00e1n Archivaldo, Jes\u00fas Alfredo, por los que ofrecen 10 millones de d\u00f3lares, contin\u00faan fugitivos: \u201cDos cayeron, faltan dos\u201d. Son las \u00faltimas piezas del clan Guzm\u00e1n en el tablero del Cartel de Sinaloa, pero tambi\u00e9n dos de los objetivos clave en la cacer\u00eda de las autoridades estadounidenses contra los carteles mexicanos. <\/p>\n<p class=\"\">La fiscal General estadounidense, Pamela Bondi, ha expuesto la satisfacci\u00f3n del Ejecutivo por lo ocurrido. \u201cEs una gran victoria contra el <a href=\"https:\/\/elpais.com\/mexico\/2025-12-01\/golpe-al-cartel-de-sinaloa-abatido-pedro-n-alias-el-pichon-tras-enfrentamientos-con-la-marina-durante-un-cateo-en-guasave-y-ahome.html\" target=\"_self\" rel=\"nofollow noopener\" title=\"https:\/\/elpais.com\/mexico\/2025-12-01\/golpe-al-cartel-de-sinaloa-abatido-pedro-n-alias-el-pichon-tras-enfrentamientos-con-la-marina-durante-un-cateo-en-guasave-y-ahome.html\">Cartel de Sinaloa <\/a>y subraya la hist\u00f3rica y en\u00e9rgica campa\u00f1a de la Administraci\u00f3n Trump para desmantelar las organizaciones terroristas que atacan al pueblo estadounidense\u201d, ha expuesto en un comunicado difundido por el Departamento de Justicia. La fiscal ha remarcado que el cartel sinaloense \u201cha dedicado d\u00e9cadas a destruir familias estadounidenses mediante la violencia brutal y el narcotr\u00e1fico letal\u201d.<\/p>\n<p class=\"\">El fiscal Matthew R. Galeotti ha expuesto que bajo el liderazgo de Guzm\u00e1n L\u00f3pez y sus asociados, el hist\u00f3rico cartel mexicano \u201cpropag\u00f3 la violencia y soborn\u00f3 a funcionarios p\u00fablicos para proteger sus negocios il\u00edcitos\u201d. \u201cLa Divisi\u00f3n Penal y nuestros socios no descansar\u00e1n hasta desmantelar por completo a los carteles criminales cuya violencia despiadada y distribuci\u00f3n letal de narc\u00f3ticos amenazan la seguridad y la salud del pueblo estadounidense\u201d, ha expuesto R. Galeotti, jefe de la divisi\u00f3n. <\/p>\n<p class=\"\">Guzm\u00e1n L\u00f3pez tambi\u00e9n reconoci\u00f3 ante la magistrada haber cometido el secuestro internacional de<a href=\"https:\/\/elpais.com\/mexico\/2025-12-02\/un-juez-de-nueva-york-adelanta-al-12-de-enero-la-fecha-para-conocer-la-sentencia-de-ismael-el-mayo-zambada.html\" target=\"_self\" rel=\"nofollow noopener\" title=\"https:\/\/elpais.com\/mexico\/2025-12-02\/un-juez-de-nueva-york-adelanta-al-12-de-enero-la-fecha-para-conocer-la-sentencia-de-ismael-el-mayo-zambada.html\"> Ismael El Mayo Zambada<\/a>, uno de los socios hist\u00f3ricos del Chapo, para entregarlo a las autoridades estadounidenses. La maniobra, que supuso el traslado de Zambada de Sinaloa a El Paso, Texas, tambi\u00e9n supuso la rendici\u00f3n de Guzm\u00e1n L\u00f3pez ante Washington. El Departamento de Justicia apunta a que las condenas por los primeros delitos van desde los 10 a\u00f1os de prisi\u00f3n a la cadena perpetua. El hijo del Chapo ya acept\u00f3 pagar 80 millones de d\u00f3lares en su declaraci\u00f3n, atribuibles al tr\u00e1fico de diferentes drogas: 36 kilogramos de fentanilo, 90 de hero\u00edna, 450 de coca\u00edna, 45 de metanfetamina y 90.000 de marihuana.<\/p>\n<p class=\"\"><a href=\"https:\/\/elpais.com\/mexico\/2025-02-19\/estados-unidos-designa-como-organizaciones-terroristas-globales-a-seis-carteles-mexicanos-y-dos-pandillas.html\" target=\"_self\" rel=\"nofollow noopener\" title=\"https:\/\/elpais.com\/mexico\/2025-02-19\/estados-unidos-designa-como-organizaciones-terroristas-globales-a-seis-carteles-mexicanos-y-dos-pandillas.html\">El t\u00e9rmino \u201cterrorista\u201d<\/a> utilizado por Bondi para describir al cartel mexicano ahonda en la pol\u00e9mica pol\u00edtica impulsada por el presidente estadounidense, Donald Trump, que design\u00f3 a esos grupos criminales como organizaciones terroristas, una medida que, de acuerdo a los especialistas, podr\u00eda vulnerar la soberan\u00eda de M\u00e9xico. Es parte de la discusi\u00f3n que ambos pa\u00edses han mantenido en el \u00faltimo a\u00f1o. \u201cNo le va a gustar a M\u00e9xico\u201d, expuso el magnate mientras firmaba el decreto el pasado 20 de enero. La fiscal federal Andrew S. Boutros ha expuesto que esa implementaci\u00f3n del Ejecutivo \u201cno ha hecho m\u00e1s que reforzar\u201d la determinaci\u00f3n para rastrear y exigir responsabilidades a los grupos criminales. La presidenta mexicana, Claudia Sheinbaum, ha reiterado de manera constante su rechazo a cualquier pol\u00edtica que conlleve el intervencionismo exterior en el pa\u00eds.<\/p>\n","protected":false},"excerpt":{"rendered":"Estados Unidos ha puesto el foco sobre Los Chapitos desde que Joaqu\u00edn Guzm\u00e1n L\u00f3pez, hijo de Joaqu\u00edn El&hellip;\n","protected":false},"author":2,"featured_media":268481,"comment_status":"","ping_status":"","sticky":false,"template":"","format":"standard","meta":{"footnotes":""},"categories":[42],"tags":[889,17,18,28366,28368,352,629,13,14,11,61,62,63,64,28365,66157,19,20,1804,1906,7337,9,10,15,16,18509,12,21,22,65,66,67],"class_list":{"0":"post-268480","1":"post","2":"type-post","3":"status-publish","4":"format-standard","5":"has-post-thumbnail","7":"category-internacional","8":"tag-america","9":"tag-breaking-news","10":"tag-breakingnews","11":"tag-cartel-de-sinaloa","12":"tag-chapo-guzman","13":"tag-donald-trump","14":"tag-estados-unidos","15":"tag-featured-news","16":"tag-featurednews","17":"tag-headlines","18":"tag-internacional","19":"tag-international","20":"tag-international-news","21":"tag-internationalnews","22":"tag-ismael-el-mayo-zambada","23":"tag-joaquin-guzman-lopez","24":"tag-latest-news","25":"tag-latestnews","26":"tag-latinoamerica","27":"tag-mexico","28":"tag-narcotrafico","29":"tag-news","30":"tag-noticias","31":"tag-noticias-destacadas","32":"tag-noticiasdestacadas","33":"tag-pam-bondi","34":"tag-titulares","35":"tag-ultimas-noticias","36":"tag-ultimasnoticias","37":"tag-world","38":"tag-world-news","39":"tag-worldnews"},"share_on_mastodon":{"url":"","error":"Validation failed: Text character limit of 500 exceeded"},"_links":{"self":[{"href":"https:\/\/www.europesays.com\/es\/wp-json\/wp\/v2\/posts\/268480","targetHints":{"allow":["GET"]}}],"collection":[{"href":"https:\/\/www.europesays.com\/es\/wp-json\/wp\/v2\/posts"}],"about":[{"href":"https:\/\/www.europesays.com\/es\/wp-json\/wp\/v2\/types\/post"}],"author":[{"embeddable":true,"href":"https:\/\/www.europesays.com\/es\/wp-json\/wp\/v2\/users\/2"}],"replies":[{"embeddable":true,"href":"https:\/\/www.europesays.com\/es\/wp-json\/wp\/v2\/comments?post=268480"}],"version-history":[{"count":0,"href":"https:\/\/www.europesays.com\/es\/wp-json\/wp\/v2\/posts\/268480\/revisions"}],"wp:featuredmedia":[{"embeddable":true,"href":"https:\/\/www.europesays.com\/es\/wp-json\/wp\/v2\/media\/268481"}],"wp:attachment":[{"href":"https:\/\/www.europesays.com\/es\/wp-json\/wp\/v2\/media?parent=268480"}],"wp:term":[{"taxonomy":"category","embeddable":true,"href":"https:\/\/www.europesays.com\/es\/wp-json\/wp\/v2\/categories?post=268480"},{"taxonomy":"post_tag","embeddable":true,"href":"https:\/\/www.europesays.com\/es\/wp-json\/wp\/v2\/tags?post=268480"}],"curies":[{"name":"wp","href":"https:\/\/api.w.org\/{rel}","templated":true}]}}