{"id":268492,"date":"2025-12-03T05:50:11","date_gmt":"2025-12-03T05:50:11","guid":{"rendered":"https:\/\/www.europesays.com\/es\/268492\/"},"modified":"2025-12-03T05:50:11","modified_gmt":"2025-12-03T05:50:11","slug":"eduardo-casanova-lanza-una-rotunda-queja-contra-tve-desde-la-revuelta","status":"publish","type":"post","link":"https:\/\/www.europesays.com\/es\/268492\/","title":{"rendered":"Eduardo Casanova lanza una rotunda queja contra TVE desde &#8216;La revuelta&#8217;"},"content":{"rendered":"\n<p> Anoche, Eduardo Casanova y Mar\u00eda Le\u00f3n acudieron a La revuelta para promocionar Silencio, una nueva miniserie de terror sobre vampiras que sobreviven a la Peste Negra y a conflictos sociales siglos despu\u00e9s. Casanova dirige esta ficci\u00f3n de Movistar Plus+ con la que reflexiona sobre <strong>c\u00f3mo es convivir con el estigma del VIH en la actualidad.<\/strong> <\/p>\n<p> El director aprovech\u00f3 su presencia en <a href=\"https:\/\/www.elconfidencial.com\/tags\/personajes\/la-revuelta-21430\/\" target=\"_self\" rel=\"nofollow noopener\">La revuelta<\/a> para explicar que indetectable es igual a intransmisible: \u00abA d\u00eda de hoy, <strong>las personas con VIH que toman una medicaci\u00f3n son indetectables y, por lo cual, son intransmisibles<\/strong>\u00ab, declar\u00f3 Eduardo Casanova, a\u00f1adiendo que el 96% de habitantes espa\u00f1oles que tienen el VIH se encuentran en tratamiento. <\/p>\n<p> Mientras tanto, Mar\u00eda Le\u00f3n quiso alertar a la audiencia de que el VIH no solo lo contraen los hombres homosexuales:<strong> \u00abHa subido much\u00edsimo el dato de contagio en mujeres, por eso es importante que se revisen\u00bb<\/strong>, expres\u00f3 la actriz. Tras esto, <a href=\"https:\/\/www.elconfidencial.com\/tags\/personajes\/david-broncano-20102\/\" target=\"_self\" rel=\"nofollow noopener\">David Broncano<\/a> confundi\u00f3 el sida con el VIH, por lo que Eduardo Casanova quiso explicar la diferencia. <\/p>\n<p> \u00ab<strong>El VIH y el sida son dos cosas completamente diferentes<\/strong>. El VIH es el virus de la inmunodeficiencia humana y el sida es la enfermedad que adquieres si no tomas la medicaci\u00f3n durante mucho tiempo\u00bb, explic\u00f3 Casanova, subrayando que, hoy en d\u00eda, \u00abel sida tampoco te mata\u00bb y que <strong>el porcentaje de personas con esta enfermedad \u00abes pr\u00e1cticamente inexistente en Espa\u00f1a\u00bb.<\/strong> <\/p>\n<p>               Eduardo Casanova y Mar\u00eda Le\u00f3n en &#8216;La revuelta&#8217;. (RTVE)             <\/p>\n<p> El lunes, <strong>1 de diciembre, fue el D\u00eda Internacional de la Lucha contra el Sida<\/strong>, por lo que Movistar Plus+ aprovech\u00f3 para estrenar Silencio. Ante esto, Eduardo Casanova no dud\u00f3 en lanzar una rotunda queja contra Televisi\u00f3n Espa\u00f1ola desde La revuelta: \u00abMira que yo soy de TVE, <strong>que soy rojo, pero ech\u00e9 en falta un lazito rojo<\/strong>\u00ab, lament\u00f3 el director, haciendo referencia los peque\u00f1os r\u00f3tulos que aparecen en el lado superior de la pantalla. <\/p>\n<p> Anoche, Eduardo Casanova y Mar\u00eda Le\u00f3n acudieron a La revuelta para promocionar Silencio, una nueva miniserie de terror sobre vampiras que sobreviven a la Peste Negra y a conflictos sociales siglos despu\u00e9s. Casanova dirige esta ficci\u00f3n de Movistar Plus+ con la que reflexiona sobre <strong>c\u00f3mo es convivir con el estigma del VIH en la actualidad.<\/strong> <\/p>\n","protected":false},"excerpt":{"rendered":"Anoche, Eduardo Casanova y Mar\u00eda Le\u00f3n acudieron a La revuelta para promocionar Silencio, una nueva miniserie de terror&hellip;\n","protected":false},"author":2,"featured_media":268493,"comment_status":"","ping_status":"","sticky":false,"template":"","format":"standard","meta":{"footnotes":""},"categories":[171],"tags":[146,147,25,24,23,214],"class_list":{"0":"post-268492","1":"post","2":"type-post","3":"status-publish","4":"format-standard","5":"has-post-thumbnail","7":"category-tv","8":"tag-entertainment","9":"tag-entretenimiento","10":"tag-es","11":"tag-espana","12":"tag-spain","13":"tag-tv"},"share_on_mastodon":{"url":"https:\/\/pubeurope.com\/@es\/115654074354470597","error":""},"_links":{"self":[{"href":"https:\/\/www.europesays.com\/es\/wp-json\/wp\/v2\/posts\/268492","targetHints":{"allow":["GET"]}}],"collection":[{"href":"https:\/\/www.europesays.com\/es\/wp-json\/wp\/v2\/posts"}],"about":[{"href":"https:\/\/www.europesays.com\/es\/wp-json\/wp\/v2\/types\/post"}],"author":[{"embeddable":true,"href":"https:\/\/www.europesays.com\/es\/wp-json\/wp\/v2\/users\/2"}],"replies":[{"embeddable":true,"href":"https:\/\/www.europesays.com\/es\/wp-json\/wp\/v2\/comments?post=268492"}],"version-history":[{"count":0,"href":"https:\/\/www.europesays.com\/es\/wp-json\/wp\/v2\/posts\/268492\/revisions"}],"wp:featuredmedia":[{"embeddable":true,"href":"https:\/\/www.europesays.com\/es\/wp-json\/wp\/v2\/media\/268493"}],"wp:attachment":[{"href":"https:\/\/www.europesays.com\/es\/wp-json\/wp\/v2\/media?parent=268492"}],"wp:term":[{"taxonomy":"category","embeddable":true,"href":"https:\/\/www.europesays.com\/es\/wp-json\/wp\/v2\/categories?post=268492"},{"taxonomy":"post_tag","embeddable":true,"href":"https:\/\/www.europesays.com\/es\/wp-json\/wp\/v2\/tags?post=268492"}],"curies":[{"name":"wp","href":"https:\/\/api.w.org\/{rel}","templated":true}]}}