{"id":268506,"date":"2025-12-03T05:59:09","date_gmt":"2025-12-03T05:59:09","guid":{"rendered":"https:\/\/www.europesays.com\/es\/268506\/"},"modified":"2025-12-03T05:59:09","modified_gmt":"2025-12-03T05:59:09","slug":"sanchez-corteja-a-junts-para-intentar-salvar-la-legislatura-sin-garantias-de-exito-espana","status":"publish","type":"post","link":"https:\/\/www.europesays.com\/es\/268506\/","title":{"rendered":"S\u00e1nchez corteja a Junts para intentar salvar la legislatura sin garant\u00edas de \u00e9xito | Espa\u00f1a"},"content":{"rendered":"<p class=\"\">Como sucede casi siempre en La Moncloa, una cosa es lo que se ve y otra lo que se mueve por debajo. Mientras todo el foco est\u00e1 puesto en la debilidad parlamentaria del Gobierno y en la crisis de credibilidad del presidente, Pedro S\u00e1nchez, porque sus <a href=\"https:\/\/elpais.com\/opinion\/2025-11-28\/abalos-un-exministro-en-la-carcel.html\" target=\"_self\" rel=\"nofollow noopener\" title=\"https:\/\/elpais.com\/opinion\/2025-11-28\/abalos-un-exministro-en-la-carcel.html\">dos ex secretarios de organizaci\u00f3n del PSOE han pasado por la c\u00e1rcel<\/a>, el jefe del Gobierno y su equipo negociador no paran de moverse en la sombra en sentido contrario.<\/p>\n<p class=\"\">Cada d\u00eda, de forma discreta, distintos ministros, con F\u00e9lix Bola\u00f1os y Mar\u00eda Jes\u00fas Montero como figuras clave pero tambi\u00e9n con otros muchos participantes, y otros nombres decisivos en la sombra, como el propio expresidente Jos\u00e9 Luis Rodr\u00edguez Zapatero, interlocutor con Junts, el propio Bola\u00f1os con ERC o Antonio Hernando con el PNV y Bildu, van trenzando gestiones secretas para intentar rearmar la mayor\u00eda sobre todo pensando en febrero, cuando vuelva la actividad parlamentaria y tengan que aprobarse decretos decisivos como el de la subida de pensiones, <a href=\"https:\/\/elpais.com\/espana\/2025-01-22\/la-pinza-entre-pp-y-junts-tumba-la-revalorizacion-de-las-pensiones-y-pone-al-gobierno-contra-las-cuerdas.html\" target=\"_self\" rel=\"nofollow noopener\" title=\"https:\/\/elpais.com\/espana\/2025-01-22\/la-pinza-entre-pp-y-junts-tumba-la-revalorizacion-de-las-pensiones-y-pone-al-gobierno-contra-las-cuerdas.html\">que el a\u00f1o pasado Junts tumb\u00f3,<\/a> lo que provoc\u00f3 una crisis que resolvi\u00f3 de nuevo con una negociaci\u00f3n ag\u00f3nica en la que Zapatero fue clave.<\/p>\n<p class=\"\">En ese contexto, Pedro S\u00e1nchez hab\u00eda dado la orden a su equipo de preparar una estrategia para intentar desbloquear la relaci\u00f3n con Junts centr\u00e1ndose en la lista de <a href=\"https:\/\/elpais.com\/espana\/2025-11-06\/junts-anuncia-que-bloqueara-todas-las-leyes-de-sanchez-no-habra-mas-colaboracion-ni-mas-negociacion.html\" target=\"_self\" rel=\"nofollow noopener\" title=\"https:\/\/elpais.com\/espana\/2025-11-06\/junts-anuncia-que-bloqueara-todas-las-leyes-de-sanchez-no-habra-mas-colaboracion-ni-mas-negociacion.html\">\u201cincumplimientos\u201d que hab\u00eda se\u00f1alado Miriam Nogueras<\/a>, la portavoz de los independentistas. <\/p>\n<p class=\"\">Aqu\u00ed entra en juego el pragmatismo extremo de S\u00e1nchez, que le permite cambiar de opini\u00f3n, desmentirse a s\u00ed mismo, o girar en cualquier momento 180 grados siempre que con ello consiga satisfacer a un socio y garantizarse la mayor\u00eda para seguir gobernando. <\/p>\n<p class=\"\">En la sesi\u00f3n del pasado 12 de noviembre, el foco se puso en Nogueras llamando \u201cc\u00ednico\u201d e \u201chip\u00f3crita\u201d al presidente, y muchos interpretaron que estaba todo roto con Junts. Pero S\u00e1nchez, que se quej\u00f3 de esos insultos pero evit\u00f3 contestar, se qued\u00f3 con la segunda parte: la lista de deberes que pon\u00eda Nogueras como puntos para volver a hablar. <\/p>\n<p class=\"\">Y tres semanas despu\u00e9s, el presidente y su equipo organizaron una estrategia, siempre discreta, para dar un golpe de efecto y cortejar a Junts. S\u00e1nchez dio dos entrevistas en medios catalanes seguidas (RAC1 y el canal en catal\u00e1n de TVE, que fue una exigencia de Junts), algo in\u00e9dito, para repetir el mismo mensaje: el presidente se entreg\u00f3 totalmente al discurso de los independentistas, admiti\u00f3 los incumplimientos que hasta ahora negaba, dijo que no habr\u00e1 normalidad pol\u00edtica hasta que no vuelva Puigdemont a Catalu\u00f1a, reivindic\u00f3 el papel de Junts en toda la legislatura y lanz\u00f3 una botella de SOS al mar con la confianza de que los independentistas la encontrar\u00e1n y la abrir\u00e1n.<\/p>\n<p class=\"\">En La Moncloa sostienen que este movimiento no es exactamente fruto de un pacto, porque las negociaciones est\u00e1n rotas. Pero se le parece mucho. El Gobierno sabe qu\u00e9 quiere Junts, porque lo ha dejado claro, y sabe tambi\u00e9n qu\u00e9 le molesta, porque se lo cuenta: que se minimice la crisis, que se nieguen los incumplimientos. A cada queja de Junts, S\u00e1nchez le puso palabras de entrega para restablecer los puentes: \u201cNo niego la gravedad de la crisis con Junts, asumo los incumplimientos y los retrasos\u201d. En una reciente entrevista en EL PA\u00cdS S\u00e1nchez dijo \u201cen aquellas cuestiones que tienen que ver con nuestra completa competencia, hemos cumplido con Junts\u201d. Pero ahora s\u00ed los admite porque Junts quer\u00eda esa rectificaci\u00f3n.<\/p>\n<p class=\"\">Sin embargo, fuentes tanto del Gobierno como de Junts coinciden en que el presidente<a href=\"https:\/\/elpais.com\/espana\/catalunya\/2025-12-02\/junts-celebra-que-sanchez-que-admita-sus-incumplimientos-pero-desconfia-de-que-quiera-restablecer-relaciones.html\" target=\"_self\" rel=\"nofollow noopener\" title=\"https:\/\/elpais.com\/espana\/catalunya\/2025-12-02\/junts-celebra-que-sanchez-que-admita-sus-incumplimientos-pero-desconfia-de-que-quiera-restablecer-relaciones.html\"> no tiene ninguna garant\u00eda de que este nuevo movimient<\/a>o de seducci\u00f3n, que implica asumir por completo el discurso de Junts, algo que ya ha hecho varias veces durante la legislatura, pueda tener \u00e9xito. Junts de momento mantiene la ruptura, y pide m\u00e1s cosas. Pero S\u00e1nchez tambi\u00e9n est\u00e1 dispuesto a darles esas otras cosas que enumera Nogueras lo m\u00e1s r\u00e1pido posible, aunque algunas de ellas, como las reformas contra la ocupaci\u00f3n y la multirreincidencia le suponen tensiones con los otros socios, los que est\u00e1n a su izquierda.<\/p>\n<p class=\"\">S\u00e1nchez conf\u00eda en que otras reclamaciones m\u00e1s dif\u00edciles, como el catal\u00e1n en Europa y el regreso de Puigdemont, que no dependen del Ejecutivo, est\u00e9n encarriladas. Si los c\u00e1lculos no fallan, en febrero o marzo podr\u00eda estar resuelto el problema de Puigdemont, siempre que el Supremo no haga una nueva interpretaci\u00f3n imaginativa. El catal\u00e1n en Europa ser\u00e1 m\u00e1s lento, pero S\u00e1nchez est\u00e1 negociando fuerte directamente con Friedrich Merz, el presidente alem\u00e1n.<\/p>\n<p class=\"\">Lo m\u00e1s relevante desde el punto de vista pol\u00edtico es el mensaje inequ\u00edvoco que lanza S\u00e1nchez al entregarse totalmente al discurso de Junts y prometer p\u00fablicamente en medios catalanes, un nuevo gesto para los independentistas, que cumplir\u00e1 r\u00e1pidamente todos los compromisos: el presidente, pese a todas las dificultades, no solo no est\u00e1 en retirada ni pensando en adelantar elecciones, sino lo contrario. <\/p>\n<p class=\"\">Est\u00e1 arriesgando para recomponer la mayor\u00eda no solo con Junts, tambi\u00e9n con ERC, con la que hay una negociaci\u00f3n muy compleja en la sombra sobre la financiaci\u00f3n singular, y con el PNV, con el que se est\u00e1 tratando de pactar el llamado cierre del Estatuto, las transferencias pendientes. <\/p>\n<p class=\"\">Y tambi\u00e9n hay negociaciones internas con Sumar para cerrar unos Presupuestos n\u00edtidamente progresistas, aunque tengan pocos visos de prosperar, y nuevas medidas de vivienda, y conversaciones con otros socios como Podemos para buscar qu\u00e9 puede interesarles a partir de febrero para intentar revitalizar aunque sea m\u00ednimamente una legislatura cada vez m\u00e1s complicada por el inevitable ambiente electoral que ya inauguran las extreme\u00f1as del 21 de diciembre. <\/p>\n<p class=\"\">\u201cHab\u00eda dos opciones: o mostrarse agresivo con Junts y decirle: \u2018Mira lo que tienes enfrente\u201d, por el PP y Vox, o intentar lanzar un mensaje amable de \u201cyo quiero convencerle y darle buenas razones para volver a la mesa de negociaci\u00f3n\u201d. El presidente ha optado por esta \u00faltima. Queremos seguir siendo socios y demostrarles que vale la pena estar con nosotros y que en el otro lado est\u00e1n diciendo que la amnist\u00eda es corrupci\u00f3n pol\u00edtica\u201c, se\u00f1ala un miembro del Gobierno. <\/p>\n<p class=\"\">El Ejecutivo intenta de nuevo jugar con Junts la baza de la amnist\u00eda, que es el anatema para la derecha y el gran giro de 180 grados de S\u00e1nchez para pactar la investidura con Puigdemont. En el an\u00e1lisis del Gobierno, muy buena parte de sus problemas judiciales -no los casos de \u00c1balos o Cerd\u00e1n, a los que s\u00ed les ven solidez, pero s\u00ed los del fiscal general y la mujer o el hermano de S\u00e1nchez, que ven muy endebles- vienen de la amnist\u00eda, que una parte de la justicia no le ha perdonado. <\/p>\n<p class=\"\">Y si Junts la coalici\u00f3n progresista est\u00e1n juntos en esta batalla de defensa de la amnist\u00eda, que S\u00e1nchez quiere que se aplique ya a Puigdemont, \u00bfpor qu\u00e9 no deber\u00edan estarlo en la del avance de la legislatura y la supervivencia del Gobierno?, se preguntan en el Ejecutivo. <\/p>\n<p class=\"\">El partido que lidera Carles Puigdemont reconoci\u00f3 este martes que la admisi\u00f3n de culpas hecha por el presidente del Gobierno, asumiendo incumplimientos en los acuerdos cerrados entre las dos partes, es un gesto que satisface las ganas de que el PSOE cargue p\u00fablicamente con la culpa del fracaso de la relaci\u00f3n. Sin embargo, esos \u201cincumplimientos\u201d asumidos por el propio S\u00e1nchez no bastan para que Junts contemple un volver a empezar. Puigdemont y la direcci\u00f3n de Junts no ven \u201ccre\u00edble\u201d el s\u00fabito cambio de actitud mostrado por S\u00e1nchez, seg\u00fan avanzaron fuentes cercanas a la direcci\u00f3n de la formaci\u00f3n, que evit\u00f3 hacer ninguna reacci\u00f3n oficial hasta que este mi\u00e9rcoles por la ma\u00f1ana Nogueras comparezca en Barcelona. <b>Informa Marc Rovira. <\/b><\/p>\n<p class=\"\">No hay ninguna garant\u00eda, pues, y Junts est\u00e1 muy cerrada a todo, seg\u00fan varias personas consultadas que est\u00e1n informadas de los contactos al m\u00e1ximo nivel, pero S\u00e1nchez ha decidido apostar todo de nuevo a una mayor\u00eda que cree que sigue existiendo y que es el ant\u00eddoto contra todo el desgaste por los casos de corrupci\u00f3n y contra el ataque sin cuartel del PP y Vox. Y adem\u00e1s, el Ejecutivo est\u00e1 preparando una gran lista de medidas que ni siquiera necesitan una votaci\u00f3n en el Congreso, porque son de rango ministerial o real decreto. El mensaje es muy claro y S\u00e1nchez lo recalc\u00f3 varias veces este lunes: \u201cLas elecciones ser\u00e1n en 2027. Seguro\u201d.<\/p>\n","protected":false},"excerpt":{"rendered":"Como sucede casi siempre en La Moncloa, una cosa es lo que se ve y otra lo que&hellip;\n","protected":false},"author":2,"featured_media":268507,"comment_status":"","ping_status":"","sticky":false,"template":"","format":"standard","meta":{"footnotes":""},"categories":[8],"tags":[17,18,3834,25,24,13,14,582,11,3837,19,20,35916,9,10,15,16,2959,952,1699,23,12,21,22],"class_list":{"0":"post-268506","1":"post","2":"type-post","3":"status-publish","4":"format-standard","5":"has-post-thumbnail","7":"category-espana","8":"tag-breaking-news","9":"tag-breakingnews","10":"tag-carles-puigdemont","11":"tag-es","12":"tag-espana","13":"tag-featured-news","14":"tag-featurednews","15":"tag-gobierno","16":"tag-headlines","17":"tag-juntsxcat","18":"tag-latest-news","19":"tag-latestnews","20":"tag-miriam-nogueras","21":"tag-news","22":"tag-noticias","23":"tag-noticias-destacadas","24":"tag-noticiasdestacadas","25":"tag-pedro-sanchez","26":"tag-politica","27":"tag-psoe","28":"tag-spain","29":"tag-titulares","30":"tag-ultimas-noticias","31":"tag-ultimasnoticias"},"share_on_mastodon":{"url":"https:\/\/pubeurope.com\/@es\/115654110125901740","error":""},"_links":{"self":[{"href":"https:\/\/www.europesays.com\/es\/wp-json\/wp\/v2\/posts\/268506","targetHints":{"allow":["GET"]}}],"collection":[{"href":"https:\/\/www.europesays.com\/es\/wp-json\/wp\/v2\/posts"}],"about":[{"href":"https:\/\/www.europesays.com\/es\/wp-json\/wp\/v2\/types\/post"}],"author":[{"embeddable":true,"href":"https:\/\/www.europesays.com\/es\/wp-json\/wp\/v2\/users\/2"}],"replies":[{"embeddable":true,"href":"https:\/\/www.europesays.com\/es\/wp-json\/wp\/v2\/comments?post=268506"}],"version-history":[{"count":0,"href":"https:\/\/www.europesays.com\/es\/wp-json\/wp\/v2\/posts\/268506\/revisions"}],"wp:featuredmedia":[{"embeddable":true,"href":"https:\/\/www.europesays.com\/es\/wp-json\/wp\/v2\/media\/268507"}],"wp:attachment":[{"href":"https:\/\/www.europesays.com\/es\/wp-json\/wp\/v2\/media?parent=268506"}],"wp:term":[{"taxonomy":"category","embeddable":true,"href":"https:\/\/www.europesays.com\/es\/wp-json\/wp\/v2\/categories?post=268506"},{"taxonomy":"post_tag","embeddable":true,"href":"https:\/\/www.europesays.com\/es\/wp-json\/wp\/v2\/tags?post=268506"}],"curies":[{"name":"wp","href":"https:\/\/api.w.org\/{rel}","templated":true}]}}