{"id":268510,"date":"2025-12-03T06:08:16","date_gmt":"2025-12-03T06:08:16","guid":{"rendered":"https:\/\/www.europesays.com\/es\/268510\/"},"modified":"2025-12-03T06:08:16","modified_gmt":"2025-12-03T06:08:16","slug":"el-caceres-hace-oficial-el-fichaje-del-base-lance-amir-paul","status":"publish","type":"post","link":"https:\/\/www.europesays.com\/es\/268510\/","title":{"rendered":"El C\u00e1ceres hace oficial el fichaje del base Lance-Amir Paul"},"content":{"rendered":"<p class=\"ft-text\"><strong>Lance-Amir Paul <\/strong>ya es jugador del <a class=\"ft-link ft-link--decoration\" href=\"https:\/\/www.caceresbasket.com\/\" rel=\"nofollow noopener\" target=\"_blank\">C\u00e1ceres Patrimonio de la Humanidad<\/a> y podr\u00e1 debutar el pr\u00f3ximo s\u00e1bado, parad\u00f3jicamente ante el anterior club del base jamaicano. El conductor de juego que acompa\u00f1e a Albert Lafuente y Nico Marina en esa demarcaci\u00f3n, que ya entrena con los extreme\u00f1os desde este lunes, fue anunciado este martes como nueva contrataci\u00f3n en un <a class=\"ft-link ft-link--decoration\" href=\"https:\/\/www.elperiodicoextremadura.com\/deportes\/2025\/11\/30\/caceres-ultima-llegada-base-jamaicano-124281847.html\" target=\"_blank\" rel=\"nofollow noopener\">fichaje ya adelantado por este diario<\/a>.<\/p>\n<p class=\"ft-text\">Paul, que a finales de este mes cumplir\u00e1 27 a\u00f1os, ha firmado un contrato que puede ser rescindido al final de cada mes y que solamente ser\u00e1 fijo a partir del 28 de febrero. A esas alturas espera ser ya alguien clave en su rotaci\u00f3n.<\/p>\n<p class=\"ft-text\">El base, de 1.83, ofreci\u00f3 unas estad\u00edsticas sobresalientes, al promedia<strong>r 16,4 pts y 4,2 reb y 2,5 astistencias con el C\u00edrculo Gij\u00f3n, <\/strong> con el que acab\u00f3 consiguiendo el ascenso a Segunda FEB.<\/p>\n<p>Para mejorar<\/p>\n<p class=\"ft-text\">Se inicia una nueva etapa. <strong>Jacinto Carbajal<\/strong> espera darle un rol necesario de cara a mejorar los resultados. Sobresale en Paul la generaci\u00f3n de ventajas tras bote, donde no hay ning\u00fan especialista en la plantilla. Es un jugador mucho m\u00e1s penetrador que tirador, como indica el hecho de que la pasada campa\u00f1a lanzase el doble de intentos de dos que de tres.<\/p>\n<p class=\"ft-text\">Tambi\u00e9n se le asignar\u00e1 la responsabilidad de subir el bal\u00f3n, compartiendo ya posici\u00f3n con <strong>Albert Lafuente y Nico Marina, aunque el primero de ellos podr\u00eda asomarse al rol de escolta, como ha hecho eventualmente en esta campa\u00f1a ya.<\/strong> Pese a todo esto, en el C\u00e1ceres ponen de relieve que no se trata de un superh\u00e9roe que vaya a cambiar por completo la faz del equipo de un d\u00eda para otro. Las reservas son evidentes con el formato de contrato que se ha pactado y que, por lo que se asegura, Paul ha aceptado de buen grado, convencido de que triunfar\u00e1, como hizo la temporada pasada en Gij\u00f3n, aunque una categor\u00eda por debajo, en la Tercera FEB. A la vista de que no hay nacionales experimentados dispuestos a venir, se ha optado por alguien que al menos s\u00ed conoce la competici\u00f3n espa\u00f1ola.<\/p>\n<p class=\"ft-text\">La de Lance-Amir Paul podr\u00eda no ser la \u00faltima incorporaci\u00f3n antes de que termine el a\u00f1o. <a class=\"ft-link ft-link--decoration\" href=\"https:\/\/www.elperiodicoextremadura.com\/deportes\/2025\/12\/01\/contrato-lance-amir-paul-caceres-124328154.html\" target=\"_blank\" rel=\"nofollow noopener\">En este sentido, se persigue a un interior que pueda suplir al tambi\u00e9n jamaicano DJ Foreman. <\/a><\/p>\n","protected":false},"excerpt":{"rendered":"Lance-Amir Paul ya es jugador del C\u00e1ceres Patrimonio de la Humanidad y podr\u00e1 debutar el pr\u00f3ximo s\u00e1bado, parad\u00f3jicamente&hellip;\n","protected":false},"author":2,"featured_media":268511,"comment_status":"","ping_status":"","sticky":false,"template":"","format":"standard","meta":{"footnotes":""},"categories":[269],"tags":[299,5715,298,3975,66163,3976,168,25,24,557,66162,6023,30608,48311,289,3977,23,167],"class_list":{"0":"post-268510","1":"post","2":"type-post","3":"status-publish","4":"format-standard","5":"has-post-thumbnail","7":"category-baloncesto","8":"tag-baloncesto","9":"tag-base","10":"tag-basketball","11":"tag-caceres","12":"tag-caceres-baloncesto","13":"tag-caceres-basket","14":"tag-deportes","15":"tag-es","16":"tag-espana","17":"tag-fichaje","18":"tag-gijo","19":"tag-gijon","20":"tag-lance","21":"tag-multiusos","22":"tag-oficial","23":"tag-segunda-feb","24":"tag-spain","25":"tag-sports"},"share_on_mastodon":{"url":"https:\/\/pubeurope.com\/@es\/115654145113429531","error":""},"_links":{"self":[{"href":"https:\/\/www.europesays.com\/es\/wp-json\/wp\/v2\/posts\/268510","targetHints":{"allow":["GET"]}}],"collection":[{"href":"https:\/\/www.europesays.com\/es\/wp-json\/wp\/v2\/posts"}],"about":[{"href":"https:\/\/www.europesays.com\/es\/wp-json\/wp\/v2\/types\/post"}],"author":[{"embeddable":true,"href":"https:\/\/www.europesays.com\/es\/wp-json\/wp\/v2\/users\/2"}],"replies":[{"embeddable":true,"href":"https:\/\/www.europesays.com\/es\/wp-json\/wp\/v2\/comments?post=268510"}],"version-history":[{"count":0,"href":"https:\/\/www.europesays.com\/es\/wp-json\/wp\/v2\/posts\/268510\/revisions"}],"wp:featuredmedia":[{"embeddable":true,"href":"https:\/\/www.europesays.com\/es\/wp-json\/wp\/v2\/media\/268511"}],"wp:attachment":[{"href":"https:\/\/www.europesays.com\/es\/wp-json\/wp\/v2\/media?parent=268510"}],"wp:term":[{"taxonomy":"category","embeddable":true,"href":"https:\/\/www.europesays.com\/es\/wp-json\/wp\/v2\/categories?post=268510"},{"taxonomy":"post_tag","embeddable":true,"href":"https:\/\/www.europesays.com\/es\/wp-json\/wp\/v2\/tags?post=268510"}],"curies":[{"name":"wp","href":"https:\/\/api.w.org\/{rel}","templated":true}]}}