{"id":268512,"date":"2025-12-03T06:09:09","date_gmt":"2025-12-03T06:09:09","guid":{"rendered":"https:\/\/www.europesays.com\/es\/268512\/"},"modified":"2025-12-03T06:09:09","modified_gmt":"2025-12-03T06:09:09","slug":"lo-de-olmo-ha-sido-una-putada","status":"publish","type":"post","link":"https:\/\/www.europesays.com\/es\/268512\/","title":{"rendered":"Lo de Olmo ha sido una putada"},"content":{"rendered":"<p class=\"ft-text\">Buenas sensaciones en el que, probablemente, haya sido el mejor partido de la temporada del Bar\u00e7a de Flick. Coincidiendo con la recuperaci\u00f3n de piezas clave como Pedri y Raphinha, el cuadro azulgrana ray\u00f3 a gran nivel en el Spotify Camp Nou ante un rival de entidad que ven\u00eda de ganar hace unos d\u00edas a todo un finalista de Champions como el Inter de Mil\u00e1n.<\/p>\n<p class=\"ft-text\">Electricidad, clarividencia. Bien en la presi\u00f3n. En zona mixta hablaron Balde, Raphinha y Casad\u00f3. Todos en la misma l\u00ednea, reconociendo el trabajo y asegurando que es la l\u00ednea a seguir. \u00abCreo que lo importante es creer en el trabajo.\u00a0<strong>Tenemos que estar preparados por si hay que remontar<\/strong>. Lo estamos trabajando muy bien, este es el esp\u00edritu que debemos tener\u00bb, dijo Raphinha, MVP.<\/p>\n<p>RAPHINHA, CONTENTO<\/p>\n<p class=\"ft-text\">\u00abSon cosas que pueden pasar, encajar un gol.\u00a0<strong>Hay que tener la cabeza buena para remontar.<\/strong>\u00a0Sab\u00edamos que pod\u00eda pasar con la temporada pasada y debemos estar listos. Pienso que cuanto m\u00e1s presionamos arriba m\u00e1s cerca de la porter\u00eda del adversario estamos. Es mucho mejor recuperar balones arriba\u00bb, a\u00f1ad\u00eda el brasile\u00f1o.<\/p>\n<p class=\"ft-text\">\u00abMe he encontrado bien, estoy buscando mi mejor versi\u00f3n f\u00edsica. <strong>He notado el cansancio y he pedido el cambio. <\/strong>No pod\u00eda m\u00e1s. Pero tenemos jugadores de mucha calidad\u00bb, comentaba. Por su lado, Balde aseguraba que \u00abEs especial jugar siempre en este estadio. En la liga estamos en buena din\u00e1mica. Ellos han marcado el primero, pero me quedo con la actitud del equipo. Es verdad que el partido del Chelsea fue duro pero sabemos que podemos hacer grandes cosas. Hoy tenemos que valorar la defensa\u00bb.<\/p>\n<p>SOBRE OLMO<\/p>\n<p class=\"ft-text\">Casad\u00f3 hizo referencia a la lesi\u00f3n en el hombro de Olmo. \u00abLo de Olmo ha sido una putada, ha chutado y se ha hecho da\u00f1o en el hombre. No s\u00e9 qu\u00e9 ser\u00e1, ma\u00f1ana habr\u00e1 pruebas m\u00e9dicas. \u00abCreo que ellos al principio estaban bien colocados, luego se van abriendo espacios. Pedri lo ve bien, Rapha pega unos desmarques espectaculares\u00bb.<\/p>\n","protected":false},"excerpt":{"rendered":"Buenas sensaciones en el que, probablemente, haya sido el mejor partido de la temporada del Bar\u00e7a de Flick.&hellip;\n","protected":false},"author":2,"featured_media":268513,"comment_status":"","ping_status":"","sticky":false,"template":"","format":"standard","meta":{"footnotes":""},"categories":[268],"tags":[1517,2296,23812,168,25,24,881,280,282,53119,8252,66164,281,23,167],"class_list":{"0":"post-268512","1":"post","2":"type-post","3":"status-publish","4":"format-standard","5":"has-post-thumbnail","7":"category-futbol","8":"tag-atletico","9":"tag-barca","10":"tag-dani-olmo","11":"tag-deportes","12":"tag-es","13":"tag-espana","14":"tag-fc-barcelona","15":"tag-football","16":"tag-futbol","17":"tag-hombro","18":"tag-lesion","19":"tag-olmo","20":"tag-soccer","21":"tag-spain","22":"tag-sports"},"share_on_mastodon":{"url":"https:\/\/pubeurope.com\/@es\/115654149042194615","error":""},"_links":{"self":[{"href":"https:\/\/www.europesays.com\/es\/wp-json\/wp\/v2\/posts\/268512","targetHints":{"allow":["GET"]}}],"collection":[{"href":"https:\/\/www.europesays.com\/es\/wp-json\/wp\/v2\/posts"}],"about":[{"href":"https:\/\/www.europesays.com\/es\/wp-json\/wp\/v2\/types\/post"}],"author":[{"embeddable":true,"href":"https:\/\/www.europesays.com\/es\/wp-json\/wp\/v2\/users\/2"}],"replies":[{"embeddable":true,"href":"https:\/\/www.europesays.com\/es\/wp-json\/wp\/v2\/comments?post=268512"}],"version-history":[{"count":0,"href":"https:\/\/www.europesays.com\/es\/wp-json\/wp\/v2\/posts\/268512\/revisions"}],"wp:featuredmedia":[{"embeddable":true,"href":"https:\/\/www.europesays.com\/es\/wp-json\/wp\/v2\/media\/268513"}],"wp:attachment":[{"href":"https:\/\/www.europesays.com\/es\/wp-json\/wp\/v2\/media?parent=268512"}],"wp:term":[{"taxonomy":"category","embeddable":true,"href":"https:\/\/www.europesays.com\/es\/wp-json\/wp\/v2\/categories?post=268512"},{"taxonomy":"post_tag","embeddable":true,"href":"https:\/\/www.europesays.com\/es\/wp-json\/wp\/v2\/tags?post=268512"}],"curies":[{"name":"wp","href":"https:\/\/api.w.org\/{rel}","templated":true}]}}