{"id":268516,"date":"2025-12-03T06:13:10","date_gmt":"2025-12-03T06:13:10","guid":{"rendered":"https:\/\/www.europesays.com\/es\/268516\/"},"modified":"2025-12-03T06:13:10","modified_gmt":"2025-12-03T06:13:10","slug":"asi-ha-sido-la-entrevista-completa-a-veronica-sanchez-y-sonsoles-onega-en-el-hormiguero","status":"publish","type":"post","link":"https:\/\/www.europesays.com\/es\/268516\/","title":{"rendered":"As\u00ed ha sido la entrevista completa a Ver\u00f3nica S\u00e1nchez y Sonsoles \u00d3nega en El Hormiguero"},"content":{"rendered":"<p><b>Ver\u00f3nica<\/b><b>S\u00e1nchez <\/b>y <b>Sonsoles \u00d3nega <\/b>han acudido juntas a El Hormiguero para compartir <b><a title=\"los detalles de Las hijas de la criada\" href=\"https:\/\/www.antena3.com\/series\/hijas-criada\/personaje-mas-sonsoles-onega-confiesa-que-decidio-ambientar-galicia_20251202692ec4a36e5e5012dcd72ed0.html\" target=\"_blank\" rel=\"nofollow noopener\">los detalles de Las hijas de la criada<\/a><\/b>, la serie de Antena 3 que nace de la obra literaria de la propia Sonsoles. La dupla ha ofrecido una charla cercana y reveladora que ha despertado a\u00fan m\u00e1s inter\u00e9s por la trama.<\/p>\n<p>Lo primero que ha querido saber Pablo Motos ha sido cu\u00e1les son las principales diferencias entre el libro y la serie. \u00abHay cosas que mejoran la novela\u00bb, ha dicho Sonsoles sobre la gran labor de producci\u00f3n.<\/p>\n<p>Tras esto, el presentador ha preguntado a la periodista por <b><a title=\"el cambio del final\" href=\"https:\/\/www.antena3.com\/programas\/el-hormiguero\/invitados\/reaccion-sonsoles-onega-cambio-final-novela-entro-instinto-asesino_20251202692f58ec55584d48fb672f99.html\" target=\"_blank\" rel=\"nofollow noopener\">el cambio del final<\/a><\/b> que se decidi\u00f3 en el \u00faltimo momento. La invitada ha asegurado que esta situaci\u00f3n le despert\u00f3 un \u00abinstinto asesino\u00bb.<\/p>\n","protected":false},"excerpt":{"rendered":"Ver\u00f3nicaS\u00e1nchez y Sonsoles \u00d3nega han acudido juntas a El Hormiguero para compartir los detalles de Las hijas de&hellip;\n","protected":false},"author":2,"featured_media":268517,"comment_status":"","ping_status":"","sticky":false,"template":"","format":"standard","meta":{"footnotes":""},"categories":[171],"tags":[146,147,25,24,23,214],"class_list":{"0":"post-268516","1":"post","2":"type-post","3":"status-publish","4":"format-standard","5":"has-post-thumbnail","7":"category-tv","8":"tag-entertainment","9":"tag-entretenimiento","10":"tag-es","11":"tag-espana","12":"tag-spain","13":"tag-tv"},"share_on_mastodon":{"url":"https:\/\/pubeurope.com\/@es\/115654164642101804","error":""},"_links":{"self":[{"href":"https:\/\/www.europesays.com\/es\/wp-json\/wp\/v2\/posts\/268516","targetHints":{"allow":["GET"]}}],"collection":[{"href":"https:\/\/www.europesays.com\/es\/wp-json\/wp\/v2\/posts"}],"about":[{"href":"https:\/\/www.europesays.com\/es\/wp-json\/wp\/v2\/types\/post"}],"author":[{"embeddable":true,"href":"https:\/\/www.europesays.com\/es\/wp-json\/wp\/v2\/users\/2"}],"replies":[{"embeddable":true,"href":"https:\/\/www.europesays.com\/es\/wp-json\/wp\/v2\/comments?post=268516"}],"version-history":[{"count":0,"href":"https:\/\/www.europesays.com\/es\/wp-json\/wp\/v2\/posts\/268516\/revisions"}],"wp:featuredmedia":[{"embeddable":true,"href":"https:\/\/www.europesays.com\/es\/wp-json\/wp\/v2\/media\/268517"}],"wp:attachment":[{"href":"https:\/\/www.europesays.com\/es\/wp-json\/wp\/v2\/media?parent=268516"}],"wp:term":[{"taxonomy":"category","embeddable":true,"href":"https:\/\/www.europesays.com\/es\/wp-json\/wp\/v2\/categories?post=268516"},{"taxonomy":"post_tag","embeddable":true,"href":"https:\/\/www.europesays.com\/es\/wp-json\/wp\/v2\/tags?post=268516"}],"curies":[{"name":"wp","href":"https:\/\/api.w.org\/{rel}","templated":true}]}}