{"id":268518,"date":"2025-12-03T06:16:10","date_gmt":"2025-12-03T06:16:10","guid":{"rendered":"https:\/\/www.europesays.com\/es\/268518\/"},"modified":"2025-12-03T06:16:10","modified_gmt":"2025-12-03T06:16:10","slug":"espana-golea-a-alemania-en-la-final-femenina-de-la-nations-league-el-pais-expres","status":"publish","type":"post","link":"https:\/\/www.europesays.com\/es\/268518\/","title":{"rendered":"Espa\u00f1a golea a Alemania en la final femenina de la Nations League | El PA\u00cdS Expr\u00e9s"},"content":{"rendered":"<p><img fetchpriority=\"high\" decoding=\"auto\" class=\"_re  a_m-h\" height=\"414\"  width=\"414\"  src=\"https:\/\/www.europesays.com\/es\/wp-content\/uploads\/2025\/12\/AMXBG7CQAVBKJAATIZSFIVEW2Q.jpg\" loading=\"eager\"\/>02 December 2025, Spain, Madrid: Spain&#8217;s Claudia Pina (R) celebrates scoring her side&#8217;s first goal with teammate Ona Batlle during the UEFA Women&#8217;s Nations League final second leg soccer match between Spain and Germany at Wanda Metropolitano. Photo: Sebastian Christoph Gollnow\/dpa&#13;<br \/>\n02\/12\/2025 ONLY FOR USE IN SPAINFOTO: DPA v\u00eda Europa Press<\/p>\n<p class=\"\">La selecci\u00f3n espa\u00f1ola femenina de f\u00fatbol ha levantado su tercer t\u00edtulo internacional al vencer a Alemania por 3 a 0 en la final de la Nations League.<\/p>\n<ul>\n<li>El partido de vuelta de la final, que ha tenido lugar en el estadio Riyadh Air Metropolitano (Madrid), ha sido una sentencia para las germanas, que ven\u00edan de un empate a 0 en la ida.<\/li>\n<\/ul>\n<p class=\"\"><b>Los goles llegaron en la segunda parte:<\/b><\/p>\n<ul>\n<li>Claudia Pina anot\u00f3 el primer tanto con disparo desde fuera del \u00e1rea 15 minutos despu\u00e9s del descanso.<\/li>\n<li>Un golazo de Vicky L\u00f3pez aument\u00f3 la diferencia en el marcador en el minuto 67. <\/li>\n<li>Y Pina puso el broche de oro con un remate con la derecha desde fuera del \u00e1rea a la escuadra izquierda.<\/li>\n<\/ul>\n<p class=\"\"><b>Y de premio, el pase al Mundial. <\/b>Al coronarse vencedor del torneo, el equipo de Sonia Berm\u00fadez tendr\u00e1 el privilegio de estar en uno de los grupos de clasificaci\u00f3n para el Mundial de cinco equipos (los de seis suelen ser m\u00e1s complejos).<\/p>\n<p class=\"\">\u00a9Foto: DPA v\u00eda Europa Press<\/p>\n<p class=\"\"><a href=\"https:\/\/elpais.com\/deportes\/2025-12-02\/espana-alemania-en-directo-la-final-de-la-uefa-womens-nations-league-en-vivo.html\" target=\"_self\" rel=\"nofollow noopener\" title=\"https:\/\/elpais.com\/deportes\/2025-12-02\/espana-alemania-en-directo-la-final-de-la-uefa-womens-nations-league-en-vivo.html\">Si quieres saber m\u00e1s, puedes leer aqu\u00ed.<\/a><\/p>\n","protected":false},"excerpt":{"rendered":"02 December 2025, Spain, Madrid: Spain&#8217;s Claudia Pina (R) celebrates scoring her side&#8217;s first goal with teammate Ona&hellip;\n","protected":false},"author":2,"featured_media":268519,"comment_status":"","ping_status":"","sticky":false,"template":"","format":"standard","meta":{"footnotes":""},"categories":[93],"tags":[168,25,24,44194,282,1809,23,167,6674],"class_list":{"0":"post-268518","1":"post","2":"type-post","3":"status-publish","4":"format-standard","5":"has-post-thumbnail","7":"category-deportes","8":"tag-deportes","9":"tag-es","10":"tag-espana","11":"tag-estadio-metropolitano","12":"tag-futbol","13":"tag-futbol-femenino","14":"tag-spain","15":"tag-sports","16":"tag-uefa"},"share_on_mastodon":{"url":"https:\/\/pubeurope.com\/@es\/115654176792410106","error":""},"_links":{"self":[{"href":"https:\/\/www.europesays.com\/es\/wp-json\/wp\/v2\/posts\/268518","targetHints":{"allow":["GET"]}}],"collection":[{"href":"https:\/\/www.europesays.com\/es\/wp-json\/wp\/v2\/posts"}],"about":[{"href":"https:\/\/www.europesays.com\/es\/wp-json\/wp\/v2\/types\/post"}],"author":[{"embeddable":true,"href":"https:\/\/www.europesays.com\/es\/wp-json\/wp\/v2\/users\/2"}],"replies":[{"embeddable":true,"href":"https:\/\/www.europesays.com\/es\/wp-json\/wp\/v2\/comments?post=268518"}],"version-history":[{"count":0,"href":"https:\/\/www.europesays.com\/es\/wp-json\/wp\/v2\/posts\/268518\/revisions"}],"wp:featuredmedia":[{"embeddable":true,"href":"https:\/\/www.europesays.com\/es\/wp-json\/wp\/v2\/media\/268519"}],"wp:attachment":[{"href":"https:\/\/www.europesays.com\/es\/wp-json\/wp\/v2\/media?parent=268518"}],"wp:term":[{"taxonomy":"category","embeddable":true,"href":"https:\/\/www.europesays.com\/es\/wp-json\/wp\/v2\/categories?post=268518"},{"taxonomy":"post_tag","embeddable":true,"href":"https:\/\/www.europesays.com\/es\/wp-json\/wp\/v2\/tags?post=268518"}],"curies":[{"name":"wp","href":"https:\/\/api.w.org\/{rel}","templated":true}]}}