{"id":268520,"date":"2025-12-03T06:18:13","date_gmt":"2025-12-03T06:18:13","guid":{"rendered":"https:\/\/www.europesays.com\/es\/268520\/"},"modified":"2025-12-03T06:18:13","modified_gmt":"2025-12-03T06:18:13","slug":"algo-se-rompe-dentro-de-begona","status":"publish","type":"post","link":"https:\/\/www.europesays.com\/es\/268520\/","title":{"rendered":"algo se rompe dentro de Bego\u00f1a"},"content":{"rendered":"\n<ul class=\"bodyList bodyList--unordered\">\n<li class=\"bodyList__item\"><strong><a href=\"https:\/\/www.elconfidencial.com\/television\/series-tv\/2025-10-06\/suenos-de-libertad-entrevista-natalia-sanchez-embarazo_4221522\/\" target=\"_self\" rel=\"nofollow noopener\">Natalia S\u00e1nchez, de Sue\u00f1os de libertad, detalla c\u00f3mo ser\u00e1 el embarazo de Bego\u00f1a:<\/a> \u00abEs la semilla del diablo\u00bb<\/strong><\/li>\n<li class=\"bodyList__item\"><strong><a href=\"https:\/\/profile.google.com\/cp\/CgsvZy8xMjI2ZzRoMA\" target=\"_blank\" rel=\"nofollow noopener\">Sigue a El Confidencial en Google Discover para enterarte de todas las noticias<\/a><\/strong><\/li>\n<\/ul>\n<p> Hay que reconocerlo: el plan de invitar al personaje de <a href=\"https:\/\/www.elconfidencial.com\/television\/series-tv\/2025-11-27\/suenos-de-libertad-actriz-celia-castro-madre-gabriel-1qrt_4255731\/\" target=\"_self\" rel=\"nofollow noopener\">Delia<\/a> a la Casa de la Reina para incomodar a Gabriel suena retorcido, pero Andr\u00e9s se ha marcado un tanto con la decisi\u00f3n. En el \u00faltimo cap\u00edtulo emitido de la serie diaria <a href=\"https:\/\/www.elconfidencial.com\/tags\/temas\/suenos-de-libertad-21338\/\" target=\"_self\" rel=\"nofollow noopener\">Sue\u00f1os de libertad<\/a>, que Antena 3 emite entre semana a las 15:45 horas, la madre del perverso primo ha llegado a Toledo, y ello ha puesto al nuevo marido de Bego\u00f1a en un gran aprieto. \u00bfRevelar\u00eda su madre cosas del pasado que pudieran comprometerlo? En el nuevo cap\u00edtulo de <strong>este mi\u00e9rcoles, 3 de diciembre<\/strong>, Andr\u00e9s intentar\u00e1 sonsacarle a Delia todo lo posible. <\/p>\n<p> Durante el episodio anterior, de la ficci\u00f3n protagonizada por <a href=\"https:\/\/www.elconfidencial.com\/television\/series-tv\/2025-10-06\/suenos-de-libertad-entrevista-natalia-sanchez-embarazo_4221522\/\" target=\"_self\" rel=\"nofollow noopener\">Natalia S\u00e1nchez<\/a>, Dani Tatay y Roser Tapias, entre otros int\u00e9rpretes, el proyecto de Joaqu\u00edn ha arrancado con prisa, presi\u00f3n y la firme voluntad de sacarlo adelante. Gema, por su parte, <strong>ha disimulado su preocupaci\u00f3n<\/strong> delante de Luis, intentando que no notase lo que le ocurr\u00eda. Cristina ha descubierto que las cosas que cont\u00f3 en confianza han salido a la luz, y ha empezado a replantearse en qui\u00e9n pod\u00eda confiar. <\/p>\n<p>              <img decoding=\"async\" class=\"inTextNews__img\" alt=\"Foto: suenos-de-libertad-actriz-celia-castro-madre-gabriel-1qrt\" src=\"https:\/\/www.europesays.com\/es\/wp-content\/uploads\/2025\/12\/f.elconfidencial.com\/original\/6f6\/54a\/df3\/6f654adf3e2dd6b603cdd7864bccd791.jpg\"  \/>     <\/p>\n<p>TE PUEDE INTERESAR<\/p>\n<p>      <a class=\"inTextNews__title\" href=\"https:\/\/www.elconfidencial.com\/television\/series-tv\/2025-11-27\/suenos-de-libertad-actriz-celia-castro-madre-gabriel-1qrt_4255731\/\" onclick=\"window.ECCO.emit(&#039;amplitude&#039;, { dataEventName: &#039;click_related_article_module&#039;, data: { related_article_url: &#039;https:\/\/www.elconfidencial.com\/television\/series-tv\/2025-11-27\/suenos-de-libertad-actriz-celia-castro-madre-gabriel-1qrt_4255731\/&#039;, related_article_author: &#039;Alberto Richart&#039;, related_article_section: &#039;series-tv&#039; } })\" rel=\"nofollow noopener\" target=\"_blank\"> Esta actriz se suma al reparto de &#8216;Sue\u00f1os de libertad&#8217;, y podr\u00eda ser quien delatase de una vez a Gabriel de la Reina <\/a>   <\/p>\n<p>    A. Richart   <\/p>\n<p> Marta y Cloe han regresado de la visita cultural, aunque<strong> Cloe a\u00fan ten\u00eda algo pendiente <\/strong>tras el encuentro. Delia ha acabado despertando un enfrentamiento con Gabriel, sobre los motivos por los que le hab\u00eda dicho a los De la Reina que ella estaba muerta. <\/p>\n<p>            Avance del cap\u00edtulo 450           <\/p>\n<p> <strong>Andr\u00e9s recurre a una mentira estrat\u00e9gica<\/strong> para ganarse la confianza de alguien clave, y seguir con su plan. Gaspar ayuda a que Tasio vea las cosas desde otra perspectiva, justo cuando Cloe le reclama para un asunto importante. <\/p>\n<p> Gabriel intenta justificar sus mentiras ante Dami\u00e1n y Marta, pero la situaci\u00f3n no es f\u00e1cil de sostener. <strong>Cristina toma una decisi\u00f3n firme<\/strong> tras un tenso encuentro con Beltr\u00e1n. <\/p>\n<p> Empiezan a surgir sospechas sobre qui\u00e9n podr\u00eda estar detr\u00e1s de la llegada inesperada, y Carmen se siente desplazada tras enterarse de ciertos detalles. Al mismo tiempo, <strong>Bego\u00f1a duda<\/strong> sobre su lealtad a Gabriel. <\/p>\n","protected":false},"excerpt":{"rendered":"Natalia S\u00e1nchez, de Sue\u00f1os de libertad, detalla c\u00f3mo ser\u00e1 el embarazo de Bego\u00f1a: \u00abEs la semilla del diablo\u00bb&hellip;\n","protected":false},"author":2,"featured_media":268521,"comment_status":"","ping_status":"","sticky":false,"template":"","format":"standard","meta":{"footnotes":""},"categories":[91],"tags":[146,147,25,24,23],"class_list":{"0":"post-268520","1":"post","2":"type-post","3":"status-publish","4":"format-standard","5":"has-post-thumbnail","7":"category-entretenimiento","8":"tag-entertainment","9":"tag-entretenimiento","10":"tag-es","11":"tag-espana","12":"tag-spain"},"share_on_mastodon":{"url":"https:\/\/pubeurope.com\/@es\/115654184717777291","error":""},"_links":{"self":[{"href":"https:\/\/www.europesays.com\/es\/wp-json\/wp\/v2\/posts\/268520","targetHints":{"allow":["GET"]}}],"collection":[{"href":"https:\/\/www.europesays.com\/es\/wp-json\/wp\/v2\/posts"}],"about":[{"href":"https:\/\/www.europesays.com\/es\/wp-json\/wp\/v2\/types\/post"}],"author":[{"embeddable":true,"href":"https:\/\/www.europesays.com\/es\/wp-json\/wp\/v2\/users\/2"}],"replies":[{"embeddable":true,"href":"https:\/\/www.europesays.com\/es\/wp-json\/wp\/v2\/comments?post=268520"}],"version-history":[{"count":0,"href":"https:\/\/www.europesays.com\/es\/wp-json\/wp\/v2\/posts\/268520\/revisions"}],"wp:featuredmedia":[{"embeddable":true,"href":"https:\/\/www.europesays.com\/es\/wp-json\/wp\/v2\/media\/268521"}],"wp:attachment":[{"href":"https:\/\/www.europesays.com\/es\/wp-json\/wp\/v2\/media?parent=268520"}],"wp:term":[{"taxonomy":"category","embeddable":true,"href":"https:\/\/www.europesays.com\/es\/wp-json\/wp\/v2\/categories?post=268520"},{"taxonomy":"post_tag","embeddable":true,"href":"https:\/\/www.europesays.com\/es\/wp-json\/wp\/v2\/tags?post=268520"}],"curies":[{"name":"wp","href":"https:\/\/api.w.org\/{rel}","templated":true}]}}