{"id":268524,"date":"2025-12-03T06:21:09","date_gmt":"2025-12-03T06:21:09","guid":{"rendered":"https:\/\/www.europesays.com\/es\/268524\/"},"modified":"2025-12-03T06:21:09","modified_gmt":"2025-12-03T06:21:09","slug":"trump-sube-la-amenaza-contra-venezuela-empezaremos-con-los-ataques-por-tierra-acabaremos-con-esos-hijos-de-perra-el-pais-expres","status":"publish","type":"post","link":"https:\/\/www.europesays.com\/es\/268524\/","title":{"rendered":"Trump sube la amenaza contra Venezuela: \u201cEmpezaremos con los ataques por tierra. Acabaremos con esos hijos de perra\u201d | El PA\u00cdS Expr\u00e9s"},"content":{"rendered":"<p><img fetchpriority=\"high\" decoding=\"auto\" class=\"_re  a_m-h\" height=\"414\"  width=\"414\"  src=\"https:\/\/www.europesays.com\/es\/wp-content\/uploads\/2025\/12\/ZJ6GVAIKGJD25DZUMKFXY3LNIY.jpg\" loading=\"eager\"\/>President Donald Trump speaks during a Cabinet meeting at the White House, Tuesday, Dec. 2, 2025, in Washington, as Defense Secretary Pete Hegseth looks on. (AP Photo\/Julia Demaree Nikhinson)FOTO: Julia Demaree Nikhinson (AP)<\/p>\n<p class=\"\">Donald Trump ha dinamitado toda esperanza de paz en el Caribe. El presidente de Estados Unidos ha aumentado a\u00fan m\u00e1s la tensi\u00f3n con Venezuela este martes: \u201cEmpezaremos con los ataques por tierra\u201d. <\/p>\n<ul>\n<li>El objetivo es, a\u00f1adi\u00f3, \u201cacabar con esos hijos de perra\u201d, en referencia a los narcotraficantes del pa\u00eds sudamericano.<\/li>\n<li>\u201cSer\u00e1 mucho m\u00e1s f\u00e1cil as\u00ed. Sabemos donde est\u00e1n, qu\u00e9 rutas cogen. Tienen que dejar de envenenar a centenares de miles de estadounidenses\u201d, sentenci\u00f3.<\/li>\n<\/ul>\n<p class=\"\"><b>\u00bfQu\u00e9 est\u00e1 pasando? <\/b><\/p>\n<ul>\n<li>Desde el pasado 2 de septiembre, Estados Unidos mantiene a Venezuela en alerta por ataques a supuestas narcolanchas en aguas del Caribe.<\/li>\n<li>Trump acusa a su hom\u00f3logo venezolano, Nicol\u00e1s Maduro, de liderar el denominado c\u00e1rtel de los Soles, al que Estados Unidos ha declarado organizaci\u00f3n terrorista.<\/li>\n<li>Y bajo ese pretexto se supone que di\u00f3 un ultim\u00e1tum al l\u00edder chavista en una llamada el pasado 21 de noviembre: seg\u00fan la agencia de noticias Reuters, el estadounidense le dio una semana de plazo para que dejara el poder, a cambio de garantizarle su seguridad durante su traslado a un tercer pa\u00eds.<\/li>\n<\/ul>\n<p class=\"\"><b>Pero la oferta ya no est\u00e1 sobre la mesa. <\/b>Maduro habr\u00eda pedido entre sus condiciones el fin de las sanciones internacionales contra dirigentes venezolanos y la retirada de los cargos que encara ante el Tribunal Penal Internacional. <\/p>\n<ul>\n<li>Sin embargo, el 29 de noviembre, un d\u00eda despu\u00e9s del vencimiento del plazo y con Maduro a\u00fan en el poder, Trump anunci\u00f3 el cierre del espacio a\u00e9reo venezolano.<\/li>\n<li>Este martes, horas despu\u00e9s de reunirse con su equipo de seguridad nacional, ha elevado la amenaza.<\/li>\n<\/ul>\n<p class=\"\">\u00a9Foto: Julia Demaree Nikhinson (AP)<\/p>\n<p class=\"\"><a href=\"https:\/\/elpais.com\/internacional\/2025-12-02\/hegseth-se-muestra-desafiante-frente-a-las-acusaciones-de-que-cometio-un-crimen-de-guerra-no-hemos-hecho-mas-que-empezar.html\" target=\"_self\" rel=\"nofollow noopener\" title=\"https:\/\/elpais.com\/internacional\/2025-12-02\/hegseth-se-muestra-desafiante-frente-a-las-acusaciones-de-que-cometio-un-crimen-de-guerra-no-hemos-hecho-mas-que-empezar.html\">Si quieres saber m\u00e1s, puedes leer aqu\u00ed.<\/a><\/p>\n","protected":false},"excerpt":{"rendered":"President Donald Trump speaks during a Cabinet meeting at the White House, Tuesday, Dec. 2, 2025, in Washington,&hellip;\n","protected":false},"author":2,"featured_media":268525,"comment_status":"","ping_status":"","sticky":false,"template":"","format":"standard","meta":{"footnotes":""},"categories":[42],"tags":[17,18,352,629,13,14,11,61,62,63,64,19,20,40737,9,10,15,16,12,21,22,1192,65,66,67],"class_list":{"0":"post-268524","1":"post","2":"type-post","3":"status-publish","4":"format-standard","5":"has-post-thumbnail","7":"category-internacional","8":"tag-breaking-news","9":"tag-breakingnews","10":"tag-donald-trump","11":"tag-estados-unidos","12":"tag-featured-news","13":"tag-featurednews","14":"tag-headlines","15":"tag-internacional","16":"tag-international","17":"tag-international-news","18":"tag-internationalnews","19":"tag-latest-news","20":"tag-latestnews","21":"tag-mar-caribe","22":"tag-news","23":"tag-noticias","24":"tag-noticias-destacadas","25":"tag-noticiasdestacadas","26":"tag-titulares","27":"tag-ultimas-noticias","28":"tag-ultimasnoticias","29":"tag-venezuela","30":"tag-world","31":"tag-world-news","32":"tag-worldnews"},"share_on_mastodon":{"url":"https:\/\/pubeurope.com\/@es\/115654196526312496","error":""},"_links":{"self":[{"href":"https:\/\/www.europesays.com\/es\/wp-json\/wp\/v2\/posts\/268524","targetHints":{"allow":["GET"]}}],"collection":[{"href":"https:\/\/www.europesays.com\/es\/wp-json\/wp\/v2\/posts"}],"about":[{"href":"https:\/\/www.europesays.com\/es\/wp-json\/wp\/v2\/types\/post"}],"author":[{"embeddable":true,"href":"https:\/\/www.europesays.com\/es\/wp-json\/wp\/v2\/users\/2"}],"replies":[{"embeddable":true,"href":"https:\/\/www.europesays.com\/es\/wp-json\/wp\/v2\/comments?post=268524"}],"version-history":[{"count":0,"href":"https:\/\/www.europesays.com\/es\/wp-json\/wp\/v2\/posts\/268524\/revisions"}],"wp:featuredmedia":[{"embeddable":true,"href":"https:\/\/www.europesays.com\/es\/wp-json\/wp\/v2\/media\/268525"}],"wp:attachment":[{"href":"https:\/\/www.europesays.com\/es\/wp-json\/wp\/v2\/media?parent=268524"}],"wp:term":[{"taxonomy":"category","embeddable":true,"href":"https:\/\/www.europesays.com\/es\/wp-json\/wp\/v2\/categories?post=268524"},{"taxonomy":"post_tag","embeddable":true,"href":"https:\/\/www.europesays.com\/es\/wp-json\/wp\/v2\/tags?post=268524"}],"curies":[{"name":"wp","href":"https:\/\/api.w.org\/{rel}","templated":true}]}}