{"id":268528,"date":"2025-12-03T06:23:10","date_gmt":"2025-12-03T06:23:10","guid":{"rendered":"https:\/\/www.europesays.com\/es\/268528\/"},"modified":"2025-12-03T06:23:10","modified_gmt":"2025-12-03T06:23:10","slug":"asi-quedaran-los-sueldos-de-los-funcionarios-tras-la-subida-del-11-aprobada-por-el-gobierno","status":"publish","type":"post","link":"https:\/\/www.europesays.com\/es\/268528\/","title":{"rendered":"As\u00ed quedar\u00e1n los sueldos de los funcionarios tras la subida del 11% aprobada por el Gobierno"},"content":{"rendered":"<p class=\"c-paragraph\">La subida del sueldo de los empleados p\u00fablicos de Espa\u00f1a llevaba d\u00edas en el aire tras el rechazo por parte de los sindicatos UGT, CSIF y CCOO de la propuesta del Gobierno de <a href=\"https:\/\/www.20minutos.es\/lainformacion\/economia-y-finanzas\/gobierno-ofrece-una-subida-salarial-10-los-funcionarios-repartida-cuatro-anos_6899953_0.html\" title=\"El Gobierno ofrece una subida salarial del 10% a los funcionarios repartida en 4 a\u00f1os y los sindicatos la rechazan por &quot;ofensiva&quot;\" rel=\"nofollow noopener\" target=\"_blank\"><b>subirlos un 10% entre 2025 y 2028<\/b><\/a>. Ante su negativa,\u00a0el Ministerio de Funci\u00f3n P\u00fablica realiz\u00f3 una nueva propuesta para incrementar el sueldo de los<b> m\u00e1s de tres millones y medio de empleados p\u00fablicos<\/b> del territorio nacional.<\/p>\n<p class=\"c-paragraph\">En este encuentro, se propuso que el aumento fuese del 11%,<b> pero este llegar\u00eda a ser del\u00a011,4% con el efecto arrastre<\/b> (el incremento en la misma proporci\u00f3n de los complementos y de los salarios base). Desde el Gobierno se\u00f1alaron que esta cifra era \u00abinamovible\u00bb y, tras varias reuniones, <b>esta misma es la que se ha acordado y aprobado finalmente <\/b>.<\/p>\n<p>\u00bfC\u00f3mo quedar\u00e1n los sueldos de los empleados p\u00fablicos?<\/p>\n<p class=\"c-paragraph\">Este 11% aprobado se subir\u00e1 a lo largo de estos cuatro a\u00f1os y, aunque en un principio<b>\u00a0<\/b>no se concret\u00f3 el porcentaje que se sumar\u00e1 en cada uno de los ejercicios, tras la \u00faltima reuni\u00f3n se conocen m\u00e1s datos.<b> <\/b>Al final, los sindicatos han logrado\u00a0que el Gobierno ceda y que<b> el aumento sea\u00a0del 2,5% en 2025 y del 1,5% en 2026.\u00a0<\/b><\/p>\n<p class=\"c-paragraph\">Adem\u00e1s, si la inflaci\u00f3n es igual o superior al 1,5% este mismo a\u00f1o, se\u00a0conceder\u00e1 otro <b>0,5 adicional,<\/b> aunque\u00a0se pagar\u00eda en el primer trimestre de 2027 con efectos retroactivos. Despu\u00e9s, <b>en 2027 y 2028 <\/b>la subida ser\u00e1 del\u00a0<b>4,5% y 2%<\/b>, respectivamente.<\/p>\n<p class=\"c-paragraph\">Aparte del sueldo base, dentro de los salarios de los funcionarios entran en juego los<b> trienios, los complementos espec\u00edficos y los de destino<\/b>, por lo que estas cantidades son aproximadas y pueden cambiar seg\u00fan cada caso. Teniendo en cuenta solo el complemento de destino, el grupo que mayor mejora tendr\u00eda ser\u00eda el\u00a0<b>A1<\/b>, cuyo sueldo podr\u00eda rondar los\u00a037.800 euros.<\/p>\n<p class=\"c-paragraph\">En el caso del subgrupo <b>A2<\/b>, pasar\u00edan de unos\u00a031.800 euros en 2025 a unos <b>35.450\u00a0euros<\/b>. Por su parte, el<b> grupo B<\/b> lograr\u00eda unos sueldos de unos <b>33.580\u00a0euros<\/b>, los del <b>C1<\/b> pasar\u00edan de aproximadamente\u00a028.190 euros a <b>31.400\u00a0euros<\/b> y los del <b>C2<\/b> podr\u00edan llegar a sumar <b>29.200<\/b>\u00a0euros anuales en 2028.<\/p>\n","protected":false},"excerpt":{"rendered":"La subida del sueldo de los empleados p\u00fablicos de Espa\u00f1a llevaba d\u00edas en el aire tras el rechazo&hellip;\n","protected":false},"author":2,"featured_media":249849,"comment_status":"","ping_status":"","sticky":false,"template":"","format":"standard","meta":{"footnotes":""},"categories":[5],"tags":[8722,17,18,25,24,13,14,11,19,20,4417,9,10,15,16,23047,3215,23,13243,12,21,22],"class_list":{"0":"post-268528","1":"post","2":"type-post","3":"status-publish","4":"format-standard","5":"has-post-thumbnail","7":"category-titulares","8":"tag-asi","9":"tag-breaking-news","10":"tag-breakingnews","11":"tag-es","12":"tag-espana","13":"tag-featured-news","14":"tag-featurednews","15":"tag-headlines","16":"tag-latest-news","17":"tag-latestnews","18":"tag-los","19":"tag-news","20":"tag-noticias","21":"tag-noticias-destacadas","22":"tag-noticiasdestacadas","23":"tag-quedarian","24":"tag-seo20","25":"tag-spain","26":"tag-sueldos","27":"tag-titulares","28":"tag-ultimas-noticias","29":"tag-ultimasnoticias"},"share_on_mastodon":{"url":"https:\/\/pubeurope.com\/@es\/115654204036678636","error":""},"_links":{"self":[{"href":"https:\/\/www.europesays.com\/es\/wp-json\/wp\/v2\/posts\/268528","targetHints":{"allow":["GET"]}}],"collection":[{"href":"https:\/\/www.europesays.com\/es\/wp-json\/wp\/v2\/posts"}],"about":[{"href":"https:\/\/www.europesays.com\/es\/wp-json\/wp\/v2\/types\/post"}],"author":[{"embeddable":true,"href":"https:\/\/www.europesays.com\/es\/wp-json\/wp\/v2\/users\/2"}],"replies":[{"embeddable":true,"href":"https:\/\/www.europesays.com\/es\/wp-json\/wp\/v2\/comments?post=268528"}],"version-history":[{"count":0,"href":"https:\/\/www.europesays.com\/es\/wp-json\/wp\/v2\/posts\/268528\/revisions"}],"wp:featuredmedia":[{"embeddable":true,"href":"https:\/\/www.europesays.com\/es\/wp-json\/wp\/v2\/media\/249849"}],"wp:attachment":[{"href":"https:\/\/www.europesays.com\/es\/wp-json\/wp\/v2\/media?parent=268528"}],"wp:term":[{"taxonomy":"category","embeddable":true,"href":"https:\/\/www.europesays.com\/es\/wp-json\/wp\/v2\/categories?post=268528"},{"taxonomy":"post_tag","embeddable":true,"href":"https:\/\/www.europesays.com\/es\/wp-json\/wp\/v2\/tags?post=268528"}],"curies":[{"name":"wp","href":"https:\/\/api.w.org\/{rel}","templated":true}]}}