{"id":268543,"date":"2025-12-03T06:41:22","date_gmt":"2025-12-03T06:41:22","guid":{"rendered":"https:\/\/www.europesays.com\/es\/268543\/"},"modified":"2025-12-03T06:41:22","modified_gmt":"2025-12-03T06:41:22","slug":"de-su-serie-con-veronica-echegui-a-interpretar-a-alfonso-xiii","status":"publish","type":"post","link":"https:\/\/www.europesays.com\/es\/268543\/","title":{"rendered":"de su serie con Ver\u00f3nica Echegui a interpretar a Alfonso XIII"},"content":{"rendered":"\n<ul class=\"bodyList bodyList--unordered\">\n<li class=\"bodyList__item\"><strong><a href=\"https:\/\/www.elconfidencial.com\/television\/series-tv\/2025-11-24\/1qrt-de-que-va-donde-grabado-ena-promesa-tve_4253308\/\" target=\"_self\" rel=\"nofollow noopener\">De qu\u00e9 va y d\u00f3nde se ha grabado Ena, la nueva serie sobre los reyes de La Promesa que llega a TVE<\/a><\/strong><\/li>\n<li class=\"bodyList__item\"><strong><a href=\"https:\/\/profile.google.com\/cp\/CgsvZy8xMjI2ZzRoMA\" target=\"_blank\" rel=\"nofollow noopener\">Sigue a El Confidencial en Google Discover para enterarte de todas las noticias<\/a><\/strong><\/li>\n<\/ul>\n<p> El actor catal\u00e1n <strong>Joan Amarg\u00f3s<\/strong> interpreta al rey Alfonso XIII en la serie hist\u00f3rica <a href=\"https:\/\/www.elconfidencial.com\/television\/series-tv\/2025-11-24\/1qrt-de-que-va-donde-grabado-ena-promesa-tve_4253308\/\" target=\"_self\" rel=\"nofollow noopener\">Ena. La reina Victoria Eugenia<\/a>, la ficci\u00f3n hist\u00f3rica de La 1 de Televisi\u00f3n Espa\u00f1ola que ha despertado el inter\u00e9s del p\u00fablico por su reconstrucci\u00f3n del reinado de la primera parte del siglo XX. Su trayectoria en teatro, cine y televisi\u00f3n, en t\u00edtulos como La l\u00ednea invisible, Moebius o Para\u00edso, lo sit\u00faa como uno de los actores m\u00e1s vers\u00e1tiles de su generaci\u00f3n. <\/p>\n<p> La carrera de Amarg\u00f3s ha reflejado<strong> una evoluci\u00f3n constante<\/strong> desde sus inicios en el Institut del Teatre y el Conservatoire National Superieur d\u2019Art Dramatique de Par\u00eds. Tras su paso por la Kompanyia Lliure, donde trabaj\u00f3 con directores como Llu\u00eds Pascual, Pau Carri\u00f3 o Pablo Messiez, encaden\u00f3 montajes teatrales que consolidaron su presencia en la escena catalana. <\/p>\n<p>              <img decoding=\"async\" class=\"inTextNews__img\" alt=\"Foto: victoria-eugenia-ena-exposicion-reina-colecciones-reales\" src=\"https:\/\/www.europesays.com\/es\/wp-content\/uploads\/2025\/12\/f.elconfidencial.com\/original\/83e\/831\/4b2\/83e8314b27a1e4d9025c9046b83ca6c3.jpg\"  \/>     <\/p>\n<p>TE PUEDE INTERESAR<\/p>\n<p>      <a class=\"inTextNews__title\" href=\"https:\/\/www.elconfidencial.com\/cultura\/2025-12-01\/victoria-eugenia-ena-exposicion-reina-colecciones-reales_4258043\/\" onclick=\"window.ECCO.emit(&#039;amplitude&#039;, { dataEventName: &#039;click_related_article_module&#039;, data: { related_article_url: &#039;https:\/\/www.elconfidencial.com\/cultura\/2025-12-01\/victoria-eugenia-ena-exposicion-reina-colecciones-reales_4258043\/&#039;, related_article_author: &#039;Irene Hern\u00e1ndez&#039;, related_article_section: &#039;cultura&#039; } })\" rel=\"nofollow noopener\" target=\"_blank\"> Victoria Eugenia, Ena, ya tiene gran exposici\u00f3n (sin menci\u00f3n a las infidelidades de su marido)  <\/a>   <\/p>\n<p>    Irene Hdez. Velasco   <\/p>\n<p> Paralelamente, su irrupci\u00f3n en producciones audiovisuales le ha abierto la puerta a personajes complejos, algo que <a href=\"https:\/\/www.elconfidencial.com\/tags\/empresas\/movistar-19103\/\" target=\"_self\" rel=\"nofollow noopener\">Movistar Plus+<\/a> potenci\u00f3 con la serie La l\u00ednea invisible bajo la direcci\u00f3n de Mariano Barroso. El recorrido del actor barcelon\u00e9s tambi\u00e9n ha estado marcado por <strong>su presencia en cine<\/strong>, con trabajos en La vida sense la Sara Amat y en Mant\u00edcora, nominada a cuatro premios Goya. <\/p>\n<p> A ello se suma su participaci\u00f3n en ficciones televisivas como Nasdrovia, Cucut o Para\u00edso, que ampliaron su registro interpretativo y lo situaron en el radar de las grandes producciones nacionales. <strong>Uno de sus \u00faltimos trabajos<\/strong> estrenados ha sido la serie <a href=\"https:\/\/www.elconfidencial.com\/television\/series-tv\/2024-12-12\/apple-tv-plus-serie-a-muerte-atresmedia_4022124\/\" target=\"_self\" rel=\"nofollow noopener\">A muerte<\/a>, coprotagonizada junto a <a href=\"https:\/\/www.elconfidencial.com\/cultura\/cine\/2025-12-01\/1qrt-acaba-llegar-prime-video-pelicula-alex-garcia-veronica-echegui_4256627\/\" target=\"_self\" rel=\"nofollow noopener\">Ver\u00f3nica Echegui<\/a>, y creada por Dani de la Orden (Casa en llamas), Natalia Dur\u00e1n y Oriol Capel. Esa versatilidad es precisamente uno de los motivos por los que ha sido elegido para dar vida a Alfonso XIII en la nueva adaptaci\u00f3n de la novela de Pilar Eyre, donde comparte protagonismo con <a href=\"https:\/\/www.elconfidencial.com\/television\/series-tv\/2025-11-13\/ena-tve-kimberley-tell-actriz-cantante-victoria-eugenia-1qrt_4246750\/\" target=\"_self\" rel=\"nofollow noopener\">Kimberley Tell<\/a>, encargada de interpretar a Victoria Eugenia. <\/p>\n<blockquote class=\"instagram-media\" data-instgrm-captioned=\"\" data-instgrm-permalink=\"https:\/\/www.instagram.com\/p\/DDexrYHsGf0\/?utm_source=ig_embed&amp;utm_campaign=loading\" data-instgrm-version=\"14\" style=\" background:#FFF; border:0; border-radius:3px; box-shadow:0 0 1px 0 rgba(0,0,0,0.5),0 1px 10px 0 rgba(0,0,0,0.15); margin: 1px; max-width:540px; min-width:326px; padding:0; width:99.375%; width:-webkit-calc(100% - 2px); width:calc(100% - 2px);\"\/>\n<p> En Ena, Amarg\u00f3s encarna a un <a href=\"https:\/\/www.elconfidencial.com\/alma-corazon-vida\/2025-10-31\/alfonso-xiii-hermanos-banos_4237605\/\" target=\"_self\" rel=\"nofollow noopener\">Alfonso XIII<\/a> carism\u00e1tico y formado desde la adolescencia para asumir el peso de la Corona, un perfil que la serie desarrolla desde su v\u00ednculo con Mar\u00eda Cristina hasta su relaci\u00f3n con Ena. Para el actor, ha supuesto <strong>un nuevo salto <\/strong>dentro de una trayectoria que une el teatro cl\u00e1sico con las series de prestigio y otros proyectos audiovisuales, reforzando su presencia en un momento de creciente atenci\u00f3n hacia la ficci\u00f3n hist\u00f3rica en televisi\u00f3n. <\/p>\n<p>         <script async src=\"\/\/www.instagram.com\/embed.js\"><\/script><\/p>\n","protected":false},"excerpt":{"rendered":"De qu\u00e9 va y d\u00f3nde se ha grabado Ena, la nueva serie sobre los reyes de La Promesa&hellip;\n","protected":false},"author":2,"featured_media":268544,"comment_status":"","ping_status":"","sticky":false,"template":"","format":"standard","meta":{"footnotes":""},"categories":[91],"tags":[146,147,25,24,23],"class_list":{"0":"post-268543","1":"post","2":"type-post","3":"status-publish","4":"format-standard","5":"has-post-thumbnail","7":"category-entretenimiento","8":"tag-entertainment","9":"tag-entretenimiento","10":"tag-es","11":"tag-espana","12":"tag-spain"},"share_on_mastodon":{"url":"https:\/\/pubeurope.com\/@es\/115654274923820628","error":""},"_links":{"self":[{"href":"https:\/\/www.europesays.com\/es\/wp-json\/wp\/v2\/posts\/268543","targetHints":{"allow":["GET"]}}],"collection":[{"href":"https:\/\/www.europesays.com\/es\/wp-json\/wp\/v2\/posts"}],"about":[{"href":"https:\/\/www.europesays.com\/es\/wp-json\/wp\/v2\/types\/post"}],"author":[{"embeddable":true,"href":"https:\/\/www.europesays.com\/es\/wp-json\/wp\/v2\/users\/2"}],"replies":[{"embeddable":true,"href":"https:\/\/www.europesays.com\/es\/wp-json\/wp\/v2\/comments?post=268543"}],"version-history":[{"count":0,"href":"https:\/\/www.europesays.com\/es\/wp-json\/wp\/v2\/posts\/268543\/revisions"}],"wp:featuredmedia":[{"embeddable":true,"href":"https:\/\/www.europesays.com\/es\/wp-json\/wp\/v2\/media\/268544"}],"wp:attachment":[{"href":"https:\/\/www.europesays.com\/es\/wp-json\/wp\/v2\/media?parent=268543"}],"wp:term":[{"taxonomy":"category","embeddable":true,"href":"https:\/\/www.europesays.com\/es\/wp-json\/wp\/v2\/categories?post=268543"},{"taxonomy":"post_tag","embeddable":true,"href":"https:\/\/www.europesays.com\/es\/wp-json\/wp\/v2\/tags?post=268543"}],"curies":[{"name":"wp","href":"https:\/\/api.w.org\/{rel}","templated":true}]}}