{"id":268547,"date":"2025-12-03T06:44:09","date_gmt":"2025-12-03T06:44:09","guid":{"rendered":"https:\/\/www.europesays.com\/es\/268547\/"},"modified":"2025-12-03T06:44:09","modified_gmt":"2025-12-03T06:44:09","slug":"trump-insiste-en-la-anulacion-de-las-ordenes-y-documentos-firmados-automaticamente-por-la-administracion-biden-europa-press","status":"publish","type":"post","link":"https:\/\/www.europesays.com\/es\/268547\/","title":{"rendered":"Trump insiste en la anulaci\u00f3n de las \u00f3rdenes y documentos firmados autom\u00e1ticamente por la Administraci\u00f3n Biden &#8211; Europa Press"},"content":{"rendered":"<ol>\n<li><a href=\"https:\/\/news.google.com\/rss\/articles\/CBMi7gFBVV95cUxNdmNSeW5OSngwYkFocWl0ZDBRZUVtMWM5a3FCYWJ1UEVJNWRMelpXZ2MwZ01JSUs2QW5FZUFzMVpqVDZRd2lrbm1vUTc4cDZHVmpBeWJuSVJuQ2pYZHZqTW43MzNUXzNKT2xIYmJvc09fVWpsTTIydUYzbTZuT0laMG01ZVJJUVlldy1HTHhxZ2lSa0F6SDdrdWNtT3hPX1A3Y3R4WUZFa3NLU0c2Mk52Q3NhOEpOV2F2bFk3TEJ2aUZLeFVvSk1aTm1ISm5OQ004ZzRKdTZlcWNEaC1nZllmTkZHWF95aWFlay1aZUR3?oc=5\" target=\"_blank\" rel=\"nofollow noopener\">Trump insiste en la anulaci\u00f3n de las \u00f3rdenes y documentos firmados autom\u00e1ticamente por la Administraci\u00f3n Biden<\/a>&nbsp;&nbsp;Europa Press<\/li>\n<li><a href=\"https:\/\/news.google.com\/rss\/articles\/CBMi1AFBVV95cUxOOVNyMWlYS2d5QXNFRnpGRV9JckNsNzBmRjVRdUZELWJNbVl4aHhRa3lJSFk1Y2dYaUYwajBUY0lQSXE4RUJldGdoR0tmREtJZ0NwNF9GVHFLQ2UtMWJJaWEzOEZXX1dqZGNNaE9sNkt1RjA3a2dqTmxrTHFXY244WlZMMEI5VFowX1IzamlPX3BNSFpLbDQ1ckdPZENsd2hqWHdVN2ZNcVpIbmdPQm55WlJFdFJNRFB3U2FXVlZWRzFicmRpX1Z0SmxkVVhvRVhqYmxvStIB2gFBVV95cUxOal9xTm5HaWxEamtiY0pTMGRDNEdZUmN6bmplbDJWSW84V1ExZF9VWk5FMFNqZUVLZlN6V2d4cWFoVE5nYTlDLXZ5ZHVjd3ZDbnJBcHVoUlpqWGJ0OUpzb0hNR25xTmNZSmxrUXp5RVhjWFpNQ0wwYTlJUUZ0VXZneUtHUng4dV90a2trTEp5V3BONllLN3VEdHF6VjhOQXNJd2ZOMHZvNTl3NlFkTld5M3hoRjVnWi1zOEZyeWJqQXhzWjVZaF94b0xOelFMT2FOOHVUZVFlaTBkdw?oc=5\" target=\"_blank\" rel=\"nofollow noopener\">Trump anula todos documentos de Biden firmados con autopen, incluidos indultos y contratos<\/a>&nbsp;&nbsp;20Minutos<\/li>\n<li><a href=\"https:\/\/news.google.com\/rss\/articles\/CBMisgFBVV95cUxPUmd5dWhKdEdhRld6Q0ZraGdibG55R3NKWm9WNExTR3Q3anNuMllQOXNnQ3R4eFc2Ymg5eU5hZldRNUtKWVUxd1o2YTIyOFJTOFpjMHhwbk0wQ21FcTJDLVYteVh0NTNOZVk0ckJXY3RsOUpUNUcxYVd0S3ZIeFYtUjgyWUdDUjdHSFZZUS1DN29hMkJXTHFKRk41NC1BSFVKNC1tb2xrQVVIRnBmQThuUVZn?oc=5\" target=\"_blank\" rel=\"nofollow noopener\">Trump revocar\u00e1 las \u00f3rdenes ejecutivas firmadas por Biden con el &#8216;autopen&#8217;: \u00abSon aproximadamente el 92%\u00bb<\/a>&nbsp;&nbsp;ABC<\/li>\n<li><a href=\"https:\/\/news.google.com\/rss\/articles\/CBMi_gFBVV95cUxNM1BobUt6U2ZEYklPQkVLYk1yWFVCRTBFMUp1cmk3V2RWdV9EMFNEWDNoSXpRd1ZQRGIwdVZyWTNFVGlpV0RMQUFRTjhXcFlhX2p3am1QdTNyWjY5dnB6aWhGMWk1a3VKMlNFM3lmbC1kN29POXBzVXFGVXFtd19hQXNoVXRSeU8yaGhiRHZ3U1Z6NHdEeDA3WFN0dmVxX01KaEJDRUNuMnBZZk91RUdhN1VXTF9uek9WMkNhbDFiLWFkcWMwRzN2bC1XN3JhX2hyeVFCNDdrajk0UWt5X2oyM1NjeXZ2V1RvV0FBRkVFZksycnZnaktTbXhKenBRZw?oc=5\" target=\"_blank\" rel=\"nofollow noopener\">Campa\u00f1a sin evidencias contra firma autom\u00e1tica: \u00bfpuede Trump anular las \u00f3rdenes ejecutivas de Biden?<\/a>&nbsp;&nbsp;France 24<\/li>\n<li><a href=\"https:\/\/news.google.com\/rss\/articles\/CBMi7gFBVV95cUxQOWVpR2M2Wm4wNzRWN1MtM3Nmam1kMnlNcHJiNU1MTEFXWDFZalRHbFN6MG5kVlBZNWxJWVZhWUJCY0ZOZFZWdVVWMWszUUxtUWYwdWU3YVNLeC1tNnlaaXRoVkV3RVhzdDJFR1gwMmRQa3hOcjMyNTJ4MTI1NGd6NDlwVUdUVzlQcU5qQ3lHOHJscGU0UU9YWmpxYXROSlRhcXNzcXdjNGNJenV3MS1yX21hM3hMMmJXTndNVmQ0Zk44RGdGQ0dkU0tuYnFEMU5rYzJxMjBkcVdBb1ZaNmJaWGJWQUtlMnlKazR1YU5R0gHzAUFVX3lxTE41NmZvMEFadElCdE56UXZiSWUwYXVfRnpiOG8wYWd1SFJzQWg3VF9zVXp0VG9oeVNkQUtyNm1BSXNHLTk0THdSZnAtbTJnVUY3ODFJcHUyVU1wX1pFaUgxZXRSOUxrWnIyX2JTUFpQZjhxQnBzcjVRczBmWkhrVWpsdmVHNi1FVUVPUHpWX2l5VzRGVC1FY3lNT2FPbHlMZG1pVDFXcmxYTHpyOTc3YVd1WERLYl9ZUllNZnkwYm9iZW9UaXhnSExMcmgxSFk5S0xMdm93VmJaRHI4WGp6NE9QNVlwU3RaZS1sOENlZ1BKMFIyZw?oc=5\" target=\"_blank\" rel=\"nofollow noopener\">Trump contin\u00faa su cruzada contra el &#8216;somnoliento&#8217; Biden: anular\u00e1 todas las \u00f3rdenes que asegura que firm\u00f3 con autopen<\/a>&nbsp;&nbsp;El Espa\u00f1ol<\/li>\n<\/ol>\n","protected":false},"excerpt":{"rendered":"Trump insiste en la anulaci\u00f3n de las \u00f3rdenes y documentos firmados autom\u00e1ticamente por la Administraci\u00f3n Biden&nbsp;&nbsp;Europa Press Trump&hellip;\n","protected":false},"author":2,"featured_media":248356,"comment_status":"","ping_status":"","sticky":false,"template":"","format":"standard","meta":{"footnotes":""},"categories":[42],"tags":[17,18,13,14,11,61,62,63,64,19,20,9,10,15,16,12,21,22,65,66,67],"class_list":{"0":"post-268547","1":"post","2":"type-post","3":"status-publish","4":"format-standard","5":"has-post-thumbnail","7":"category-internacional","8":"tag-breaking-news","9":"tag-breakingnews","10":"tag-featured-news","11":"tag-featurednews","12":"tag-headlines","13":"tag-internacional","14":"tag-international","15":"tag-international-news","16":"tag-internationalnews","17":"tag-latest-news","18":"tag-latestnews","19":"tag-news","20":"tag-noticias","21":"tag-noticias-destacadas","22":"tag-noticiasdestacadas","23":"tag-titulares","24":"tag-ultimas-noticias","25":"tag-ultimasnoticias","26":"tag-world","27":"tag-world-news","28":"tag-worldnews"},"share_on_mastodon":{"url":"https:\/\/pubeurope.com\/@es\/115654286866775921","error":""},"_links":{"self":[{"href":"https:\/\/www.europesays.com\/es\/wp-json\/wp\/v2\/posts\/268547","targetHints":{"allow":["GET"]}}],"collection":[{"href":"https:\/\/www.europesays.com\/es\/wp-json\/wp\/v2\/posts"}],"about":[{"href":"https:\/\/www.europesays.com\/es\/wp-json\/wp\/v2\/types\/post"}],"author":[{"embeddable":true,"href":"https:\/\/www.europesays.com\/es\/wp-json\/wp\/v2\/users\/2"}],"replies":[{"embeddable":true,"href":"https:\/\/www.europesays.com\/es\/wp-json\/wp\/v2\/comments?post=268547"}],"version-history":[{"count":0,"href":"https:\/\/www.europesays.com\/es\/wp-json\/wp\/v2\/posts\/268547\/revisions"}],"wp:featuredmedia":[{"embeddable":true,"href":"https:\/\/www.europesays.com\/es\/wp-json\/wp\/v2\/media\/248356"}],"wp:attachment":[{"href":"https:\/\/www.europesays.com\/es\/wp-json\/wp\/v2\/media?parent=268547"}],"wp:term":[{"taxonomy":"category","embeddable":true,"href":"https:\/\/www.europesays.com\/es\/wp-json\/wp\/v2\/categories?post=268547"},{"taxonomy":"post_tag","embeddable":true,"href":"https:\/\/www.europesays.com\/es\/wp-json\/wp\/v2\/tags?post=268547"}],"curies":[{"name":"wp","href":"https:\/\/api.w.org\/{rel}","templated":true}]}}