{"id":268550,"date":"2025-12-03T06:46:11","date_gmt":"2025-12-03T06:46:11","guid":{"rendered":"https:\/\/www.europesays.com\/es\/268550\/"},"modified":"2025-12-03T06:46:11","modified_gmt":"2025-12-03T06:46:11","slug":"es-muy-peligroso-para-un-expresidente-volver-a-honduras-en-estas-condiciones-la-esposa-de-juan-orlando-hernandez-asegura-que-el-politico-indultado-por-trump-se-quedara-en-ee-uu","status":"publish","type":"post","link":"https:\/\/www.europesays.com\/es\/268550\/","title":{"rendered":"\u00abEs muy peligroso para un expresidente volver a Honduras en estas condiciones\u00bb: la esposa de Juan Orlando Hern\u00e1ndez asegura que el pol\u00edtico indultado por Trump se quedar\u00e1 en EE.UU."},"content":{"rendered":"<p><img fetchpriority=\"high\" decoding=\"async\" src=\"https:\/\/www.europesays.com\/es\/wp-content\/uploads\/2025\/12\/eba3db10-cfe5-11f0-9e83-ad54af7352ce.jpg.webp.webp\"   alt=\"Juan Orlando Hern\u00e1ndez saluda con su mano derecha mientras que con la izquierda toma de la mano a su esposa, Ana Garc\u00eda \" loading=\"eager\" width=\"888\" height=\"500\" style=\"aspect-ratio:888 \/ 500\" class=\"css-4ejld5\"\/><\/p>\n<p class=\"css-by8ykd\" role=\"text\">Fuente de la imagen, AFP v\u00eda Getty Images<\/p>\n<p>Pie de foto, Ana Garc\u00eda de Hern\u00e1ndez (derecha) no puede ingresar de momento a Estados Unidos porque su visa fue revocada.<strong id=\"article-byline\" aria-hidden=\"true\" class=\"css-m04vo2\">Informaci\u00f3n del art\u00edculo<\/strong><\/p>\n<ul class=\"css-1rvtlej\">\n<li class=\"css-oe8da4\">\n<ul role=\"list\" class=\"css-1rnycnn\">\n<li>Autor, Will Grant<a href=\"https:\/\/www.bbc.com\/mundo\/topics\/cqrdwxjrkx8t\" class=\"focusIndicatorReducedWidth css-1rnj7po\" rel=\"nofollow noopener\" target=\"_blank\">Will Grant<\/a><\/li>\n<li>T\u00edtulo del autor,  Corresponsal de BBC News para M\u00e9xico, Centroam\u00e9rica y Cuba<\/li>\n<li>Informa desde  Tegucigalpa, Honduras<\/li>\n<\/ul>\n<\/li>\n<li class=\"css-1clfxfc\">3 diciembre 2025, 01:45 GMT\n<p>Actualizado 4 horas<\/p>\n<\/li>\n<li class=\"css-1clfxfc\"\/><\/ul>\n<p dir=\"ltr\" class=\"css-oygqes e17g058b0\"><b>La esposa del expresidente de Honduras Juan Orlando Hern\u00e1ndez, liberado este lunes de una prisi\u00f3n en EE.UU., dijo que su esposo permanecer\u00e1 de momento en el pa\u00eds norteamericano porque no est\u00e1 garantizada su seguridad en caso de regresar.<\/b><\/p>\n<p dir=\"ltr\" class=\"css-oygqes e17g058b0\">\u00abEs muy peligroso para un expresidente volver en estas condiciones, donde lo que se cultiv\u00f3 de parte del gobierno (de Xiomara Castro) era ese discurso de odio\u00bb, declar\u00f3 Ana Garc\u00eda de Hern\u00e1ndez a la BBC.<\/p>\n<p dir=\"ltr\" class=\"css-oygqes e17g058b0\">\u00abNo creemos que haya las condiciones para que \u00e9l pueda regresar en este momento. (&#8230;) Nuestro anhelo es estar aqu\u00ed, pero tambi\u00e9n tenemos que pensar en cu\u00e1les son las mejores condiciones para que nuestra familia pueda superar el trauma que hemos vivido a lo largo de los \u00faltimos cuatro a\u00f1os\u00bb, agreg\u00f3.<\/p>\n<p dir=\"ltr\" class=\"css-oygqes e17g058b0\">Hern\u00e1ndez, integrante del conservador Partido Nacional y que gobern\u00f3 Honduras entre 2014 y 2022, estaba recluido en una c\u00e1rcel de Virginia Occidental tras una condena a 45 a\u00f1os de prisi\u00f3n en junio de 2024 como cabecilla de una organizaci\u00f3n que introdujo m\u00e1s de 400 toneladas de coca\u00edna en Estados Unidos.<\/p>\n<p dir=\"ltr\" class=\"css-oygqes e17g058b0\">Pero d\u00edas atr\u00e1s fue indultado por el presidente de ese pa\u00eds, Donald Trump.<\/p>\n<p dir=\"ltr\" class=\"css-oygqes e17g058b0\">En su red Truth Social, el mandatario estadounidense se refiri\u00f3 a su decisi\u00f3n y aleg\u00f3 que Hern\u00e1ndez \u00abha sido tratado con mucha dureza e injusticia\u00bb.<\/p>\n<p dir=\"ltr\" class=\"css-oygqes e17g058b0\">El mensaje fue publicado horas antes de que los hondure\u00f1os concurrieran el domingo a las urnas para elegir a un nuevo presidente, que asumir\u00e1 el pr\u00f3ximo 27 de enero.<\/p>\n<p dir=\"ltr\" class=\"css-oygqes e17g058b0\">Si bien a\u00fan se desconoce el ganador, el escrutinio del 69% de las mesas muestra una ajustada diferencia entre el nacionalista Nasry Asfura y el liberal Salvador Nasralla. La candidata oficialista Rixi Moncada qued\u00f3 relegada al tercer lugar.<\/p>\n<p dir=\"ltr\" class=\"css-oygqes e17g058b0\">Ana Garc\u00eda de Hern\u00e1ndez afirm\u00f3 que para que su marido pueda regresar a Honduras, depender\u00e1 \u00absobre todo de las condiciones de seguridad que se le garanticen\u00bb. Sostuvo que ella y su familia no pueden entrar a Estados Unidos porque sus visas fueron revocadas, pero que iniciar\u00e1n los tr\u00e1mites para levantar esa sanci\u00f3n y poder reunirse con el exmandatario.<\/p>\n<p dir=\"ltr\" class=\"css-oygqes e17g058b0\">Garc\u00eda tambi\u00e9n dijo que miembros del movimiento trumpista MAGA (Make America Great Again, \u00abHagamos Estados Unidos grande nuevamente\u00bb) hab\u00edan defendido la causa de su esposo y hab\u00edan intercedido ante el propio Trump para su liberaci\u00f3n.<\/p>\n<p dir=\"ltr\" class=\"css-oygqes e17g058b0\">Garc\u00eda record\u00f3 que el presidente estadounidense hab\u00eda prometido en campa\u00f1a que \u00abse iba a encargar de que ninguna persona tuviera que sufrir la persecuci\u00f3n del Estado\u00bb y que cumpli\u00f3 con su marido.<\/p>\n<p dir=\"ltr\" class=\"css-oygqes e17g058b0\">Adem\u00e1s, compar\u00f3 la situaci\u00f3n de Hern\u00e1ndez con la de Trump, porque ambos fueron investigados por la Fiscal\u00eda del distrito sur de Nueva York y condenados \u00absin pruebas\u00bb.<\/p>\n<p>Entre la incredulidad y la euforia<\/p>\n<p><img decoding=\"async\" src=\"https:\/\/www.europesays.com\/es\/wp-content\/uploads\/2025\/12\/e6ef68d0-cfe7-11f0-8c06-f5d460985095.jpg.webp.webp\"   alt=\"Juan Orlando Hern\u00e1ndez vistiendo una chaqueta deportiva azul, pantalones vaqueros y una mascarilla azul camina con las dos manos juntas puestas al frente, rodeado de varios efectivos policiales.\" loading=\"lazy\" width=\"1024\" height=\"662\" style=\"aspect-ratio:1024 \/ 662\" class=\"css-4ejld5\"\/><\/p>\n<p class=\"css-by8ykd\" role=\"text\">Fuente de la imagen, Getty Images<\/p>\n<p>Pie de foto, En abril de 2022, Juan Orlando Hern\u00e1ndez fue extraditado a EE.UU., donde fue condenado por narcotr\u00e1fico.<\/p>\n<p dir=\"ltr\" class=\"css-oygqes e17g058b0\">La noticia sobre el indulto ha sido recibida con una mezcla de incredulidad y resignaci\u00f3n en Honduras, excepto por los seguidores de Hern\u00e1ndez, quienes se mostraron euf\u00f3ricos.<\/p>\n<p dir=\"ltr\" class=\"css-oygqes e17g058b0\">El expresidente hab\u00eda sido declarado culpable de importar coca\u00edna y poseer \u00abdispositivos destructivos\u00bb como ametralladoras, seg\u00fan el tribunal de Nueva York que lo juzg\u00f3.<\/p>\n<p dir=\"ltr\" class=\"css-oygqes e17g058b0\">Los fiscales alegaron que Hern\u00e1ndez hab\u00eda dirigido Honduras como un \u00abnarcoestado\u00bb y aceptado millones de d\u00f3lares en sobornos de narcotraficantes para protegerlos de la ley.<\/p>\n<p dir=\"ltr\" class=\"css-oygqes e17g058b0\">Hern\u00e1ndez defendi\u00f3 su inocencia frente al tribunal y asegur\u00f3 haber sido \u00abacusado err\u00f3nea e injustamente\u00bb.<\/p>\n<p dir=\"ltr\" class=\"css-oygqes e17g058b0\">De acuerdo con su esposa, el pol\u00edtico hondure\u00f1o fue juzgado sin pruebas, con \u00abun testimonio basado en chismes\u00bb, y que su condena fue parte de \u00abun libreto que impulsa la izquierda\u00bb.<\/p>\n<p dir=\"ltr\" class=\"css-oygqes e17g058b0\">Los fiscales lo acusaron de asociarse con \u00abalgunos de los narcotraficantes m\u00e1s importantes del mundo para construir un imperio corrupto y brutalmente violento basado en el tr\u00e1fico ilegal de toneladas de coca\u00edna a EE.UU.\u00bb.<\/p>\n<p dir=\"ltr\" class=\"css-oygqes e17g058b0\">Tres meses despu\u00e9s de dejar el puesto, fue arrestado y extraditado a Nueva York para enfrentar cargos federales.<\/p>\n<p><img decoding=\"async\" src=\"https:\/\/www.europesays.com\/es\/wp-content\/uploads\/2025\/12\/8f8b1260-cfe2-11f0-9fb5-5f3a3703a365.png.webp.webp\"   alt=\"&quot;&quot;\" loading=\"lazy\" width=\"800\" height=\"100\" style=\"aspect-ratio:800 \/ 100\" class=\"css-4ejld5\"\/><\/p>\n<p dir=\"ltr\" class=\"css-oygqes e17g058b0\"><a href=\"https:\/\/www.bbc.com\/mundo\/send\/u184973209\" class=\"focusIndicatorReducedWidth css-n8oauk e1p3sufg0\" rel=\"nofollow noopener\" target=\"_blank\">Suscr\u00edbete aqu\u00ed<\/a> a nuestro nuevo newsletter para recibir cada viernes una selecci\u00f3n de nuestro mejor contenido de la semana.<\/p>\n<p dir=\"ltr\" class=\"css-oygqes e17g058b0\">Y recuerda que puedes recibir notificaciones en nuestra app. Descarga la \u00faltima versi\u00f3n y act\u00edvalas.<\/p>\n","protected":false},"excerpt":{"rendered":"Fuente de la imagen, AFP v\u00eda Getty Images Pie de foto, Ana Garc\u00eda de Hern\u00e1ndez (derecha) no puede&hellip;\n","protected":false},"author":2,"featured_media":268551,"comment_status":"","ping_status":"","sticky":false,"template":"","format":"standard","meta":{"footnotes":""},"categories":[5],"tags":[17,18,25,24,13,14,11,19,20,9,10,15,16,23,12,21,22],"class_list":{"0":"post-268550","1":"post","2":"type-post","3":"status-publish","4":"format-standard","5":"has-post-thumbnail","7":"category-titulares","8":"tag-breaking-news","9":"tag-breakingnews","10":"tag-es","11":"tag-espana","12":"tag-featured-news","13":"tag-featurednews","14":"tag-headlines","15":"tag-latest-news","16":"tag-latestnews","17":"tag-news","18":"tag-noticias","19":"tag-noticias-destacadas","20":"tag-noticiasdestacadas","21":"tag-spain","22":"tag-titulares","23":"tag-ultimas-noticias","24":"tag-ultimasnoticias"},"share_on_mastodon":{"url":"https:\/\/pubeurope.com\/@es\/115654294789883166","error":""},"_links":{"self":[{"href":"https:\/\/www.europesays.com\/es\/wp-json\/wp\/v2\/posts\/268550","targetHints":{"allow":["GET"]}}],"collection":[{"href":"https:\/\/www.europesays.com\/es\/wp-json\/wp\/v2\/posts"}],"about":[{"href":"https:\/\/www.europesays.com\/es\/wp-json\/wp\/v2\/types\/post"}],"author":[{"embeddable":true,"href":"https:\/\/www.europesays.com\/es\/wp-json\/wp\/v2\/users\/2"}],"replies":[{"embeddable":true,"href":"https:\/\/www.europesays.com\/es\/wp-json\/wp\/v2\/comments?post=268550"}],"version-history":[{"count":0,"href":"https:\/\/www.europesays.com\/es\/wp-json\/wp\/v2\/posts\/268550\/revisions"}],"wp:featuredmedia":[{"embeddable":true,"href":"https:\/\/www.europesays.com\/es\/wp-json\/wp\/v2\/media\/268551"}],"wp:attachment":[{"href":"https:\/\/www.europesays.com\/es\/wp-json\/wp\/v2\/media?parent=268550"}],"wp:term":[{"taxonomy":"category","embeddable":true,"href":"https:\/\/www.europesays.com\/es\/wp-json\/wp\/v2\/categories?post=268550"},{"taxonomy":"post_tag","embeddable":true,"href":"https:\/\/www.europesays.com\/es\/wp-json\/wp\/v2\/tags?post=268550"}],"curies":[{"name":"wp","href":"https:\/\/api.w.org\/{rel}","templated":true}]}}