{"id":268568,"date":"2025-12-03T07:04:13","date_gmt":"2025-12-03T07:04:13","guid":{"rendered":"https:\/\/www.europesays.com\/es\/268568\/"},"modified":"2025-12-03T07:04:13","modified_gmt":"2025-12-03T07:04:13","slug":"fran-rivera-fabiola-martinez-gabriela-guillen-y-ana-rosa-protagonizan-las-portadas","status":"publish","type":"post","link":"https:\/\/www.europesays.com\/es\/268568\/","title":{"rendered":"Fran Rivera, Fabiola Mart\u00ednez, Gabriela Guill\u00e9n y Ana Rosa protagonizan las portadas"},"content":{"rendered":"<p data-gtm-element-container=\"modulo-texto-link\" class=\"paragraph\">\u00a1Hola! asiste al bautizo de Nicol\u00e1s, hijo menor de Fran Rivera y Lourdes Montes y as\u00ed vemos a la pareja con el ni\u00f1o y Tana, hija mayor del diestro, sosteniendo al beb\u00e9 muy sonriente. La ceremonia se ofici\u00f3 en la iglesia de Santa Ana, en el coraz\u00f3n del barrio de Triana de Sevilla. El otro tema de portada es el exclusivo Baile de las Debutantes de Par\u00eds, protagonizado este a\u00f1o por Carolina Lansing, nieta de la dise\u00f1adora Carolina Herrera, la princesa Eulalia de Orleans-Borb\u00f3n y Almudena Dailly de Orleans y Lady Araminta Spencer-Churchill, entre otras.<\/p>\n<p>                <img loading=\"lazy\" decoding=\"async\" data-full-src=\"https:\/\/www.lavanguardia.com\/uploads\/2025\/12\/03\/692fd7372414b.png\" alt=\"Portada de la revista '\u00a1Hola!' del 3 de diciembre\" width=\"449\" height=\"616\" src=\"https:\/\/www.europesays.com\/es\/wp-content\/uploads\/2025\/12\/692fd7372414b.png\" class=\"lazy\"\/><\/p>\n<p class=\"caption-title \">Portada de la revista &#8216;\u00a1Hola!&#8217; del 3 de diciembre<\/p>\n<p>                    \u00a1Hola!<\/p>\n<p data-gtm-element-container=\"modulo-texto-link\" class=\"paragraph\">Semana ha entrevistado a Fabiola Mart\u00ednez: han pasado ya cerca de cinco a\u00f1os desde que se rompi\u00f3 su matrimonio con Bert\u00edn Osborne de casi dos d\u00e9cadas de relaci\u00f3n y por fin lo anuncia abiertamente \u201cQuiero enamorarme de nuevo\u201d. El bautizo de Nicol\u00e1s, hijo menor de Fran Rivera y Lourdes Montes, ocupa tambi\u00e9n espacio en portada y bajo esa noticia vemos a Felipe VI con el gesto adusto y al rey em\u00e9rito con una mirada directamente enfadada para ilustrar el titular \u201cEnfrentados: el rey Felipe se planta antes su padre\u201d. En el fald\u00f3n, la preocupaci\u00f3n de Lydia Lozano aumenta: su marido lleva ya dos meses ingresado.<\/p>\n<p>                <img loading=\"lazy\" decoding=\"async\" data-full-src=\"https:\/\/www.lavanguardia.com\/uploads\/2025\/12\/03\/692fd76d3bc49.png\" alt=\"Portada de la revista 'Semana' del 3 de diciembre\" width=\"449\" height=\"594\" src=\"https:\/\/www.europesays.com\/es\/wp-content\/uploads\/2025\/12\/692fd76d3bc49.png\" class=\"lazy\"\/><\/p>\n<p class=\"caption-title \">Portada de la revista &#8216;Semana&#8217; del 3 de diciembre<\/p>\n<p>                    Semana<\/p>\n<p data-gtm-element-container=\"modulo-texto-link\" class=\"paragraph\">Diez Minutos ofrece las primeras fotos de Gabriela Guill\u00e9n tras conceder una entrevista cargada de reproches hacia Bert\u00edn Osborne por no firmar el convenio regulador por la custodia de su hijo. Fran Rivera y Lourdes Montes han bautizado este fin de semana en Sevilla a su hijo menor, Nicol\u00e1s, y Susana Griso, cuya boda con Luis Enr\u00edquez est\u00e1 cada d\u00eda m\u00e1s cerca, adelanta que los padrinos del enlace ser\u00e1n sus respectivos hijos. Por \u00faltimo, Alejandro Sanz posa con su pareja, Candela, disipando rumores de crisis.<\/p>\n<p>                <img loading=\"lazy\" decoding=\"async\" data-full-src=\"https:\/\/www.lavanguardia.com\/uploads\/2025\/12\/03\/692fd78a88114.png\" alt=\"Portada de la revista 'Diez Minutos' del 3 de diciembre\" width=\"449\" height=\"637\" src=\"https:\/\/www.europesays.com\/es\/wp-content\/uploads\/2025\/12\/692fd78a88114.png\" class=\"lazy\"\/><\/p>\n<p class=\"caption-title \">Portada de la revista &#8216;Diez Minutos&#8217; del 3 de diciembre<\/p>\n<p>                    Diez Minutos<\/p>\n<p data-gtm-element-container=\"modulo-texto-link\" class=\"paragraph\">Lecturas se adentra en la anual fiesta que Ana Rosa ofrece a sus empleados en la productora Unicorn, una cita de empresa por todo lo alto que este a\u00f1o se ha celebrado en la sala Teatro Magno de Madrid. De t\u00e9cnicos a presentadores, pasando por los miembros de todas las redacciones, brindaron por la Navidad ante la generosa jefa. Pilar Eyre retrata a la reina Victoria Eugenia, cuya historia inspira a la serie Ena (RTVE); si alguien puede hablar con autoridad sobre el asunto es Eyre, autora de la novela\u00a0hom\u00f3nima y que public\u00f3 en 2013. Isabel Pantoja cobrar\u00e1 la interesante cantidad de dos millones de euros por su gira en Latinoam\u00e9rica y en el fald\u00f3n vemos a Romina Power con motivo de sus memorias. \u201cMi hija Ylenia sigue viva\u201d, insiste la cantante.<\/p>\n<p>                <img loading=\"lazy\" decoding=\"async\" data-full-src=\"https:\/\/www.lavanguardia.com\/uploads\/2025\/12\/03\/692fd7aa69187.png\" alt=\"Portada de la revista 'Lecturas' del 3 de diciembre\" width=\"449\" height=\"593\" src=\"https:\/\/www.europesays.com\/es\/wp-content\/uploads\/2025\/12\/692fd7aa69187.png\" class=\"lazy\"\/><\/p>\n<p class=\"caption-title \">Portada de la revista &#8216;Lecturas&#8217; del 3 de diciembre<\/p>\n<p>                    Lecturas<\/p>\n","protected":false},"excerpt":{"rendered":"\u00a1Hola! asiste al bautizo de Nicol\u00e1s, hijo menor de Fran Rivera y Lourdes Montes y as\u00ed vemos a&hellip;\n","protected":false},"author":2,"featured_media":268569,"comment_status":"","ping_status":"","sticky":false,"template":"","format":"standard","meta":{"footnotes":""},"categories":[91],"tags":[146,147,25,24,23],"class_list":{"0":"post-268568","1":"post","2":"type-post","3":"status-publish","4":"format-standard","5":"has-post-thumbnail","7":"category-entretenimiento","8":"tag-entertainment","9":"tag-entretenimiento","10":"tag-es","11":"tag-espana","12":"tag-spain"},"share_on_mastodon":{"url":"https:\/\/pubeurope.com\/@es\/115654365807261119","error":""},"_links":{"self":[{"href":"https:\/\/www.europesays.com\/es\/wp-json\/wp\/v2\/posts\/268568","targetHints":{"allow":["GET"]}}],"collection":[{"href":"https:\/\/www.europesays.com\/es\/wp-json\/wp\/v2\/posts"}],"about":[{"href":"https:\/\/www.europesays.com\/es\/wp-json\/wp\/v2\/types\/post"}],"author":[{"embeddable":true,"href":"https:\/\/www.europesays.com\/es\/wp-json\/wp\/v2\/users\/2"}],"replies":[{"embeddable":true,"href":"https:\/\/www.europesays.com\/es\/wp-json\/wp\/v2\/comments?post=268568"}],"version-history":[{"count":0,"href":"https:\/\/www.europesays.com\/es\/wp-json\/wp\/v2\/posts\/268568\/revisions"}],"wp:featuredmedia":[{"embeddable":true,"href":"https:\/\/www.europesays.com\/es\/wp-json\/wp\/v2\/media\/268569"}],"wp:attachment":[{"href":"https:\/\/www.europesays.com\/es\/wp-json\/wp\/v2\/media?parent=268568"}],"wp:term":[{"taxonomy":"category","embeddable":true,"href":"https:\/\/www.europesays.com\/es\/wp-json\/wp\/v2\/categories?post=268568"},{"taxonomy":"post_tag","embeddable":true,"href":"https:\/\/www.europesays.com\/es\/wp-json\/wp\/v2\/tags?post=268568"}],"curies":[{"name":"wp","href":"https:\/\/api.w.org\/{rel}","templated":true}]}}