{"id":268572,"date":"2025-12-03T07:07:06","date_gmt":"2025-12-03T07:07:06","guid":{"rendered":"https:\/\/www.europesays.com\/es\/268572\/"},"modified":"2025-12-03T07:07:06","modified_gmt":"2025-12-03T07:07:06","slug":"malasia-retoma-la-busqueda-del-desaparecido-vuelo-mh370-el-mayor-misterio-de-la-aviacion-de-la-historia-lasexta","status":"publish","type":"post","link":"https:\/\/www.europesays.com\/es\/268572\/","title":{"rendered":"Malasia retoma la b\u00fasqueda del desaparecido vuelo MH370, el mayor misterio de la aviaci\u00f3n de la historia &#8211; LaSexta"},"content":{"rendered":"<ol>\n<li><a href=\"https:\/\/news.google.com\/rss\/articles\/CBMi-gFBVV95cUxNWW5haExJVDVmWW51ejdCQUNYQS1ySktzUjdiWGozVU55aVRTVkZwQ0dGX1lGTFFBYVVnVV9ZbzZ3Y2U4X181TlRjSEwtRGQ0TXozWjlFdnRXamJOUzVZczlwckphQnFmQ3psRDBwUDVvUFFtcjNBWDZSN0hKQ2UtTXU4SDZSMFlvWkpqWWI5TnN0NkgzZHZCSWRwdzhqNjlKVW85aVhXV0FFR29xRUFjazdkLTkyUEZ0LTFQQUtYZGxETS1SanhqUWJwdjZlNGFLNUtMaUtaWUx1VDAwajVObjNNTXpwaGptcFBxZ0ZUdW5NWjFXZGFPWmp30gH6AUFVX3lxTE1lM3d5YVBjUTRqQWd5MnByNDV6UW5fR0NKcjNmWjJGLUNVTjVjdWptN1g4UWhPd1RoQzlCaTlFaGQ1UnBDZU0waGhMU3JzVXlOOHlPWHBpQUY5WnR6T29BbldGc1ViR3VtT0dtWnF3ellQZ2taYUFTR2NhMGVXVl9CWUljdGtGNWl2RVZvU0xyakdua0JuRlFmMTJ6VTZmU3lOTkVib2pCS3g0YVM2dHVnZlJCX096RU9ISDJjaGdIZGo3Z1VDdHAwRmNUOWNNbmxJUnBfYkZRUTl4OF9Od2xkUDFmanlybVBTb2twR1RWZWxWdzJBUkFQZ2c?oc=5\" target=\"_blank\" rel=\"nofollow noopener\">Malasia retoma la b\u00fasqueda del desaparecido vuelo MH370, el mayor misterio de la aviaci\u00f3n de la historia<\/a>&nbsp;&nbsp;LaSexta<\/li>\n<li><a href=\"https:\/\/news.google.com\/rss\/articles\/CBMigwFBVV95cUxQM1kxX2Z1QXJUT3J4NkVjOUxRM29uNDY2Rk02X2JzVjVrS0t2M0QtdE9uWmdqTzhtQ0N1LW5hX3dFMHFkN0JqV1I3NFVITjRBdWhQWXpYby1JakwzRXFaMlZ0OEx4cEZRRGVtMGh3YU1zdzBJd0RmYngzLWh3R0tqYUFvQdIBgwFBVV95cUxNOUQ3WXFmVmwxYlVWU0M0Zi1GOWxodE1STE55Mm9Yb01OM1NWX2psUHVUdzdjWFpzZ3FqdTZaWkRCMnlhd1VwS1BDYmFncTRJUXdtS2Z1LXpfVmRvdnN0Z3c5SkxjYk4zUWFLdDdQeGJ2MzdBNXZwdW1CT3JONGZmTmcwZw?oc=5\" target=\"_blank\" rel=\"nofollow noopener\">Malasia anuncia la reanudaci\u00f3n de la b\u00fasqueda en aguas profundas del vuelo MH370 de Malaysia Airlines desaparecido hace 11 a\u00f1os<\/a>&nbsp;&nbsp;El Mundo<\/li>\n<li><a href=\"https:\/\/news.google.com\/rss\/articles\/CBMirgFBVV95cUxPcXlsTl9uQUsxc05JeC1QYUZHb2RhNVN5MThHTFFLcHJuZFY1SzFuWllsNVR0aU5QRkdZR0VIci1wdmpKWkkyWE5XaThuN1AxNTVjUHBfemxaV2Vpb09LQm9ZT29xQkZGbV8wZHc0U1dpQWJhRmsxUmk1Q1VuT1VUTFFzaHE4elNJcy0xSWNyWi1jLVp6VVg5NGZkam1Fc3pGNWhnVG1lVHBlRTgwNUHSAa4BQVVfeXFMTThQeFRHaEkyNGtHRlJ4a1NuWU96Z0c2cFVZOHdmM2xsM1p6NkJvQmtQams5TnhkNnZjUG9yTk5EcHBGaE5DZlNLeFdsenJvOGp1blU1V0ZKQ2tEUTZGRExxaDVSS1Z2a3ZvXzdndVBOQlVNNVhubHN1eFpodUszTnBCWGxuSThteHNKSEFlbk9HQnpuak91aUFyMlBkYk1CWWJiaW5WbVN0R1FMOGx3?oc=5\" target=\"_blank\" rel=\"nofollow noopener\">Reanudan la b\u00fasqueda del avi\u00f3n MH370 de Malaysia Airlines perdido en el \u00cdndico hace once a\u00f1os<\/a>&nbsp;&nbsp;RTVE.es<\/li>\n<li><a href=\"https:\/\/news.google.com\/rss\/articles\/CBMi4AFBVV95cUxPUU10TnZOZTRzNkJzdGZERm94ZkZWTmVXanNneFdWTWZUakYwTXlMd05DUzdzTjVNbXBjUmZjT2xFRlZ4Vk5jNkdNQUdBUFo3bWFadm9iTlNBczRuR3BXM3NWLVhIZGxXb21fY1VlQUkxcXBTWUR6cjladlZKT2lFQU1KNWhMV1dlWktXZ2hiZkJhWk9sWkE5U2h0T2xCcFBoZEFncFNsd25XX0JHZEpNdThrNjE5QU1WbnluX09TSkUxOUdLQnhpMzY3Vi1PSkRGNmlBYXBVcnIxaTgtX0ZYadIB-wFBVV95cUxQN2NmR3hhcHZqSFNYXzF0VzBUYnZna2lSRVFBQWVhMkZPbWV3U1BESnR1UF9SQVBRNGgxUEtQdzJZSV9ReThzdW9ZdVdrcXNDQnhySTRPSXl3cnhXamhLeTJRa0cwd1NZOHVmZ283eEdsRnVLeDdMMFJKS2F6OGR0Z3JTTHBHLUFnamxLOW9wSlhjNXVNdXBQVFRQR1FVd3EzME5RWHNqd2JZU3ZoTkVFaHVkWDlvNWVHNnh2QkVtOGtiSXhWMGZLZkNIMWtTa1FKZ1JVeUNtVHRsUG1Da2ZEVkVqVkxEWU5xNE1PTkhBc0daWFVtWG5naHllUQ?oc=5\" target=\"_blank\" rel=\"nofollow noopener\">El Gobierno de Malasia anunci\u00f3 la reanudaci\u00f3n de la b\u00fasqueda del vuelo MH370 tras 11 a\u00f1os de su desaparici\u00f3n<\/a>&nbsp;&nbsp;Infobae<\/li>\n<li><a href=\"https:\/\/news.google.com\/rss\/articles\/CBMi5gFBVV95cUxQcjJxU1djWU1vTlM5T3hKRlZDcDJuRGV3aTZqZUVsN0hScFNuTEltTjRxTjN0UTljc29DaWt0Z3FwQUZTemI4ak1fbDNtWExGQXZmak1BUVV0bWhfblU5YzZ1VmRHT1QxcVF0WXVRbmhiN3dyZVpHMFoxZlB0SXZZQ2FySGpoSFJSUDVmSFZySWFmODluWUNObjFXem04RjF5OFFXTUdid0JqeHpEek45TG1scjJYbi1WbUVwT0tFdENzeFhoLUlQVXNGUW8wNFJZbld0NUFhQlRkWHZMM1lYRWdZbEt1QQ?oc=5\" target=\"_blank\" rel=\"nofollow noopener\">La b\u00fasqueda del vuelo MH370 de Malaysia Airlines se reanudar\u00e1 el 30 de diciembre, anuncia Malasia<\/a>&nbsp;&nbsp;MarketScreener Espa\u00f1a<\/li>\n<\/ol>\n","protected":false},"excerpt":{"rendered":"Malasia retoma la b\u00fasqueda del desaparecido vuelo MH370, el mayor misterio de la aviaci\u00f3n de la historia&nbsp;&nbsp;LaSexta Malasia&hellip;\n","protected":false},"author":2,"featured_media":248356,"comment_status":"","ping_status":"","sticky":false,"template":"","format":"standard","meta":{"footnotes":""},"categories":[42],"tags":[17,18,13,14,11,61,62,63,64,19,20,9,10,15,16,12,21,22,65,66,67],"class_list":{"0":"post-268572","1":"post","2":"type-post","3":"status-publish","4":"format-standard","5":"has-post-thumbnail","7":"category-internacional","8":"tag-breaking-news","9":"tag-breakingnews","10":"tag-featured-news","11":"tag-featurednews","12":"tag-headlines","13":"tag-internacional","14":"tag-international","15":"tag-international-news","16":"tag-internationalnews","17":"tag-latest-news","18":"tag-latestnews","19":"tag-news","20":"tag-noticias","21":"tag-noticias-destacadas","22":"tag-noticiasdestacadas","23":"tag-titulares","24":"tag-ultimas-noticias","25":"tag-ultimasnoticias","26":"tag-world","27":"tag-world-news","28":"tag-worldnews"},"share_on_mastodon":{"url":"https:\/\/pubeurope.com\/@es\/115654377126481920","error":""},"_links":{"self":[{"href":"https:\/\/www.europesays.com\/es\/wp-json\/wp\/v2\/posts\/268572","targetHints":{"allow":["GET"]}}],"collection":[{"href":"https:\/\/www.europesays.com\/es\/wp-json\/wp\/v2\/posts"}],"about":[{"href":"https:\/\/www.europesays.com\/es\/wp-json\/wp\/v2\/types\/post"}],"author":[{"embeddable":true,"href":"https:\/\/www.europesays.com\/es\/wp-json\/wp\/v2\/users\/2"}],"replies":[{"embeddable":true,"href":"https:\/\/www.europesays.com\/es\/wp-json\/wp\/v2\/comments?post=268572"}],"version-history":[{"count":0,"href":"https:\/\/www.europesays.com\/es\/wp-json\/wp\/v2\/posts\/268572\/revisions"}],"wp:featuredmedia":[{"embeddable":true,"href":"https:\/\/www.europesays.com\/es\/wp-json\/wp\/v2\/media\/248356"}],"wp:attachment":[{"href":"https:\/\/www.europesays.com\/es\/wp-json\/wp\/v2\/media?parent=268572"}],"wp:term":[{"taxonomy":"category","embeddable":true,"href":"https:\/\/www.europesays.com\/es\/wp-json\/wp\/v2\/categories?post=268572"},{"taxonomy":"post_tag","embeddable":true,"href":"https:\/\/www.europesays.com\/es\/wp-json\/wp\/v2\/tags?post=268572"}],"curies":[{"name":"wp","href":"https:\/\/api.w.org\/{rel}","templated":true}]}}