{"id":268575,"date":"2025-12-03T07:09:25","date_gmt":"2025-12-03T07:09:25","guid":{"rendered":"https:\/\/www.europesays.com\/es\/268575\/"},"modified":"2025-12-03T07:09:25","modified_gmt":"2025-12-03T07:09:25","slug":"un-escape-room-hiloramas-de-estrellas-bolas-de-nieve-de-cristal-casitas-de-chocolate-o-de-madera-navidenas-en-los-talleres-de-cultura-para-esta-navidad","status":"publish","type":"post","link":"https:\/\/www.europesays.com\/es\/268575\/","title":{"rendered":"Un escape room, hiloramas de estrellas, bolas de nieve de cristal, casitas de chocolate o de madera navide\u00f1as, en los talleres de Cultura para esta Navidad"},"content":{"rendered":"<ul>\n<li class=\" cmAlignjustify\"><strong>Estos talleres de tem\u00e1tica navide\u00f1a, organizados por el Ayuntamiento de M\u00f3stoles, se desarrollar\u00e1n durante las vacaciones escolares de Navidad<\/strong>, <strong>en el Centro Cultural Villa de M\u00f3stoles, del 22 al 30 de diciembre.<\/strong><\/li>\n<\/ul>\n<ul>\n<li class=\" cmAlignjustify\"><strong>Tambi\u00e9n, en el Museo de la Ciudad se impartir\u00e1n talleres para recrear c\u00f3mo era la Navidad en el siglo XIX, durante cuatro domingos consecutivos, 14, 21 y 28 de diciembre y 4 de enero, dirigidos a ni\u00f1os a partir de 3 a\u00f1os acompa\u00f1ados de un adulto. <\/strong><\/li>\n<\/ul>\n<p class=\"cmParagraph cmAlignjustify\"><img loading=\"lazy\" decoding=\"async\" src=\"https:\/\/www.europesays.com\/es\/wp-content\/uploads\/2025\/12\/1407429-destacada Navidad en el Museo de la Ciudad.jpg\" width=\"400\" height=\"225\" alt=\"destacada Navidad en el Museo de la Ciudad\"\/>El escape room \u00abLocura en la f\u00e1brica de juguetes\u00bb abre la programaci\u00f3n desarrollada por el Ayuntamiento de M\u00f3stoles, a trav\u00e9s de la Concejal\u00eda de Cultura, Desarrollo y Promoci\u00f3n Tur\u00edstica, dirigidos a ni\u00f1os de 3 a 12 a\u00f1os, que incluye, adem\u00e1s, cuentacuentos y otros talleres gratuitos, durante el periodo de vacaciones escolares de Navidad. <\/p>\n<p class=\"cmParagraph cmAlignjustify\">Estas actividades ambientadas en la creaci\u00f3n de motivos navide\u00f1os para desarrollar las destrezas de los peque\u00f1os de la casa se llevar\u00e1n a cabo, del 22 al 30 de diciembre, en el Centro Cultural Villa de M\u00f3stoles y durante cuatro domingos consecutivos, 14, 21 y 28 de diciembre y 4 de enero, en el Museo de la Ciudad. <\/p>\n<p class=\"cmParagraph cmAlignjustify\">Este original <strong>escape room<\/strong> tendr\u00e1 lugar los d\u00edas 22 y 23 de diciembre, en tres pases: a las 17:00 h, a las 18:00 h y a las 19:00 h, para ni\u00f1os de 7 a 12 a\u00f1os. Es Navidad y en la f\u00e1brica de juguetes hay mucho trabajo, pero un elfo ha perdido la lista de nombres y juguetes necesaria para el reparto a los ni\u00f1os. En esta <strong>\u00abLocura en la f\u00e1brica de juguetes\u00bb<\/strong>, los participantes se ver\u00e1n inmersos en el almac\u00e9n de una f\u00e1brica de juguetes, repleto de cajas de regalo, y deber\u00e1n encontrar cajas de madera con candados, que solo podr\u00e1n abrir resolviendo acertijos. <\/p>\n<p class=\"cmParagraph cmAlignjustify\">El lunes 22 se complementar\u00e1 con un <strong>taller de creaci\u00f3n de bolas de nieve de cristal<\/strong>, a las 17:30 h y a las 18:30 h. Y el martes 23, con otro taller para elaborar una estrella de Navidad a trav\u00e9s de la t\u00e9cnica del hilorama, consistente en enrollar hilos de colores, cuerdas o alambres alrededor de figuras geom\u00e9tricas abstractas. <\/p>\n<p class=\"cmParagraph cmAlignjustify\">Los ni\u00f1os tambi\u00e9n podr\u00e1n aprender a construir <strong>casitas de madera navide\u00f1as<\/strong>, en el taller que se impartir\u00e1 el viernes 26 de diciembre, a las 17:30 h y 18:30 h. <\/p>\n<p class=\"cmParagraph cmAlignjustify\">El domingo 28 de diciembre, se celebrar\u00e1 un <strong>Cuento-taller, \u00abEl regalo\u00bb<\/strong>, que comprende un cuentacuentos y un taller para elaborar un coj\u00edn arom\u00e1tico abrazacosas, a las 11:30 h y 12:30 h. <\/p>\n<p class=\"cmParagraph cmAlignjustify\">Adem\u00e1s, se podr\u00e1 jugar y aprender t\u00e9cnicas culinarias para elaborar <strong>Casitas de chocolate navide\u00f1as<\/strong>, gracias al taller de cocina que se impartir\u00e1 los d\u00edas 29 y 30 de diciembre, a las 17:30 h, que permitir\u00e1 desarrollar la creatividad de los m\u00e1s peque\u00f1os.<\/p>\n<p class=\"cmParagraph cmAlignjustify\"><strong>Talleres en el Museo de la Ciudad<\/strong> <\/p>\n<p class=\"cmParagraph cmAlignjustify\">El Ayuntamiento de M\u00f3stoles tambi\u00e9n ha organizado talleres para recrear c\u00f3mo era la Navidad en el siglo XIX, dirigidos a ni\u00f1os a partir de 3 a\u00f1os acompa\u00f1ados de un adulto y que se impartir\u00e1n los domingos 14, 21 y 28 de diciembre y 4 de enero, a las 11:00 h y a las 12:30 h, en el Museo de la Ciudad (calle Andr\u00e9s Torrej\u00f3n, 5). <\/p>\n<p class=\"cmParagraph cmAlignjustify\">As\u00ed, el d\u00eda 14 de diciembre, las familias podr\u00e1n aprender a construir juguetes de otras \u00e9pocas como un caballo de palo, compuesto de cart\u00f3n, madera, lana y fieltros, un juguete muy habitual entre los ni\u00f1os del siglo XIX. <\/p>\n<p class=\"cmParagraph cmAlignjustify\">El d\u00eda 21 de diciembre, se podr\u00e1 conocer la tradici\u00f3n del \u00e1rbol de Navidad y c\u00f3mo lleg\u00f3 a Espa\u00f1a, tambi\u00e9n en el siglo XIX, como elemento decorativo. Las familias podr\u00e1n realizar peque\u00f1os \u00e1rboles de Navidad con diversos materiales como cart\u00f3n, tela de saco y de diferentes tipos, botones y material de costura. <\/p>\n<p class=\"cmParagraph cmAlignjustify\">Tambi\u00e9n, el d\u00eda 28, las familias podr\u00e1n conocer la historia de las uvas de A\u00f1o Nuevo y el bando de los alcaldes de Madrid de 1882 que criticaba el ruido en Navidad y provoc\u00f3 una divertida protesta de los madrile\u00f1os comiendo uvas en la Puerta del Sol el 31 de diciembre, lo que motiv\u00f3 esta tradici\u00f3n. Enmarcado en este hecho, en este taller se podr\u00e1n decorar cajas para las uvas de la suerte. <\/p>\n<p class=\"cmParagraph cmAlignjustify\">El domingo 4 de enero, los participantes en este taller elaborar\u00e1n la carta de los buenos deseos, una carta especial para los Reyes Magos. <\/p>\n<p class=\"cmParagraph cmAlignjustify\">Las inscripciones al escape room y a estos talleres de Navidad podr\u00e1n realizarse, a partir del d\u00eda 2 de diciembre, indicando el nombre del taller, nombre y apellidos de las personas que van a participar y el horario de preferencia, en este enlace <a href=\"https:\/\/docs.google.com\/forms\/d\/e\/1FAIpQLSdVIEuaQe4siXxKfkvZo30V87tnPbJp7uR_1yxLljdHqTESKA\/viewform\" title=\"Este enlace se abrir\u00e1 en una ventana nueva\" target=\"_blank\" rel=\"nofollow noopener\">https:\/\/docs.google.com\/forms\/d\/e\/1FAIpQLSdVIEuaQe4siXxKfkvZo30V87tnPbJp7uR_1yxLljdHqTESKA\/viewform<\/a>. <\/p>\n","protected":false},"excerpt":{"rendered":"Estos talleres de tem\u00e1tica navide\u00f1a, organizados por el Ayuntamiento de M\u00f3stoles, se desarrollar\u00e1n durante las vacaciones escolares de&hellip;\n","protected":false},"author":2,"featured_media":268576,"comment_status":"","ping_status":"","sticky":false,"template":"","format":"standard","meta":{"footnotes":""},"categories":[5],"tags":[1201,6853,1250,17,18,6854,777,2800,5509,25,24,13,14,11,6852,1928,6850,19,20,6849,9,10,15,16,4111,6851,23,12,21,22,6855],"class_list":{"0":"post-268575","1":"post","2":"type-post","3":"status-publish","4":"format-standard","5":"has-post-thumbnail","7":"category-titulares","8":"tag-alcalde","9":"tag-atencioacuten-ciudadana","10":"tag-ayuntamiento","11":"tag-breaking-news","12":"tag-breakingnews","13":"tag-callejero","14":"tag-ciudad","15":"tag-distritos","16":"tag-empleo","17":"tag-es","18":"tag-espana","19":"tag-featured-news","20":"tag-featurednews","21":"tag-headlines","22":"tag-inversioacuten","23":"tag-joven","24":"tag-juventud","25":"tag-latest-news","26":"tag-latestnews","27":"tag-moacutestoles","28":"tag-news","29":"tag-noticias","30":"tag-noticias-destacadas","31":"tag-noticiasdestacadas","32":"tag-presupuestos","33":"tag-sede-electroacutenica","34":"tag-spain","35":"tag-titulares","36":"tag-ultimas-noticias","37":"tag-ultimasnoticias","38":"tag-webs-municipales"},"share_on_mastodon":{"url":"","error":"Validation failed: Text character limit of 500 exceeded"},"_links":{"self":[{"href":"https:\/\/www.europesays.com\/es\/wp-json\/wp\/v2\/posts\/268575","targetHints":{"allow":["GET"]}}],"collection":[{"href":"https:\/\/www.europesays.com\/es\/wp-json\/wp\/v2\/posts"}],"about":[{"href":"https:\/\/www.europesays.com\/es\/wp-json\/wp\/v2\/types\/post"}],"author":[{"embeddable":true,"href":"https:\/\/www.europesays.com\/es\/wp-json\/wp\/v2\/users\/2"}],"replies":[{"embeddable":true,"href":"https:\/\/www.europesays.com\/es\/wp-json\/wp\/v2\/comments?post=268575"}],"version-history":[{"count":0,"href":"https:\/\/www.europesays.com\/es\/wp-json\/wp\/v2\/posts\/268575\/revisions"}],"wp:featuredmedia":[{"embeddable":true,"href":"https:\/\/www.europesays.com\/es\/wp-json\/wp\/v2\/media\/268576"}],"wp:attachment":[{"href":"https:\/\/www.europesays.com\/es\/wp-json\/wp\/v2\/media?parent=268575"}],"wp:term":[{"taxonomy":"category","embeddable":true,"href":"https:\/\/www.europesays.com\/es\/wp-json\/wp\/v2\/categories?post=268575"},{"taxonomy":"post_tag","embeddable":true,"href":"https:\/\/www.europesays.com\/es\/wp-json\/wp\/v2\/tags?post=268575"}],"curies":[{"name":"wp","href":"https:\/\/api.w.org\/{rel}","templated":true}]}}