{"id":268597,"date":"2025-12-03T07:30:11","date_gmt":"2025-12-03T07:30:11","guid":{"rendered":"https:\/\/www.europesays.com\/es\/268597\/"},"modified":"2025-12-03T07:30:11","modified_gmt":"2025-12-03T07:30:11","slug":"asi-es-operacion-deutschland-su-plan-secreto-si-rusia-ataca-a-la-otan-antes-de-2029","status":"publish","type":"post","link":"https:\/\/www.europesays.com\/es\/268597\/","title":{"rendered":"as\u00ed es Operaci\u00f3n Deutschland, su plan secreto si Rusia ataca a la OTAN antes de 2029"},"content":{"rendered":"<p class=\"c-paragraph\">El problema de la paz para <a href=\"https:\/\/www.20minutos.es\/tags\/lugares\/ucrania.html\" title=\"Ucrania\" rel=\"nofollow noopener\" target=\"_blank\">Ucrania<\/a>, del acuerdo que <a href=\"https:\/\/www.20minutos.es\/tags\/lugares\/ee-uu.html\" title=\"EE UU\" rel=\"nofollow noopener\" target=\"_blank\">Estados Unidos<\/a> ha propuesto y <a href=\"https:\/\/www.20minutos.es\/internacional\/zelenski-acepta-nuevo-plan-paz-trump-tras-eliminar-algunas-cesiones-territorio-rusia-se-ve-mejor_6905563_0.html\" title=\"Zelenski acepta el nuevo plan de paz de Trump tras eliminar algunas cesiones de territorio a Rusia: &quot;Se ve mejor&quot;\" rel=\"nofollow noopener\" target=\"_blank\">que se sigue limando y negociando estos d\u00edas<\/a>, no es s\u00f3lo de presente, de c\u00f3mo y cu\u00e1nto quedar\u00e1 de reducido el territorio ucraniano. Es tambi\u00e9n un problema de futuro. Porque si la paz que se alcance supone beneficios territoriales para <a href=\"https:\/\/www.20minutos.es\/tags\/lugares\/rusia.html\" title=\"Rusia\" rel=\"nofollow noopener\" target=\"_blank\">Rusia<\/a> (como todo hace indicar), <b>nadie puede garantizar que Putin no lo volver\u00e1 a hacer<\/b> con otro de sus vecinos.<\/p>\n<p class=\"c-paragraph\">Eso es lo que teme Europa, que una mala paz ense\u00f1e al l\u00edder ruso que el uso de la fuerza sale a cuenta. Por eso, en el Viejo Continente se vive una tensi\u00f3n ya olvidada, como propia de los tiempos de la Guerra Fr\u00eda. Es la amenaza rusa, esa que ha hecho que las <a href=\"https:\/\/www.20minutos.es\/internacional\/que-es-programa-purl-otan-para-ayudar-ucrania-ganar-guerra-que-paises-participan-que-papel-juega-trump_6538337_0.html\" title=\"Qu\u00e9 es el programa PURL de la OTAN para ayudar a Ucrania a ganar la guerra: \u00bfQu\u00e9 pa\u00edses participan? \u00bfQu\u00e9 papel juega Trump?\" rel=\"nofollow noopener\" target=\"_blank\">naciones europeas hayan aumentado masivamente su gasto en defensa<\/a>.<\/p>\n<p>Una guerra contra la OTAN en 2029 o antes<\/p>\n<p class=\"c-paragraph\">Quienes m\u00e1s sienten esa amenaza, la posibilidad de una acci\u00f3n armada ordenada desde el <a href=\"https:\/\/www.20minutos.es\/tags\/instituciones-empresas\/kremlin.html\" title=\"Kremlin\" rel=\"nofollow noopener\" target=\"_blank\">Kremlin<\/a>, son los pa\u00edses que hacen frontera con Rusia, como bien sabe ya Ucrania. Son los casos de las <b>rep\u00fablicas b\u00e1lticas y de Finlandia<\/b>. Un poco m\u00e1s al oeste, ya se temen lo peor y se preparan para ello pa\u00edses como <b>Polonia<\/b> o <b>Ruman\u00eda<\/b> y tambi\u00e9n <b>Alemania<\/b>.<\/p>\n<blockquote class=\"c-phrase__blockquote\"><p>Rusia est\u00e1 considerando al menos la posibilidad de una guerra contra la OTAN a m\u00e1s tardar en 2029&#8243;<\/p><\/blockquote>\n<p class=\"c-paragraph\">El pasado 25 de noviembre, el ministro de Exteriores alem\u00e1n, Johann Wadephul, advirti\u00f3 de que Rusia podr\u00eda estar en condiciones de atacar a un pa\u00eds miembro de la OTAN en los pr\u00f3ximos cuatro a\u00f1os. \u00abNuestros servicios de inteligencia nos informan con urgencia que Rusia est\u00e1 considerando al menos la posibilidad de <b>una guerra contra la OTAN a m\u00e1s tardar en 2029<\/b>\u00ab, declar\u00f3 Wadephul en el Foro de Pol\u00edtica Exterior de Berl\u00edn.<\/p>\n<p class=\"c-paragraph\">\u00abLa situaci\u00f3n de seguridad en Europa ha cambiado radicalmente. El ataque ruso a toda Ucrania el 24 de febrero de 2022, que viol\u00f3 el derecho internacional, desat\u00f3 la guerra en Europa. Hoy en d\u00eda, Rusia se considera <b>la mayor amenaza para la paz y la seguridad <\/b>en Europa\u00bb, <a href=\"https:\/\/www.bundeswehr.de\/\" rel=\"nofollow noreferrer noopener\" title=\"https:\/\/www.bundeswehr.de\/\" target=\"_blank\">se lee en la web de la propia Bundeswehr<\/a>, las Fuerzas Armadas alemanas.<\/p>\n<p>Un plan para prevenir una posible agresi\u00f3n<\/p>\n<p class=\"c-paragraph\">Siendo tan claro el temor, Alemania ya tiene un plan de guerra. Se llama OPLAN DEUOperationsplan Deutschland (Operaci\u00f3n Plan Alemania) o Operaci\u00f3n Deutschland. Detalla<b> c\u00f3mo se organizar\u00eda el pa\u00eds durante una hipot\u00e9tica guerra<\/b> a gran escala en Europa, una guerra contra Rusia. El objetivo es \u00abmejorar la capacidad de arranque en fr\u00edo, la preparaci\u00f3n para el combate y la resistencia, y adaptar estas capacidades a los desaf\u00edos cambiantes de la pol\u00edtica de seguridad\u00bb.<\/p>\n<p class=\"c-paragraph\">El documento est\u00e1 altamente detallado (son 1.400 p\u00e1ginas) y est\u00e1 clasificado como documento secreto. Operaci\u00f3n Deutschland fue desarrollado por varios departamentos gubernamentales y se actualiza constantemente. Las Fuerzas Armadas completaron <b>su primer borrador a principios de 2024<\/b>; hubo una actualizaci\u00f3n la pasada primavera; y se espera que el <b>segundo borrador est\u00e9 listo para mediados de 2026<\/b>. La responsabilidad principal recae en el Comando Operacional de las Fuerzas Armadas Alemanas en Berl\u00edn y Schwielowsee.<\/p>\n<p class=\"c-paragraph\">El objetivo principal del plan es responder a la pregunta de<b> c\u00f3mo Alemania puede garantizar el despliegue y el apoyo <\/b>planificados de las fuerzas armadas aliadas y las propias en caso de ataque. Operaci\u00f3n Deutschland \u00abno sirve para preparar, sino para prevenir, una posible agresi\u00f3n enemiga\u00bb, <a href=\"https:\/\/www.bundeswehr.de\/de\/organisation\/operatives-fuehrungskommando-der-bundeswehr\/auftrag-und-aufgaben\/operationsplan-deutschland\" rel=\"nofollow noreferrer noopener\" title=\"https:\/\/www.bundeswehr.de\/de\/organisation\/operatives-fuehrungskommando-der-bundeswehr\/auftrag-und-aufgaben\/operationsplan-deutschland\" target=\"_blank\">indica la Bundeswehr<\/a>.<\/p>\n<p class=\"c-paragraph\">El documento proporciona las <b>directrices detalladas del plan para posibles escenarios militares.<\/b> All\u00ed se describe la infraestructura cr\u00edtica que requiere protecci\u00f3n especial y especifica las medidas que deben adoptarse en situaciones de defensa o crisis. El esquema general del plan de guerra<a href=\"https:\/\/www.faz.net\/aktuell\/wirtschaft\/unternehmen\/bundeswehr-bereitet-unternehmen-auf-kriegsfall-vor-operationsplan-deutschland-110118573.html\" rel=\"nofollow noreferrer noopener\" title=\"https:\/\/www.faz.net\/aktuell\/wirtschaft\/unternehmen\/bundeswehr-bereitet-unternehmen-auf-kriegsfall-vor-operationsplan-deutschland-110118573.html\" target=\"_blank\"> fue revelado por el Frankfurter Allgemeine Zeitung<\/a> (FAZ) en noviembre de 2024.<\/p>\n<p>800.000 soldados de la OTAN cruzando Alemania<\/p>\n<p class=\"c-paragraph\">En caso de un aumento de la tensi\u00f3n en el flanco oriental de la OTAN, Alemania servir\u00eda como centro clave para el traslado de tropas, equipo militar, v\u00edveres y ayuda m\u00e9dica. As\u00ed, en Operaci\u00f3n Deutschland se propone el traslado a trav\u00e9s del territorio alem\u00e1n de <b>800.000 soldados de la OTAN y 200.000 veh\u00edculos<\/b> para alcanzar la l\u00ednea del frente en seis meses.<\/p>\n<p class=\"c-paragraph\">Esto incluye servicios de apoyo para protecci\u00f3n y seguridad, control del tr\u00e1fico, <b>transporte y transbordo por carretera, ferrocarril, mar y aeropuertos<\/b>, alojamiento y restauraci\u00f3n, reabastecimiento de combustible y mantenimiento, atenci\u00f3n m\u00e9dica e incluso asesoramiento jur\u00eddico. \u00abEsta tarea solo puede garantizarse con los servicios de socios comerciales civiles\u00bb, recoge la Bundeswehr.<\/p>\n<p class=\"c-paragraph\">Un elemento central del Plan de Operaciones de Alemania es la integraci\u00f3n de los componentes militares centrales de la defensa nacional y colectiva con los servicios civiles de apoyo necesarios para la asistencia mutua a nivel nacional. Eso implica el apoyo militar a la defensa civil y la <b>contribuci\u00f3n civil a la planificaci\u00f3n de la defensa militar<\/b>. \u00abNo se trata de una tarea puramente militar, sino de una tarea para la sociedad en su conjunto\u00bb, explican las Fuerzas Armadas alemanas.<\/p>\n<p>Har\u00e1n falta m\u00e1s camioneros<\/p>\n<p class=\"c-paragraph\">La log\u00edstica se antoja b\u00e1sica: para ese esfuerzo descomunal se necesitar\u00edan muchos transportistas. Por eso, el teniente coronel y jefe del Comando Regional de Hamburgo, J\u00f6rn Plischke, recomienda a las empresas que <b>capaciten a sus empleados en habilidades relevantes para situaciones de crisis<\/b>, como conducir camiones, inform\u00f3 FAZ. \u00abEn Alemania, el 70% de los camioneros son europeos del este. En caso de guerra, es posible que simplemente no est\u00e9n en el pa\u00eds\u00bb, se\u00f1al\u00f3 en un evento en la C\u00e1mara de Comercio de Hamburgo.<\/p>\n<blockquote class=\"c-phrase__blockquote\"><p>En Alemania, el 70% de los camioneros son europeos del este. En caso de guerra, es posible que simplemente no est\u00e9n en el pa\u00eds\u00bb<\/p><\/blockquote>\n<p class=\"c-paragraph\">En este plan de preparaci\u00f3n a la guerra, el Ej\u00e9rcito alem\u00e1n insta a las empresas a crear planes de acci\u00f3n de emergencia, incluyendo la garant\u00eda de suministro el\u00e9ctrico aut\u00f3nomo mediante generadores di\u00e9sel. La preparaci\u00f3n es un hecho y <b>ya ha habido conversaciones con representantes del comercio, la industria y la agricultura <\/b>en Hamburgo y en todo el pa\u00eds.<\/p>\n<p class=\"c-paragraph\">A finales de septiembre, el Mando Estatal de Hamburgo practic\u00f3 el <a href=\"https:\/\/www.20minutos.es\/internacional\/alemania-se-prepara-para-guerra-hamburgo-acoge-red-storm-bravo-su-mayor-ejercicio-militar-desde-fin-guerra-fria_6372306_0.html\" title=\"Alemania se prepara para la guerra: Hamburgo acoge &#039;Red Storm Bravo&#039;, su mayor ejercicio militar desde el fin de la Guerra Fr\u00eda\" rel=\"nofollow noopener\" target=\"_blank\">despliegue de tropas durante el ejercicio \u00abRed Storm Bravo\u00bb<\/a>. El convoy, que deb\u00eda viajar de modo cerrado sin detenerse, se vio ralentizado por grandes huecos entre los veh\u00edculos, un supuesto dron y una protesta escenificada. <b>Recorri\u00f3 poco m\u00e1s de 9 kil\u00f3metros en dos horas.<\/b><\/p>\n<blockquote class=\"c-phrase__blockquote\"><p>Rusia ha comenzado a prepararse para su guerra\u00bb<\/p><\/blockquote>\n<p class=\"c-paragraph\">Seg\u00fan Operaci\u00f3n Deutschland, en una crisis de guerra ser\u00eda posible <b>incluso la transici\u00f3n a una econom\u00eda planificada<\/b>, seg\u00fan lo detallado por FAZ, que cita declaraciones de Bertram Brossardt, director general de la Asociaci\u00f3n de la Industria B\u00e1vara. El Estado podr\u00eda emitir cartillas de racionamiento de alimentos e incluso obligar a la gente a trabajar en ciertos sectores, como el suministro de agua o las empresas de transporte.<\/p>\n<p>\u00abConfigurar el Espacio de Batalla\u00bb<\/p>\n<p class=\"c-paragraph\">El jefe del Comando Regional de Hamburgo asegura que \u00abRusia ha comenzado a prepararse para su guerra\u00bb. Se refiere al aumento de incidentes como sobrevuelos de drones, intentos de reconocimiento, descubrimiento de arsenales, planes de asesinato contra altos ejecutivos, sabotajes y ciberataques, que, seg\u00fan \u00e9l, ocurren \u00aba diario y con una frecuencia cada vez mayor\u00bb. Esta estrategia, explic\u00f3, <b>se conoce como \u00abConfigurar el Espacio de Batalla\u00bb.<\/b><\/p>\n<blockquote class=\"c-phrase__blockquote\"><p>Rusia produce actualmente 25 carros de combate al mes, Alemania 3 al a\u00f1o\u00bb<\/p><\/blockquote>\n<p class=\"c-paragraph\">Plischke considera que en 4 o 5 a\u00f1os, Rusia estar\u00e1 dispuesta y ser\u00e1 capaz de atacar m\u00e1s al oeste, dijo citando a los servicios de inteligencia alemanes. Seg\u00fan este alto mando militar, <b>Alemania podr\u00eda no estar a la altura<\/b>. \u00abRusia produce actualmente 25 carros de combate al mes, Alemania 3 al a\u00f1o\u00bb, asegur\u00f3<\/p>\n<p class=\"c-paragraph\">Operaci\u00f3n Deutschland \u00abconllevar\u00e1 inevitablemente restricciones para la poblaci\u00f3n, pero es esencial para la seguridad de Alemania y sus socios\u00bb, reconoce la Bundeswehr. Se trata, indican, de que \u00ablas fuerzas adecuadas est\u00e9n plenamente <b>operativas y listas para desplegarse en el momento y lugar <\/b>adecuados, para una disuasi\u00f3n cre\u00edble y una defensa eficaz\u00bb.<\/p>\n","protected":false},"excerpt":{"rendered":"El problema de la paz para Ucrania, del acuerdo que Estados Unidos ha propuesto y que se sigue&hellip;\n","protected":false},"author":2,"featured_media":268598,"comment_status":"","ping_status":"","sticky":false,"template":"","format":"standard","meta":{"footnotes":""},"categories":[42],"tags":[22236,66178,17,18,13,14,11,61,62,63,64,19,20,9,10,15,16,1613,698,1614,12,21,22,65,66,67],"class_list":{"0":"post-268597","1":"post","2":"type-post","3":"status-publish","4":"format-standard","5":"has-post-thumbnail","7":"category-internacional","8":"tag-algun","9":"tag-atacara","10":"tag-breaking-news","11":"tag-breakingnews","12":"tag-featured-news","13":"tag-featurednews","14":"tag-headlines","15":"tag-internacional","16":"tag-international","17":"tag-international-news","18":"tag-internationalnews","19":"tag-latest-news","20":"tag-latestnews","21":"tag-news","22":"tag-noticias","23":"tag-noticias-destacadas","24":"tag-noticiasdestacadas","25":"tag-otan","26":"tag-pais","27":"tag-rusia","28":"tag-titulares","29":"tag-ultimas-noticias","30":"tag-ultimasnoticias","31":"tag-world","32":"tag-world-news","33":"tag-worldnews"},"share_on_mastodon":{"url":"https:\/\/pubeurope.com\/@es\/115654467596802288","error":""},"_links":{"self":[{"href":"https:\/\/www.europesays.com\/es\/wp-json\/wp\/v2\/posts\/268597","targetHints":{"allow":["GET"]}}],"collection":[{"href":"https:\/\/www.europesays.com\/es\/wp-json\/wp\/v2\/posts"}],"about":[{"href":"https:\/\/www.europesays.com\/es\/wp-json\/wp\/v2\/types\/post"}],"author":[{"embeddable":true,"href":"https:\/\/www.europesays.com\/es\/wp-json\/wp\/v2\/users\/2"}],"replies":[{"embeddable":true,"href":"https:\/\/www.europesays.com\/es\/wp-json\/wp\/v2\/comments?post=268597"}],"version-history":[{"count":0,"href":"https:\/\/www.europesays.com\/es\/wp-json\/wp\/v2\/posts\/268597\/revisions"}],"wp:featuredmedia":[{"embeddable":true,"href":"https:\/\/www.europesays.com\/es\/wp-json\/wp\/v2\/media\/268598"}],"wp:attachment":[{"href":"https:\/\/www.europesays.com\/es\/wp-json\/wp\/v2\/media?parent=268597"}],"wp:term":[{"taxonomy":"category","embeddable":true,"href":"https:\/\/www.europesays.com\/es\/wp-json\/wp\/v2\/categories?post=268597"},{"taxonomy":"post_tag","embeddable":true,"href":"https:\/\/www.europesays.com\/es\/wp-json\/wp\/v2\/tags?post=268597"}],"curies":[{"name":"wp","href":"https:\/\/api.w.org\/{rel}","templated":true}]}}