{"id":268599,"date":"2025-12-03T07:31:07","date_gmt":"2025-12-03T07:31:07","guid":{"rendered":"https:\/\/www.europesays.com\/es\/268599\/"},"modified":"2025-12-03T07:31:07","modified_gmt":"2025-12-03T07:31:07","slug":"la-compleja-relacion-entre-el-psoe-y-junts-dos-anos-de-exigencias","status":"publish","type":"post","link":"https:\/\/www.europesays.com\/es\/268599\/","title":{"rendered":"La compleja relaci\u00f3n entre el PSOE y Junts: dos a\u00f1os de exigencias"},"content":{"rendered":"<p>La relaci\u00f3n entre el PSOE y Junts nunca ha sido sencilla. Y mucho menos en la actual legislatura. Los <strong>siete diputados de Junts<\/strong> surgidos de las urnas en 2023 son cruciales para que el Gobierno tenga <strong>mayor\u00eda absoluta<\/strong>. Y esos mimos siete votos ya valieron su peso en oro en los primeros compases de la legislatura con <a href=\"https:\/\/www.rtve.es\/noticias\/20230817\/junts-principio-acuerdo-con-psoe-armengol-presidenta-congreso\/2454069.shtml\" target=\"_blank\" rel=\"nofollow noopener\">la elecci\u00f3n de la presidencia del Congreso<\/a>. <\/p>\n<p>Ya en ese momento, en agosto de 2023, Junts demostr\u00f3 que <strong>su apoyo no ser\u00eda gratuito y arranc\u00f3 al PSOE varios compromisos <\/strong>a cambio de votar a favor de Francina Armengol: usar las lenguas cooficiales \u00abcon plena normalidad\u00bb en el Congreso y crear comisisones de investigaci\u00f3n como la de los atentados de Barcelona y Cambrils en 2017. La formaci\u00f3n independentista quiso dejar claro que este acuerdo se limitar\u00eda a la Mesa del Congreso y <strong>que no era \u00abvinculante\u00bb a ninguna investidura<\/strong>.<\/p>\n<p>Y hubo entonces <strong>otro acuerdo que todav\u00eda hoy se arrastra<\/strong> y que complica la relaci\u00f3n entre partidos, como es <strong>la oficialidad del catal\u00e1n en la Uni\u00f3n Europea<\/strong>. Aqu\u00ed se inicia una serie de desencuentros que han impedido un v\u00ednculo fluido entre <strong>Pedro S\u00e1nchez<\/strong> y <strong>Carles Puigdemont<\/strong> a lo largo de los dos \u00faltimos a\u00f1os y que, en estos momentos, complica la estabilidad de la legislatura.<\/p>\n<p>Primer intento de aproximaci\u00f3n: la investidura y el verificador en Suiza<\/p>\n<p>En noviembre de 2023, y tras largas jornadas de negociaci\u00f3n, ambas formaciones firmaron un acuerdo sobre la ley de amnist\u00eda que permiti\u00f3 desencallar la investidura de Pedro S\u00e1nchez. Aquella firma, sin embargo, vino con una advertencia del propio Puigdemont: <strong>\u00abEl Gobierno se tendr\u00e1 que ganar la estabilidad\u00bb. <\/strong><\/p>\n<p>Junts tambi\u00e9n exigi\u00f3 entonces un encuentro con un <strong>verificador internacional<\/strong> encargado de \u00abacompa\u00f1ar, verificar y realizar seguimiento de todo el proceso de negociaci\u00f3n y de los acuerdos entre ambas formaciones a los que se llegue\u00bb. El encargo recay\u00f3 en Francisco Galindo. En la mesa tambi\u00e9n se sentaba entonces <strong>Santos Cerd\u00e1n<\/strong>, hoy ex secretario de Organizaci\u00f3n del PSOE e investigado por su relaci\u00f3n con el caso Koldo. Lo sustituy\u00f3 al frente de la delegaci\u00f3n socialista el expresidente <strong>Jos\u00e9 Luis Rodr\u00edguez Zapatero<\/strong>.<\/p>\n<p>PSOE y Junts llevaban dos a\u00f1os reuni\u00e9ndose mensualmente en Suiza para negociar punto a punto y \u00ab<strong>carpeta a carpeta<\/strong>\u00ab. A pesar de estos encuentros, cerca de una veintena y sin anunciarlos a la prensa, <strong>el v\u00ednculo entre socialistas e independentistas no fructific\u00f3<\/strong>. <\/p>\n<p>Seg\u00fan Junts, el PSOE no cumpl\u00eda con los acuerdos suscritos para la investidura de S\u00e1nchez y la <strong>mesa de negociaci\u00f3n en Ginebra<\/strong> ya no ten\u00eda sentido. De este modo, el partido liderado por Puigdemont apagaba una de las principales v\u00edas de comunicaci\u00f3n con el Gobierno.<\/p>\n<p>El catal\u00e1n en la UE, una de las piedras en el zapato<\/p>\n<p>La oficialidad del catal\u00e1n en las instituciones comunitarias ha sido siempre una de las <strong>principales exigencias<\/strong> de Junts desde el inicio de la legislatura. Los de Carles Puigdemont siempre han defendido que la lengua catalana se pueda hablar en Bruselas, pero para ello es necesario que <strong>todos los Estados miembros den su visto bueno<\/strong>.<\/p>\n<p>El Gobierno sostiene que <a href=\"https:\/\/www.rtve.es\/noticias\/20250526\/gobierno-confia-lenguas-cooficiales-ue-pp-contactos-rechace\/16597383.shtml\" rel=\"nofollow noopener\" target=\"_blank\">ha hecho su trabajo intentando convencer a todos los pa\u00edses<\/a> para lograr la unanimidad, y apunta a maniobras del PP para que este punto no prospere. Sin embargo, algunos pa\u00edses de la UE mantienen el bloqueo, como Alemania.<\/p>\n<p>El Ejecutivo ha querido mostrar su m\u00e1ximo esfuerzo en esta materia, e incluso S\u00e1nchez se reuni\u00f3 con el canciller alem\u00e1n, <strong>Friedrich Merz<\/strong>, para avanzar en esta cuesti\u00f3n. Espa\u00f1a logr\u00f3 una <strong>declaraci\u00f3n conjunta<\/strong> en la que Alemania se abr\u00eda \u00aba abordar el reconocimiento de las lenguas cooficiales\u00bb en Bruselas.<\/p>\n<p>\u00abHay acuerdos que no dependen exclusivamente del Gobierno de Espa\u00f1a, por ejemplo, en materia migratoria o lenguas cooficiales. Estamos trabajando, pero exige tiempo, dedicaci\u00f3n y esfuerzos\u00bb, quiso destacar en ese momento el presidente.<\/p>\n<p>Las otras exigencias de Junts<\/p>\n<p>Junts mantiene que no es solo la oficialidad del catal\u00e1n la \u00fanica carpeta que no avanza. Otro punto que el partido reclama con celeridad es el <strong>endurecimiento de las penas para las personas multirreincidentes<\/strong>. Hace m\u00e1s de un a\u00f1o que el partido plante\u00f3, entre otras cosas, castigar con prisi\u00f3n de uno a tres a\u00f1os el hurto de tel\u00e9fonos m\u00f3viles. Est\u00e1 previsto que <strong>este jueves la C\u00e1mara Baja reactive la ponencia<\/strong> de la ley para endurecer las condenas por multirreincidencia.<\/p>\n<p>En el mismo sentido, Junts afea que no haya obtenido luz verde la ley pactada con el PSOE para delegar las <strong>competencias de inmigraci\u00f3n<\/strong> a la Generalitat. <a href=\"https:\/\/www.rtve.es\/noticias\/20250923\/congreso-debate-iniciativa-competencias-migratorias-cataluna\/16740937.shtml\" rel=\"nofollow noopener\" target=\"_blank\">En septiembre el Congreso tumb\u00f3 la propuesta<\/a>, con el voto en contra del PP, Vox, Podemos y dos diputados de Sumar.<\/p>\n<p>Pedro S\u00e1nchez tambi\u00e9n ha escenificado la intenci\u00f3n del Gobierno de publicar las <strong>balanzas fiscales<\/strong>, otra de las exigencias de los de Puigdemont. El presidente ha precisado que lo \u00fanico que <strong>est\u00e1 pendiente es pactar la metodolog\u00eda<\/strong> para que \u00abd\u00e9 una cifra cierta o aproximada a la real\u00bb.<\/p>\n<p>Por \u00faltimo, queda pendiente un <strong>hipot\u00e9tico encuentro entre S\u00e1nchez y Puigdemont<\/strong>. El jefe del Ejecutivo ha asegurado en varias ocasiones que <strong>\u00abesa foto se producir\u00e1<\/strong>\u00ab, aunque por el momento \u00abno se ha dado la oportunidad\u00bb.<\/p>\n<p>La ruptura y el bloqueo actual<\/p>\n<p>La ruptura de toda negociaci\u00f3n entre el PSOE y Junts tiene una fecha marcada en el calendario: el 6 de noviembre. Aquella jornada, el partido anunci\u00f3 el <strong>\u00abbloqueo\u00bb de la legislatura<\/strong> con enmiendas a la totalidad de todas las leyes registradas por el Gobierno en el Congreso. Un bloqueo que imped\u00eda tambi\u00e9n aprobar unos nuevos <strong>Presupuestos para 2026<\/strong>.<\/p>\n<p>\u00ab<strong>El Gobierno ha perdido la capacidad legislativa<\/strong>\u00ab, advirti\u00f3 la portavoz de Junts, M\u00edriam Nogueras, tras considerar que los socialistas no hab\u00edan cumplido con los acuerdos suscritos en Bruselas con Carles Puigdemont.<\/p>\n<p>La formaci\u00f3n adopt\u00f3 esta postura tras la consulta interna para decidir si se desvinculaba de la mayor\u00eda de la investidura y dejaba a S\u00e1nchez sin capacidad para aprobar ninguna medida en el Congreso. <a href=\"https:\/\/www.rtve.es\/noticias\/20251030\/militancia-junts-avala-a-cupula-rompe-con-psoe-con-8688-votos\/16794161.shtml\" target=\"_blank\" rel=\"nofollow noopener\">La militancia aval\u00f3 a la c\u00fapula con casi un 90% de votos<\/a>. <\/p>\n<p>El presidente del Gobierno <a href=\"https:\/\/www.rtve.es\/noticias\/20251023\/sanchez-tras-amenaza-junts-romper-con-gobierno-cuando-hablamos-cambio-puede-ser-para-avanzar-involucionar\/16782864.shtml\" target=\"_blank\" rel=\"nofollow noopener\">ha lanzado varios mensajes<\/a> dirigidos a Junts en los \u00faltimos meses para remarcar que \u00abs\u00ed\u00bb est\u00e1 cumpliendo con los acuerdos. S\u00e1nchez tambi\u00e9n ha recordado que hay acuerdos que no dependen exclusivamente del Gobierno, como por ejemplo, la <strong>aplicaci\u00f3n definitiva de la ley de amnist\u00eda<\/strong> a todos los l\u00edderes del proc\u00e9s.<\/p>\n<p>Junts responder\u00e1 a la ofensiva de S\u00e1nchez<\/p>\n<p><strong>Junst per Catalunya<\/strong> responder\u00e1 oficialmente este mi\u00e9rcoles por la ma\u00f1ana a la ofensiva de <strong>Pedro S\u00e1nchez<\/strong> para atraerles de nuevo a la mayor\u00eda de la investidura. En una entrevista este martes en <strong>RTVE<\/strong>, el presidente del Gobierno asumi\u00f3 \u00ab<strong>los incumplimientos<\/strong>\u00bb con los de Carles Puigdemont y les ofreci\u00f3 una serie de medidas para favorecer la inversi\u00f3n en ayuntamientos y retrasar un a\u00f1o el sistema de verificaci\u00f3n de facturas &#8216;Verifactu&#8217;.<\/p>\n<p>A pesar de los ofrecimientos del Gobierno, la formaci\u00f3n independendista no ve cre\u00edble al jefe del Ejecutivo y <strong>mantiene su veto en el Congreso<\/strong>. Para Junts, el giro de S\u00e1nchez solo \u00abser\u00e1 cre\u00edble cuando haya cumplido con todo lo pendiente\u00bb. \u00ab<strong>Hechos, y no solo palabras<\/strong>\u00ab, han reclamado fuentes de la direcci\u00f3n del partido recogidas por EFE. <\/p>\n<p>En estas \u00faltimas horas, la formaci\u00f3n ha mantenido la discreci\u00f3n y remite a la rueda de prensa que ofrecer\u00e1 desde Barcelona la portavoz en la C\u00e1mara Baja, <strong>M\u00edriam Nogueras, <\/strong>a las 9 de la ma\u00f1ana<strong>.<\/strong> Sin embargo, las mismas fuentes insisten en que la postura ante el PSOE no ha cambiado.<\/p>\n<p>La \u00fanica voz autorizada que se ha manifestado al respecto ha sido el senador <strong>Eduard Pujol<\/strong>, que ha advertido al PSOE que, \u00ab<strong>si hacen lo de siempre, tendremos lo mismo de siempre<\/strong>\u00ab. Seg\u00fan Pujol, Junts siempre ha defendido \u00ablo mismo\u00bb, y son los socialistas qui\u00e9nes \u00abtienen que escoger\u00bb.<\/p>\n","protected":false},"excerpt":{"rendered":"La relaci\u00f3n entre el PSOE y Junts nunca ha sido sencilla. Y mucho menos en la actual legislatura.&hellip;\n","protected":false},"author":2,"featured_media":268600,"comment_status":"","ping_status":"","sticky":false,"template":"","format":"standard","meta":{"footnotes":""},"categories":[8],"tags":[17,18,25,24,13,14,11,19,20,9,10,15,16,23,12,21,22],"class_list":{"0":"post-268599","1":"post","2":"type-post","3":"status-publish","4":"format-standard","5":"has-post-thumbnail","7":"category-espana","8":"tag-breaking-news","9":"tag-breakingnews","10":"tag-es","11":"tag-espana","12":"tag-featured-news","13":"tag-featurednews","14":"tag-headlines","15":"tag-latest-news","16":"tag-latestnews","17":"tag-news","18":"tag-noticias","19":"tag-noticias-destacadas","20":"tag-noticiasdestacadas","21":"tag-spain","22":"tag-titulares","23":"tag-ultimas-noticias","24":"tag-ultimasnoticias"},"share_on_mastodon":{"url":"https:\/\/pubeurope.com\/@es\/115654471564356089","error":""},"_links":{"self":[{"href":"https:\/\/www.europesays.com\/es\/wp-json\/wp\/v2\/posts\/268599","targetHints":{"allow":["GET"]}}],"collection":[{"href":"https:\/\/www.europesays.com\/es\/wp-json\/wp\/v2\/posts"}],"about":[{"href":"https:\/\/www.europesays.com\/es\/wp-json\/wp\/v2\/types\/post"}],"author":[{"embeddable":true,"href":"https:\/\/www.europesays.com\/es\/wp-json\/wp\/v2\/users\/2"}],"replies":[{"embeddable":true,"href":"https:\/\/www.europesays.com\/es\/wp-json\/wp\/v2\/comments?post=268599"}],"version-history":[{"count":0,"href":"https:\/\/www.europesays.com\/es\/wp-json\/wp\/v2\/posts\/268599\/revisions"}],"wp:featuredmedia":[{"embeddable":true,"href":"https:\/\/www.europesays.com\/es\/wp-json\/wp\/v2\/media\/268600"}],"wp:attachment":[{"href":"https:\/\/www.europesays.com\/es\/wp-json\/wp\/v2\/media?parent=268599"}],"wp:term":[{"taxonomy":"category","embeddable":true,"href":"https:\/\/www.europesays.com\/es\/wp-json\/wp\/v2\/categories?post=268599"},{"taxonomy":"post_tag","embeddable":true,"href":"https:\/\/www.europesays.com\/es\/wp-json\/wp\/v2\/tags?post=268599"}],"curies":[{"name":"wp","href":"https:\/\/api.w.org\/{rel}","templated":true}]}}