{"id":268605,"date":"2025-12-03T07:38:10","date_gmt":"2025-12-03T07:38:10","guid":{"rendered":"https:\/\/www.europesays.com\/es\/268605\/"},"modified":"2025-12-03T07:38:10","modified_gmt":"2025-12-03T07:38:10","slug":"paula-ostiz-comienza-su-primera-temporada-como-profesional-con-el-movistar-team-en-valencia","status":"publish","type":"post","link":"https:\/\/www.europesays.com\/es\/268605\/","title":{"rendered":"Paula Ostiz comienza su primera temporada como profesional con el Movistar Team en Valencia"},"content":{"rendered":"<p class=\"paragraph\">La campeona del mundo j\u00fanior <b>Paula Ostiz Taco<\/b> se encuentra desde el martes <b>concentrada <\/b>con su nuevo equipo profesional, el <b>Movistar Team, en Valencia<\/b> donde permanecer\u00e1 rodando de cara a la temporada 2026 hasta el<b> pr\u00f3ximo 11 de diciembre<\/b> en el primer training camp del conjunto navarro.<\/p>\n<p class=\"paragraph\">Ostiz, pamplonesa de 18 a\u00f1os, es la <b>componente m\u00e1s joven de la formaci\u00f3n telef\u00f3nica para 2026 <\/b>que cuenta con una plantilla de 17 corredoras, procedentes de nueve pa\u00edses diferentes. El conjunto que dirigen <b>Sebasti\u00e1n Unzu\u00e9 y Jorge Sanz<\/b> conserva pr\u00e1cticamente el bloque de la pasada campa\u00f1a con <b>Olivia Baril, Aude Biannic, Cat Ferguson, Sheyla Guti\u00e9rrez, Lianne Lippert, Carys Lloyd, Floortje Mckaij, Ana Magallanes, Sara Mart\u00edn, Marielle Meijering, Marlen Reusser, Laura y Luc\u00eda P\u00e9rez, Arlenis Sierra y Claire Steels.<\/b><\/p>\n<p class=\"paragraph\">El conjunto telef\u00f3nico femenino ha fichado para 2026 a la italiana <b>Francesa Barale<\/b> (Picnic), a la pamplonesa <b>Paula Ostiz<\/b>, y recupera a la cubana Arlenis Sierra tras su maternidad. El equipo es una aut\u00e9ntica torre de Babel con nueve nacionalidades: Espa\u00f1a, Italia, Gran Breta\u00f1a, Francia, Alemania, Pa\u00edses Bajos, Suiza, Brasil y Cuba.<\/p>\n<p class=\"paragraph\"><b>TEMPORADA DE 17 VICTORIAS<\/b><\/p>\n<p class=\"paragraph\">Movistar Team conserva un bloque que la pasada temporada consigui\u00f3<b> 17 victorias, de las que nueve llevaron la firma de la suiza Marlen Reusser,<\/b> que demostr\u00f3 que afronta una segunda juventud.\u00a0 Reusser estuvo a punto de ganar el Giro, en el que se llev\u00f3 tres etapas y ser maglia rosa hasta la \u00faltima jornada. Movistar no brill\u00f3 en la Vuelta ni el Tour femeninos. S\u00ed que brill\u00f3 en la Vuelta a Suiza, donde se impuso con Reusser en la general y dos etapas.<\/p>\n<p>Te puede interesar<img decoding=\"async\" loading=\"lazy\" alt=\"Paula Ostiz Mar\u00eda Chivite\" width=\"396\" height=\"252\" src=\"https:\/\/www.europesays.com\/es\/wp-content\/uploads\/2025\/12\/68f1ff55a6524.jpeg\"\/><\/p>\n<p class=\"paragraph\">\u00a0<\/p>\n","protected":false},"excerpt":{"rendered":"La campeona del mundo j\u00fanior Paula Ostiz Taco se encuentra desde el martes concentrada con su nuevo equipo&hellip;\n","protected":false},"author":2,"featured_media":268606,"comment_status":"","ping_status":"","sticky":false,"template":"","format":"standard","meta":{"footnotes":""},"categories":[273],"tags":[313,1366,312,168,25,24,43324,8464,1078,23,167,1152],"class_list":{"0":"post-268605","1":"post","2":"type-post","3":"status-publish","4":"format-standard","5":"has-post-thumbnail","7":"category-ciclismo","8":"tag-ciclismo","9":"tag-comienza","10":"tag-cycling","11":"tag-deportes","12":"tag-es","13":"tag-espana","14":"tag-ostiz","15":"tag-paula","16":"tag-primera","17":"tag-spain","18":"tag-sports","19":"tag-temporada"},"share_on_mastodon":{"url":"https:\/\/pubeurope.com\/@es\/115654499222836060","error":""},"_links":{"self":[{"href":"https:\/\/www.europesays.com\/es\/wp-json\/wp\/v2\/posts\/268605","targetHints":{"allow":["GET"]}}],"collection":[{"href":"https:\/\/www.europesays.com\/es\/wp-json\/wp\/v2\/posts"}],"about":[{"href":"https:\/\/www.europesays.com\/es\/wp-json\/wp\/v2\/types\/post"}],"author":[{"embeddable":true,"href":"https:\/\/www.europesays.com\/es\/wp-json\/wp\/v2\/users\/2"}],"replies":[{"embeddable":true,"href":"https:\/\/www.europesays.com\/es\/wp-json\/wp\/v2\/comments?post=268605"}],"version-history":[{"count":0,"href":"https:\/\/www.europesays.com\/es\/wp-json\/wp\/v2\/posts\/268605\/revisions"}],"wp:featuredmedia":[{"embeddable":true,"href":"https:\/\/www.europesays.com\/es\/wp-json\/wp\/v2\/media\/268606"}],"wp:attachment":[{"href":"https:\/\/www.europesays.com\/es\/wp-json\/wp\/v2\/media?parent=268605"}],"wp:term":[{"taxonomy":"category","embeddable":true,"href":"https:\/\/www.europesays.com\/es\/wp-json\/wp\/v2\/categories?post=268605"},{"taxonomy":"post_tag","embeddable":true,"href":"https:\/\/www.europesays.com\/es\/wp-json\/wp\/v2\/tags?post=268605"}],"curies":[{"name":"wp","href":"https:\/\/api.w.org\/{rel}","templated":true}]}}