{"id":268611,"date":"2025-12-03T07:42:09","date_gmt":"2025-12-03T07:42:09","guid":{"rendered":"https:\/\/www.europesays.com\/es\/268611\/"},"modified":"2025-12-03T07:42:09","modified_gmt":"2025-12-03T07:42:09","slug":"los-detalles-y-las-primeras-fotos-de-su-debut-en-el-cine","status":"publish","type":"post","link":"https:\/\/www.europesays.com\/es\/268611\/","title":{"rendered":"los detalles y las primeras fotos de su debut en el cine"},"content":{"rendered":"<p id=\"e8sppbzEQh\" data-wc=\"82\">Comienza un nuevo cap\u00edtulo en la vida profesional de <strong>Nicol\u00e1s de Dinamarca<\/strong>. \u00a0Ha estudiado Administraci\u00f3n de Empresas y cada vez tiene m\u00e1s presencia como modelo, siendo un gran reclamo sobre la pasarela y tambi\u00e9n como imagen de prestigiosas campa\u00f1as. El sobrino mayor de Federico X siempre ha dicho que deja la puerta abierta a \u00abexperimentar con m\u00e1s aspectos\u00bb de la industria de la moda, pero <strong>ahora ha sorprendido con un giro: su debut como actor, del que te contamos todos los detalles.<\/strong><\/p>\n<p> <img src=\"https:\/\/www.europesays.com\/es\/wp-content\/uploads\/2025\/12\/267003ea762e-gettyimages-2232397786.jpg\"   width=\"682\" height=\"1024\" loading=\"lazy\" decoding=\"async\" alt=\"Nicol\u00e1s de Dinamarca en la alfombra roja del Festival de Venecia\" fetchpriority=\"auto\" class=\"image ho-image\"\/>\u00a9 Getty ImagesNicol\u00e1s de Dinamarca debuta en el cine<\/p>\n<p class=\"\" id=\"eK1t1WGhFJb\" data-wc=\"95\">El conde de Monpezat <strong>forma parte del elenco de Doctor Glas, un thriller psicol\u00f3gico que llegar\u00e1 a los cines en primavera de 2026<\/strong>, en marzo en Suecia y en abril en Dinamarca. \u00a0La pel\u00edcula est\u00e1 basada en la novela hom\u00f3nima que public\u00f3 en 1905 el escritor sueco Hjalmar S\u00f6derberg, considerada un cl\u00e1sico de la literatura escandinava. La trama gira en torno a un joven m\u00e9dico llamado Gabriel Glas, que enfrenta dilemas \u00e9ticos sobre el amor, el matrimonio y el asesinato y termina sumergido en un tri\u00e1ngulo amoroso con una dise\u00f1adora de moda y su marido.\u00a0<\/p>\n<p id=\"eoNdQzNYZh\" data-wc=\"82\">La productora y distribuidora sueca SF Studios ha confirmado que Nicol\u00e1s de Dinamarca tiene un peque\u00f1o papel en la cinta dirigida por Erik Leijonborg y \u00e9l mismo ha compartido sus impresiones tras el debut cinematogr\u00e1fico.\u00bb<strong>Tener la oportunidad de actuar, incluso en un papel peque\u00f1o, ha sido incre\u00edblemente emocionante.<\/strong> Iniciarme en el mundo del cine y trabajar en estrecha colaboraci\u00f3n con actores n\u00f3rdicos tan talentosos me ha dado un gran respeto por la profesi\u00f3n y me ha ense\u00f1ado mucho\u00bb, ha comenzado a decir.<\/p>\n<p> <img src=\"https:\/\/www.europesays.com\/es\/wp-content\/uploads\/2025\/12\/b17e6103a27b-niko.jpg\"   width=\"1024\" height=\"576\" loading=\"lazy\" decoding=\"async\" alt=\"La primera imagen de su papel en la gran pantalla\" fetchpriority=\"auto\" class=\"image ho-image\"\/>\u00a9 sfstudios_danmark\/La primera imagen de su papel en la gran pantalla<\/p>\n<p id=\"eixIcOSqG6x\" data-wc=\"82\">El mayor de los dos hijos que el pr\u00edncipe Joaqu\u00edn tuvo con la condesa Alexandra ha explicado tambi\u00e9n que le impresionaron la alta calidad de la pel\u00edcula y su expresi\u00f3n visual, potente y moderna: \u00abFue inspirador ver la seriedad con la que se tom\u00f3 cada detalle. Estar en un set con tanta ambici\u00f3n y un estilo visual tan bien pensado lo hizo emocionante y motivador.<strong>\u00a0Fue una experiencia absolutamente fant\u00e1stica poder contribuir, incluso con un papel secundario, a un proyecto tan hermoso\u00bb.<\/strong><\/p>\n<p id=\"elsaLeiRoQ\" data-wc=\"95\">A falta de cuatro meses para ver el resultado en la gran pantalla, se han adelantado algunas im\u00e1genes de la pel\u00edcula. As\u00ed, <strong>podemos ver los primeros detalles de la est\u00e9tica del personaje al que interpreta Nicol\u00e1s de Dinamarca y tambi\u00e9n conocer a los actores que lo acompa\u00f1an en esta nueva aventura<\/strong>: \u00a0Thea Sofie Lock N\u00e6ss, a la que hemos visto en series de Netflix como El \u00daltimo Reino\u00a0y La Palma; Isac Calmroth, que ha protagonizado\u00a0Diario de una chica experta en desastres de amor, tambi\u00e9n disponible en el gigante del streaming; y Christian Fandango.<\/p>\n<p> <img src=\"https:\/\/www.europesays.com\/es\/wp-content\/uploads\/2025\/12\/c1db19b2cb8c-gettyimages-2214961892.jpg\"   width=\"1024\" height=\"683\" loading=\"lazy\" decoding=\"async\" alt=\"Nicol\u00e1s de Dinamarca y Benedikte Thoustrup en la Semana de la Moda de Australia\" fetchpriority=\"auto\" class=\"image ho-image\"\/>\u00a9 Getty ImagesEl sobrino de Federico X ya triunfa en la moda<br \/>\nLos otros artistas de la Familia Real danesa<\/p>\n<p id=\"eDeW2lFfSLK\" data-wc=\"101\">Nicol\u00e1s de Dinamarca no es el \u00fanico miembro de la Familia Real que hace sus pinitos en la interpretaci\u00f3n.<strong>\u00a0La princesa Josephine<\/strong><a class=\"hm-link ho-link\" href=\"https:\/\/www.hola.com\/realeza\/casa_danesa\/20241204733972\/josephine-de-dinamarca-actriz-serie-television\/\" data-mrf-recirculation=\"article-body-link\" rel=\"nofollow noopener\" target=\"_blank\">\u00a0ha participado en el cuarto cap\u00edtulo de\u00a0Tidserjsen 2\u00a0<\/a>(Viaje en el tiempo) un formato en el que cada entrega dura aproximadamente 25 minutos y que cuenta la historia de un chico que quiere conocer la verdad sobre lo que le pas\u00f3 a su padre, quien pudo haber viajado en el tiempo. Tambi\u00e9n form\u00f3 parte del reparto de la obra de teatro Peter Pan. Adem\u00e1s, tiene desde ni\u00f1a\u00a0un gran inter\u00e9s por el teatro, la danza y la interpretaci\u00f3n.<\/p>\n<p id=\"ehd0_myznf\" data-wc=\"79\">Parece que han heredado su pasi\u00f3n por la reina Margarita, quien tuvo tambi\u00e9n un papel secundario en la pel\u00edcula\u00a0Los cisnes salvajes, de 2009. \u00a0Adem\u00e1s, ha participado activamente en diferentes formas art\u00edsticas de expresi\u00f3n que van desde la pintura, la acuarela, la ilustraci\u00f3n de libros, el dise\u00f1o, la escenograf\u00eda teatral, <a class=\"hm-link ho-link\" href=\"https:\/\/www.hola.com\/realeza\/casa_danesa\/20211202200670\/mary-de-dinamarca-hijos-restuarante\/\" data-mrf-recirculation=\"article-body-link\" rel=\"nofollow noopener\" target=\"_blank\">dise\u00f1o de vestuario para ballet<\/a> y los bordados.<strong>\u00a0Uno de sus trabajos m\u00e1s destacados han sido sus ilustraciones para la trilog\u00eda de El Se\u00f1or de los Anillos, de Tolkien.<\/strong><\/p>\n","protected":false},"excerpt":{"rendered":"Comienza un nuevo cap\u00edtulo en la vida profesional de Nicol\u00e1s de Dinamarca. \u00a0Ha estudiado Administraci\u00f3n de Empresas y&hellip;\n","protected":false},"author":2,"featured_media":268612,"comment_status":"","ping_status":"","sticky":false,"template":"","format":"standard","meta":{"footnotes":""},"categories":[174],"tags":[255,146,147,25,24,256,30025,1027,7921,23],"class_list":{"0":"post-268611","1":"post","2":"type-post","3":"status-publish","4":"format-standard","5":"has-post-thumbnail","7":"category-famosos","8":"tag-celebrities","9":"tag-entertainment","10":"tag-entretenimiento","11":"tag-es","12":"tag-espana","13":"tag-famosos","14":"tag-nicolas-de-dinamarca","15":"tag-realeza","16":"tag-realeza-danesa","17":"tag-spain"},"share_on_mastodon":{"url":"https:\/\/pubeurope.com\/@es\/115654515129334163","error":""},"_links":{"self":[{"href":"https:\/\/www.europesays.com\/es\/wp-json\/wp\/v2\/posts\/268611","targetHints":{"allow":["GET"]}}],"collection":[{"href":"https:\/\/www.europesays.com\/es\/wp-json\/wp\/v2\/posts"}],"about":[{"href":"https:\/\/www.europesays.com\/es\/wp-json\/wp\/v2\/types\/post"}],"author":[{"embeddable":true,"href":"https:\/\/www.europesays.com\/es\/wp-json\/wp\/v2\/users\/2"}],"replies":[{"embeddable":true,"href":"https:\/\/www.europesays.com\/es\/wp-json\/wp\/v2\/comments?post=268611"}],"version-history":[{"count":0,"href":"https:\/\/www.europesays.com\/es\/wp-json\/wp\/v2\/posts\/268611\/revisions"}],"wp:featuredmedia":[{"embeddable":true,"href":"https:\/\/www.europesays.com\/es\/wp-json\/wp\/v2\/media\/268612"}],"wp:attachment":[{"href":"https:\/\/www.europesays.com\/es\/wp-json\/wp\/v2\/media?parent=268611"}],"wp:term":[{"taxonomy":"category","embeddable":true,"href":"https:\/\/www.europesays.com\/es\/wp-json\/wp\/v2\/categories?post=268611"},{"taxonomy":"post_tag","embeddable":true,"href":"https:\/\/www.europesays.com\/es\/wp-json\/wp\/v2\/tags?post=268611"}],"curies":[{"name":"wp","href":"https:\/\/api.w.org\/{rel}","templated":true}]}}