{"id":268615,"date":"2025-12-03T07:45:23","date_gmt":"2025-12-03T07:45:23","guid":{"rendered":"https:\/\/www.europesays.com\/es\/268615\/"},"modified":"2025-12-03T07:45:23","modified_gmt":"2025-12-03T07:45:23","slug":"inigo-tina-abandona-el-programa-por-asuntos-personales","status":"publish","type":"post","link":"https:\/\/www.europesays.com\/es\/268615\/","title":{"rendered":"\u00cd\u00f1igo Tina abandona el programa por asuntos personales"},"content":{"rendered":"<p>Como se suele decir cuando algo va mal y sigue empeorando, si <b>&#8216;Gran Hermano&#8217;<\/b> montase un circo le crecer\u00edan los enanos. A las<a title=\" bajas audiencias\" href=\"https:\/\/www.larazon.es\/television\/programas\/telecinco-decide-apostar-gran-hermano-ultima-hora-despues-isla-tentaciones_20251117691b4c2b39b3f1652bf40e2e.html\" target=\"_blank\" rel=\"nofollow noopener\"> bajas audiencias<\/a> que llevan cayendo desde el estreno de la vig\u00e9sima edici\u00f3n, este martes se ha sumado una <b>noticia inesperada<\/b> que ha afectado a uno de sus concursantes.<\/p>\n<p>El formato de Telecinco presentado por Jorge Javier V\u00e1zquez ha emitido un comunicado anunciando \u00abla <b>baja de \u00cd\u00f1igo Tina<\/b> como concursante de &#8216;Gran Hermano 20&#8217; por <b>asuntos personales<\/b>, ajenos al programa. \u00cd\u00f1igo\u00bb, por lo que \u00abfinaliza su participaci\u00f3n a todos los efectos\u00bb.<\/p>\n<p>La noticia tambi\u00e9n <b>se ha dado a conocer a los integrantes de la reci\u00e9n estrenada casa de Tres Cantos<\/b>. \u00abOs he juntado a todos en el sal\u00f3n porque quiero comunicaros que vuestro compa\u00f1ero \u00cd\u00f1igo ha causado baja en el programa por asuntos personales\u00bb, se ha escuchado decir a el S\u00faper, la voz en off del reality.<\/p>\n<p>La reacci\u00f3n no se ha hecho esperar y el comunicador del mensaje ha tenido que <b>pedir que no hicieran ninguna conjetura<\/b>: \u00abNo hag\u00e1is c\u00e1balas, no invent\u00e9is. <b>\u00c9l se encuentra bien<\/b>. No hagamos especulaciones que no nos llevan a ning\u00fan sitio\u00bb.<\/p>\n<p>Asimismo, ha proseguido con su discurso animando a \u00abseguir con el programa\u00bb, <b>sin especificar los motivos del abandono<\/b> y recordando las palabras de su ya excompa\u00f1ero: \u00abComo \u00e9l dice, buenos deseos para todos vosotros\u00bb.<\/p>\n","protected":false},"excerpt":{"rendered":"Como se suele decir cuando algo va mal y sigue empeorando, si &#8216;Gran Hermano&#8217; montase un circo le&hellip;\n","protected":false},"author":2,"featured_media":268616,"comment_status":"","ping_status":"","sticky":false,"template":"","format":"standard","meta":{"footnotes":""},"categories":[171],"tags":[146,147,25,24,23,214],"class_list":{"0":"post-268615","1":"post","2":"type-post","3":"status-publish","4":"format-standard","5":"has-post-thumbnail","7":"category-tv","8":"tag-entertainment","9":"tag-entretenimiento","10":"tag-es","11":"tag-espana","12":"tag-spain","13":"tag-tv"},"share_on_mastodon":{"url":"https:\/\/pubeurope.com\/@es\/115654526635314471","error":""},"_links":{"self":[{"href":"https:\/\/www.europesays.com\/es\/wp-json\/wp\/v2\/posts\/268615","targetHints":{"allow":["GET"]}}],"collection":[{"href":"https:\/\/www.europesays.com\/es\/wp-json\/wp\/v2\/posts"}],"about":[{"href":"https:\/\/www.europesays.com\/es\/wp-json\/wp\/v2\/types\/post"}],"author":[{"embeddable":true,"href":"https:\/\/www.europesays.com\/es\/wp-json\/wp\/v2\/users\/2"}],"replies":[{"embeddable":true,"href":"https:\/\/www.europesays.com\/es\/wp-json\/wp\/v2\/comments?post=268615"}],"version-history":[{"count":0,"href":"https:\/\/www.europesays.com\/es\/wp-json\/wp\/v2\/posts\/268615\/revisions"}],"wp:featuredmedia":[{"embeddable":true,"href":"https:\/\/www.europesays.com\/es\/wp-json\/wp\/v2\/media\/268616"}],"wp:attachment":[{"href":"https:\/\/www.europesays.com\/es\/wp-json\/wp\/v2\/media?parent=268615"}],"wp:term":[{"taxonomy":"category","embeddable":true,"href":"https:\/\/www.europesays.com\/es\/wp-json\/wp\/v2\/categories?post=268615"},{"taxonomy":"post_tag","embeddable":true,"href":"https:\/\/www.europesays.com\/es\/wp-json\/wp\/v2\/tags?post=268615"}],"curies":[{"name":"wp","href":"https:\/\/api.w.org\/{rel}","templated":true}]}}