{"id":268630,"date":"2025-12-03T07:54:09","date_gmt":"2025-12-03T07:54:09","guid":{"rendered":"https:\/\/www.europesays.com\/es\/268630\/"},"modified":"2025-12-03T07:54:09","modified_gmt":"2025-12-03T07:54:09","slug":"las-ultimas-horas-de-sharit-y-rosmed-los-mensajes-de-las-menores-alientan-las-sombras-del-caso","status":"publish","type":"post","link":"https:\/\/www.europesays.com\/es\/268630\/","title":{"rendered":"Las \u00faltimas horas de Sharit y Rosmed: los mensajes de las menores alientan las sombras del caso"},"content":{"rendered":"<p class=\"ue-c-article__paragraph\">Los padres de las dos ni\u00f1as que fueron encontradas muertas el pasado s\u00e1bado en Ja\u00e9n han podido trasladar a los investigadores toda la informaci\u00f3n que manejan sobre <strong>las \u00faltimas horas que las adolescentes pasaron con vida<\/strong>, as\u00ed como transmitir sus dudas sobre el relato que se ha realizado en un prinicipio de los hechos. La Polic\u00eda ha recogido sus testimonios en el contexto de la investigaci\u00f3n abierta, para despejar todas las inc\u00f3gnitas pese a que, de forma preliminar, <strong>se descart\u00f3 la participaci\u00f3n de terceras personas <\/strong>en las muertes. Como viene informando EL MUNDO, la hip\u00f3tesis principal que manejan los investigadores <a href=\"https:\/\/www.elmundo.es\/andalucia\/2025\/11\/30\/692c65c1e85ece9c5a8b4575.html\" rel=\"nofollow noopener\" target=\"_blank\">apunta al suicidio<\/a>. La autopsia se\u00f1al\u00f3 tambi\u00e9n en esa direcci\u00f3n aunque los forenses a\u00fan no tienen los resultados de los an\u00e1lisis de t\u00f3xicos que se han enviado al laboratorio.<\/p>\n<p class=\"ue-c-article__paragraph\">Gracias a las declaraciones recabadas por EL MUNDO entre los familiares de Sharit y Rosamed, se puede hacer una reconstrucci\u00f3n m\u00e1s o menos fiable de las \u00faltimas horas de las ni\u00f1as.<\/p>\n<p class=\"ue-c-article__paragraph\">Tanto Sharit como Rosamed deb\u00edan estar de vuelta en sus respectivas viviendas a <strong>las 22 horas<\/strong>. Hab\u00edan salido a dar una vuelta con unas amigas y ten\u00edan indicaciones de que ten\u00edan que regresar a esa hora. Sobre <strong>las 20.10 horas, <\/strong>Sharit hab\u00eda intercambiado mensajes con su novio. \u00c9sta le contaba que estaba dando una vuelta con su amiga.<\/p>\n<p class=\"ue-c-article__paragraph\"><strong>A las 9.41<\/strong>, Rosemed envi\u00f3 un mensaje a Sharit con un mensajes de despedida. Aunque del relato inicial de lo ocurrido se desprende que las ni\u00f1as estaban juntas en ese momento. Claudia cree que la \u00fanica explicaci\u00f3n posible es que Sharit iba entonces camino de su casa cuando recibi\u00f3 el mensaje y, tras leer su contenido, se dio la vuelta para hablar con su amiga. Aun as\u00ed, Claudia cree que, en circunstancias normales, Sharit hubiera avisado a su madre de que se iba a retrasar.<\/p>\n<p class=\"ue-c-article__paragraph\"><strong>A las 9.46 horas,<\/strong> Sharit envi\u00f3 <strong>un mensaje a su novio <\/strong>dici\u00e9ndole que quer\u00eda poner fin a la relaci\u00f3n que ambos manten\u00edan desde hac\u00eda poco m\u00e1s de cinco meses y pese a que poco antes hab\u00edan hablado con normalidad. El chico, un joven de su misma edad al que hab\u00eda conocido en una fiesta de la comunidad latina en Ja\u00e9n, se qued\u00f3 muy sorprendido porque -seg\u00fan \u00e9l mismo ha contado a EL MUNDO- ni hab\u00edan discutido esa tarde ni ninguna otra en el tiempo que llevaban saliendo juntos. \u00abEst\u00e1bamos bien y la relaci\u00f3n era s\u00faper buena\u00bb, asegura. Claudia lo corrobora: \u00abMi hija estaba muy enamorada de ese ni\u00f1o\u00bb.<\/p>\n<p class=\"ue-c-article__paragraph\">Otro aspecto que lleva a la madre a pensar que alguien pudo manipular los m\u00f3viles -que es otra de las hip\u00f3tesis que baraja- es que los mensajes que recibieron las adolescentes de sus familiares (nerviosos ya por el retraso injustificado) <strong>se marcaron como \u00able\u00eddos\u00bb <\/strong>cuando se supon\u00eda que las dos chicas estaban ya muertas.<\/p>\n<p class=\"ue-c-article__paragraph\">Seg\u00fan relata Claudia, al ver que la noche avanzaba y que la ni\u00f1a no llegaba a casa a la hora prevista (las 22 horas), Claudia envi\u00f3 a su hija varios mensajes que \u00e9sta no respondi\u00f3. Ni siquiera aparec\u00edan como vistos (marcado en azul) en su pantalla, se\u00f1ala. Sin embargo, horas despu\u00e9s, esos mensajes cambiaron a modo \u00able\u00eddo\u00bb. Claudia se volvi\u00f3 loca de alegr\u00eda pensando que por fin tendr\u00eda respuesta y volvi\u00f3 a llamar a su hija, recuerda, pero de nuevo nadie le contest\u00f3. Cuando los familiares encontraron los cuerpos <strong>sobre la 1.30 de la madrugada<\/strong>, las dos adolescentes ten\u00edan los tel\u00e9fonos m\u00f3viles guardados en los bolsillos de su ropa.<\/p>\n<p class=\"ue-c-article__paragraph\">El padre de Rosmed, Asmed, narra un relato parecido. \u00abNos preocupamos porque siempre avisaba si se iba a retrasar\u00bb, precisa. El viernes no lo hizo. Algo le hab\u00eda ocurrido, pensaron \u00e9l y su mujer, Rosa.<\/p>\n<p class=\"ue-c-article__paragraph\">Horas antes, a media tarde, Rosmed hab\u00eda enviado un mensaje de audio a su padre coment\u00e1ndole que estaba con Sharit, que <strong>hab\u00edan comprado unas chuches<\/strong>, que iban a com\u00e9rselas y a dar una vuelta. Que hac\u00eda algo de fr\u00edo pero que no se estaba mal en la calle. Nada en sus palabras hac\u00eda presagiar la tragedia, dice su padre.<\/p>\n<p class=\"ue-c-article__paragraph\">Asmed sali\u00f3 a buscar a las chicas junto a su mujer, Rosa, y otro de sus hijos. No tienen coche, as\u00ed que fueron en patinete y dieron tantas vueltas mientras las buscaban que el patinete se les qued\u00f3 sin bater\u00eda, comenta. Sobre <strong>la 1.20 horas<\/strong>, Rosa y el chico se acercaron a una discoteca que hab\u00eda cerca del parque y el joven entr\u00f3 por si las ni\u00f1as estuvieran en el local. La mujer se qued\u00f3 en la puerta esperando. De all\u00ed volvieron al parque, donde el padre <strong>acababa de localizar los cad\u00e1veres<\/strong>.<\/p>\n<p class=\"ue-c-article__paragraph\">La madre de Sharit, al igual que la de Rosmed, descarta que la tragedia de las ni\u00f1as tenga algo que ver con la de otro joven del instituto en el que hab\u00edan estudiado, IES El Valle, que se quit\u00f3 la vida hace dos semanas. Si bien en el caso de Rosmed, tras informar su madre de varios episodios de acoso, se activ\u00f3 un protocolo de prevenci\u00f3n de la autoagresi\u00f3n en el instituto de Ense\u00f1anza Secundaria al que la chica iba a clase hace ahora dos a\u00f1os, finalmente la menor se cambi\u00f3 de centro escolar y acab\u00f3 la educaci\u00f3n obligatoria en el IES Santa Catalina, tambi\u00e9n en la capital.<\/p>\n<p class=\"ue-c-article__paragraph\">Este curso acad\u00e9mico, ambas j\u00f3venes se hab\u00edan matriculado de un ciclo medio de Formaci\u00f3n Profesional de Est\u00e9tica en el <strong>IES San Juan Bosco<\/strong>, pero Rosmed se hab\u00eda dado de baja pr\u00e1cticamente al principio y as\u00ed lo han confirmado desde la Consejer\u00eda de Desarrollo Educativo de la Junta de Andaluc\u00eda.<\/p>\n<p class=\"ue-c-article__paragraph\">Claudia describe a Sharit como a una ni\u00f1a \u00abfeliz, responsable y obediente\u00bb, que apenas se disgustaba por nada. Tanto es as\u00ed, dice, que no se enfadaba ni siquiera cuando la castigaba o lo retiraba el tel\u00e9fono m\u00f3vil.<\/p>\n<p class=\"ue-c-article__paragraph\">Nada en el comportamiento de la joven le hizo suponer lo que estaba por ocurrir. De hecho, dice Claudia, \u00abmi ni\u00f1a hizo su tarea antes de salir de casa\u00bb y le hab\u00eda comprado su regalo de cumplea\u00f1os a una de las amigas que celebra su aniversario en diciembre.<\/p>\n<p class=\"ue-c-article__paragraph\">El delegado del Gobierno en Andaluc\u00eda, <strong>Pedro Fern\u00e1ndez<\/strong>, insisti\u00f3 este martes en que todas las v\u00edas de investigaci\u00f3n siguen abiertas. Y que se est\u00e1 realizando un an\u00e1lisis exhaustivo de los testimonios de los testigos, del entorno, de la familia y de aquellos otros elementos personales de los que se pueda extraer \u00abcualquier tipo de informaci\u00f3n que nos permita aclarar qu\u00e9 es lo que ha ocurrido\u00bb.<\/p>\n","protected":false},"excerpt":{"rendered":"Los padres de las dos ni\u00f1as que fueron encontradas muertas el pasado s\u00e1bado en Ja\u00e9n han podido trasladar&hellip;\n","protected":false},"author":2,"featured_media":268631,"comment_status":"","ping_status":"","sticky":false,"template":"","format":"standard","meta":{"footnotes":""},"categories":[8],"tags":[259,17,18,25,24,13,14,11,3619,19,20,9,10,15,16,11739,597,23,12,21,22],"class_list":{"0":"post-268630","1":"post","2":"type-post","3":"status-publish","4":"format-standard","5":"has-post-thumbnail","7":"category-espana","8":"tag-andalucia","9":"tag-breaking-news","10":"tag-breakingnews","11":"tag-es","12":"tag-espana","13":"tag-featured-news","14":"tag-featurednews","15":"tag-headlines","16":"tag-jaen","17":"tag-latest-news","18":"tag-latestnews","19":"tag-news","20":"tag-noticias","21":"tag-noticias-destacadas","22":"tag-noticiasdestacadas","23":"tag-policia-nacional","24":"tag-prevencion","25":"tag-spain","26":"tag-titulares","27":"tag-ultimas-noticias","28":"tag-ultimasnoticias"},"share_on_mastodon":{"url":"https:\/\/pubeurope.com\/@es\/115654561930482911","error":""},"_links":{"self":[{"href":"https:\/\/www.europesays.com\/es\/wp-json\/wp\/v2\/posts\/268630","targetHints":{"allow":["GET"]}}],"collection":[{"href":"https:\/\/www.europesays.com\/es\/wp-json\/wp\/v2\/posts"}],"about":[{"href":"https:\/\/www.europesays.com\/es\/wp-json\/wp\/v2\/types\/post"}],"author":[{"embeddable":true,"href":"https:\/\/www.europesays.com\/es\/wp-json\/wp\/v2\/users\/2"}],"replies":[{"embeddable":true,"href":"https:\/\/www.europesays.com\/es\/wp-json\/wp\/v2\/comments?post=268630"}],"version-history":[{"count":0,"href":"https:\/\/www.europesays.com\/es\/wp-json\/wp\/v2\/posts\/268630\/revisions"}],"wp:featuredmedia":[{"embeddable":true,"href":"https:\/\/www.europesays.com\/es\/wp-json\/wp\/v2\/media\/268631"}],"wp:attachment":[{"href":"https:\/\/www.europesays.com\/es\/wp-json\/wp\/v2\/media?parent=268630"}],"wp:term":[{"taxonomy":"category","embeddable":true,"href":"https:\/\/www.europesays.com\/es\/wp-json\/wp\/v2\/categories?post=268630"},{"taxonomy":"post_tag","embeddable":true,"href":"https:\/\/www.europesays.com\/es\/wp-json\/wp\/v2\/tags?post=268630"}],"curies":[{"name":"wp","href":"https:\/\/api.w.org\/{rel}","templated":true}]}}