{"id":268637,"date":"2025-12-03T08:03:16","date_gmt":"2025-12-03T08:03:16","guid":{"rendered":"https:\/\/www.europesays.com\/es\/268637\/"},"modified":"2025-12-03T08:03:16","modified_gmt":"2025-12-03T08:03:16","slug":"manolo-flores-se-convierte-en-el-presidente-de-la-asociacion-de-jugadores-veteranos-de-baloncesto-del-barca","status":"publish","type":"post","link":"https:\/\/www.europesays.com\/es\/268637\/","title":{"rendered":"Manolo Flores se convierte en el presidente de la Asociaci\u00f3n de Jugadores Veteranos de Baloncesto del Bar\u00e7a"},"content":{"rendered":"<p class=\"ft-text\">La Asociaci\u00f3n de Jugadores Veteranos de Baloncesto del FC Barcelona ha iniciado una nueva etapa institucional con la elecci\u00f3n de <strong>Manolo Flores<\/strong> como m\u00e1ximo responsable. El exjugador y exentrenador, una figura emblem\u00e1tica en la historia de la secci\u00f3n, pasa a liderar la entidad despu\u00e9s de haber ejercido como vicepresidente en los \u00faltimos a\u00f1os.<\/p>\n<p class=\"ft-text\">Flores toma el relevo de <strong>Pedro Ansa<\/strong>, quien ha encabezado la asociaci\u00f3n durante una d\u00e9cada. Aunque deja la presidencia, Ansa continuar\u00e1 formando parte del n\u00facleo directivo como <strong>vicepresidente econ\u00f3mico<\/strong>, lo que garantiza una transici\u00f3n serena y la continuidad del trabajo desarrollado en este per\u00edodo. El cambio fue ratificado en la \u00faltima asamblea y responde al prop\u00f3sito de consolidar la actividad de los equipos de veteranos y las iniciativas que contribuyen a difundir el legado del baloncesto azulgrana.<\/p>\n<p><img decoding=\"async\" src=\"https:\/\/www.europesays.com\/es\/wp-content\/uploads\/2025\/12\/263ac2e0-658e-4877-8db3-354bf5c12ff0_alta-libre-aspect-ratio_default_0.jpg\" width=\"1200\" height=\"675\" alt=\"Manolo Flores\" class=\"ft-helper-img-rd\" loading=\"lazy\"\/><\/p>\n<p class=\"ft-helper-fontColor-quaternary ft-helper-fontSize-body-S ft-helper-spacer-t-xxs\">Manolo Flores  \/ El Peri\u00f3dico<\/p>\n<p class=\"ft-text\">Tras su nombramiento, Flores se mostr\u00f3 motivado por esta nueva responsabilidad y quiso destacar el papel de su predecesor: \u201cPerico ha hecho una labor extraordinaria durante muchos a\u00f1os y nuestra intenci\u00f3n es seguir ofreciendo apoyo y presencia en la secci\u00f3n\u201d. El nuevo presidente tambi\u00e9n subray\u00f3 la relevancia de <strong>2026<\/strong>, un a\u00f1o que reunir\u00e1 dos conmemoraciones destacadas: los <strong>100 a\u00f1os<\/strong> del baloncesto del FC Barcelona y el <strong>50 aniversario<\/strong> de la propia asociaci\u00f3n de veteranos.<\/p>\n<p class=\"ft-text\">La asamblea aprob\u00f3 asimismo varias incorporaciones a la junta. <strong>Nacho Soloz\u00e1bal<\/strong> pasa a ocupar la vicepresidencia; <strong>Miquel Artigas<\/strong> ejercer\u00e1 como secretario y se encargar\u00e1 del \u00e1rea jur\u00eddica; mientras que <strong>Josep Claret<\/strong> y <strong>Ernesto Mart\u00ednez Mollinedo<\/strong> se integran como vocales. Con este equipo renovado, la asociaci\u00f3n afronta un nuevo ciclo con la intenci\u00f3n de reforzar su papel dentro del club y de seguir impulsando la memoria de los jugadores que han marcado la historia azulgrana.<\/p>\n","protected":false},"excerpt":{"rendered":"La Asociaci\u00f3n de Jugadores Veteranos de Baloncesto del FC Barcelona ha iniciado una nueva etapa institucional con la&hellip;\n","protected":false},"author":2,"featured_media":268638,"comment_status":"","ping_status":"","sticky":false,"template":"","format":"standard","meta":{"footnotes":""},"categories":[269],"tags":[7554,299,2296,298,1438,168,25,24,9646,24370,1461,23,167],"class_list":{"0":"post-268637","1":"post","2":"type-post","3":"status-publish","4":"format-standard","5":"has-post-thumbnail","7":"category-baloncesto","8":"tag-asociacion","9":"tag-baloncesto","10":"tag-barca","11":"tag-basketball","12":"tag-convierte","13":"tag-deportes","14":"tag-es","15":"tag-espana","16":"tag-flores","17":"tag-manolo","18":"tag-presidente","19":"tag-spain","20":"tag-sports"},"share_on_mastodon":{"url":"https:\/\/pubeurope.com\/@es\/115654597644019214","error":""},"_links":{"self":[{"href":"https:\/\/www.europesays.com\/es\/wp-json\/wp\/v2\/posts\/268637","targetHints":{"allow":["GET"]}}],"collection":[{"href":"https:\/\/www.europesays.com\/es\/wp-json\/wp\/v2\/posts"}],"about":[{"href":"https:\/\/www.europesays.com\/es\/wp-json\/wp\/v2\/types\/post"}],"author":[{"embeddable":true,"href":"https:\/\/www.europesays.com\/es\/wp-json\/wp\/v2\/users\/2"}],"replies":[{"embeddable":true,"href":"https:\/\/www.europesays.com\/es\/wp-json\/wp\/v2\/comments?post=268637"}],"version-history":[{"count":0,"href":"https:\/\/www.europesays.com\/es\/wp-json\/wp\/v2\/posts\/268637\/revisions"}],"wp:featuredmedia":[{"embeddable":true,"href":"https:\/\/www.europesays.com\/es\/wp-json\/wp\/v2\/media\/268638"}],"wp:attachment":[{"href":"https:\/\/www.europesays.com\/es\/wp-json\/wp\/v2\/media?parent=268637"}],"wp:term":[{"taxonomy":"category","embeddable":true,"href":"https:\/\/www.europesays.com\/es\/wp-json\/wp\/v2\/categories?post=268637"},{"taxonomy":"post_tag","embeddable":true,"href":"https:\/\/www.europesays.com\/es\/wp-json\/wp\/v2\/tags?post=268637"}],"curies":[{"name":"wp","href":"https:\/\/api.w.org\/{rel}","templated":true}]}}