{"id":268639,"date":"2025-12-03T08:04:11","date_gmt":"2025-12-03T08:04:11","guid":{"rendered":"https:\/\/www.europesays.com\/es\/268639\/"},"modified":"2025-12-03T08:04:11","modified_gmt":"2025-12-03T08:04:11","slug":"el-navalcarnero-no-remata-al-getafe","status":"publish","type":"post","link":"https:\/\/www.europesays.com\/es\/268639\/","title":{"rendered":"El Navalcarnero no remata al Getafe"},"content":{"rendered":"<p data-mrf-recirculation=\"Links P\u00e1rrafos\" class=\"ue-c-article__paragraph paragraph ue-c-article--first-letter-highlighted\">El Getafe logr\u00f3 este martes el pase a la siguiente ronda de Copa del Rey tras vencer a <strong>un Navalcarnero que le puso contra las cuerdas despu\u00e9s de adelantarse en el marcador por 2-0<\/strong>. Bordal\u00e1s movi\u00f3 el banquillo en la segunda mitad y los <strong>goles de Joselu, Mario Mart\u00edn y Jorge Montes, este \u00faltimo en la pr\u00f3rroga<\/strong>, dejan a los azulones con un pase ag\u00f3nico.<\/p>\n<p data-mrf-recirculation=\"Links P\u00e1rrafos\" class=\"ue-c-article__paragraph paragraph\">El Navalcarnero arrancaba el choque en modo vendaval. Primero, un error de Tito lo aprovechar\u00edan los del Mariano Gonz\u00e1lez para, a los cinco minutos, poner el primero en el marcador en las botas de Iker Perera. El Mariano Gonz\u00e1lez enloquec\u00eda. Pero lo har\u00eda a\u00fan m\u00e1s apenas siete minutos despu\u00e9s cuando ser\u00eda Jaime P\u00e9rez qui\u00e9n pondr\u00eda el segundo en el marcador.<\/p>\n<p><img decoding=\"async\" src=\"https:\/\/www.europesays.com\/es\/wp-content\/uploads\/2025\/12\/692f6d3e51408.jpeg\" class=\"ue-c-article__image\" alt=\"\"\/><\/p>\n<p>Iker Perera celebra su gol al GetafeEFE<\/p>\n<p data-mrf-recirculation=\"Links P\u00e1rrafos\" class=\"ue-c-article__paragraph paragraph\">Los de Bordal\u00e1s no se encontraron y el \u2018Naval\u2019 pudo incluso hacer el tercero con un remate que lograba despejar a c\u00f3rner Jiri Letacek. Hubo que esperar al minuto 26 para ver el primer acercamiento azul\u00f3n, con un centro de Coba da Costa que rematar\u00eda Joselu fuera. Tras ello, el Getafe empez\u00f3 a tener m\u00e1s el bal\u00f3n aunque con una posesi\u00f3n esteril y un Navalcarnero c\u00f3modo.<\/p>\n<p data-mrf-recirculation=\"Links P\u00e1rrafos\" class=\"ue-c-article__paragraph paragraph\">Solo Juanmi, con un remate al palo, pudo acortar distancias para los azulones antes de que ambos equipos encarasen el t\u00fanel de vestuarios.<\/p>\n<p data-mrf-recirculation=\"Links P\u00e1rrafos\" class=\"ue-c-article__paragraph paragraph\">Bordal\u00e1s movi\u00f3 el banquillo en el descanso y puso a Jorge Montes, del filial, por Tito, pero no consigui\u00f3 inquietar la meta de Calado. De hecho, tuvo que esperar hasta el 68\u2019, cuando uno de los mejores de los azulones, Joselu, introducir\u00eda a la red un bal\u00f3n de Yasin. Tras ese tanto, el Getafe sigui\u00f3 moviendo el banquillo con hombres al campo como Mario Mart\u00edn, Sancris o Borja Mayoral, que le dieron otro aire, aunque <strong>tuvo que ser casi en el 90 cuando Mario pondr\u00eda el empate en el marcador<\/strong> con el que ambos equipos se ir\u00edan a la pr\u00f3rroga, no sin antes, ya en el a\u00f1adido, un susto para los azulones con un mano a mano de Angelito que repeli\u00f3 Jiri.<\/p>\n<p><img decoding=\"async\" src=\"https:\/\/www.europesays.com\/es\/wp-content\/uploads\/2025\/12\/692f6e009e7fb.jpeg\" class=\"ue-c-article__image\" alt=\"\"\/><\/p>\n<p>Yassin Tallal, jugador del filial azul\u00f3n, protege el bal\u00f3n durante el encuentroEFE<\/p>\n<p data-mrf-recirculation=\"Links P\u00e1rrafos\" class=\"ue-c-article__paragraph paragraph\">La pr\u00f3rroga revitaliz\u00f3 al Navalcarnero, que <strong>tuvo hasta tres ocasiones claras con un Angelito que meti\u00f3 el miedo a los de Bordal\u00e1s<\/strong> pudiendo hacer el 3-2. Pero en la \u00e9lite, si perdonas, lo pagas. Y el Getafe lo cobr\u00f3 en la segunda mitad del tiempo extra. Jorge Montes, uno de los mejores del encuentro, puso el 2-3 con un zurdazo que pondr\u00eda al Getafe en la siguiente ronda de Copa.<\/p>\n<p data-mrf-recirculation=\"Links P\u00e1rrafos\" class=\"ue-c-article__paragraph paragraph\">Borja Mayoral pudo hacer el 4-2 y el Navalcarnero apur\u00f3 hasta el final, pero finalmente la victoria se la llev\u00f3 el cuadro de Primera Divisi\u00f3n, que sud\u00f3 m\u00e1s de la cuenta para deshacerse de un Navalcarnero que cay\u00f3 con honores.<\/p>\n","protected":false},"excerpt":{"rendered":"El Getafe logr\u00f3 este martes el pase a la siguiente ronda de Copa del Rey tras vencer a&hellip;\n","protected":false},"author":2,"featured_media":268640,"comment_status":"","ping_status":"","sticky":false,"template":"","format":"standard","meta":{"footnotes":""},"categories":[268],"tags":[168,25,24,280,282,281,23,167],"class_list":{"0":"post-268639","1":"post","2":"type-post","3":"status-publish","4":"format-standard","5":"has-post-thumbnail","7":"category-futbol","8":"tag-deportes","9":"tag-es","10":"tag-espana","11":"tag-football","12":"tag-futbol","13":"tag-soccer","14":"tag-spain","15":"tag-sports"},"share_on_mastodon":{"url":"https:\/\/pubeurope.com\/@es\/115654601682752351","error":""},"_links":{"self":[{"href":"https:\/\/www.europesays.com\/es\/wp-json\/wp\/v2\/posts\/268639","targetHints":{"allow":["GET"]}}],"collection":[{"href":"https:\/\/www.europesays.com\/es\/wp-json\/wp\/v2\/posts"}],"about":[{"href":"https:\/\/www.europesays.com\/es\/wp-json\/wp\/v2\/types\/post"}],"author":[{"embeddable":true,"href":"https:\/\/www.europesays.com\/es\/wp-json\/wp\/v2\/users\/2"}],"replies":[{"embeddable":true,"href":"https:\/\/www.europesays.com\/es\/wp-json\/wp\/v2\/comments?post=268639"}],"version-history":[{"count":0,"href":"https:\/\/www.europesays.com\/es\/wp-json\/wp\/v2\/posts\/268639\/revisions"}],"wp:featuredmedia":[{"embeddable":true,"href":"https:\/\/www.europesays.com\/es\/wp-json\/wp\/v2\/media\/268640"}],"wp:attachment":[{"href":"https:\/\/www.europesays.com\/es\/wp-json\/wp\/v2\/media?parent=268639"}],"wp:term":[{"taxonomy":"category","embeddable":true,"href":"https:\/\/www.europesays.com\/es\/wp-json\/wp\/v2\/categories?post=268639"},{"taxonomy":"post_tag","embeddable":true,"href":"https:\/\/www.europesays.com\/es\/wp-json\/wp\/v2\/tags?post=268639"}],"curies":[{"name":"wp","href":"https:\/\/api.w.org\/{rel}","templated":true}]}}