{"id":268645,"date":"2025-12-03T08:08:08","date_gmt":"2025-12-03T08:08:08","guid":{"rendered":"https:\/\/www.europesays.com\/es\/268645\/"},"modified":"2025-12-03T08:08:08","modified_gmt":"2025-12-03T08:08:08","slug":"un-top-de-zara-y-el-truco-para-llevar-pantalones-vaqueros-a-la-cena-de-empresa-esta-navidad","status":"publish","type":"post","link":"https:\/\/www.europesays.com\/es\/268645\/","title":{"rendered":"un top de Zara y el truco para llevar pantalones vaqueros a la cena de empresa esta Navidad"},"content":{"rendered":"\n<p>  03\/12\/2025 &#8211; 08:26  Actualizado: 03\/12\/2025 &#8211; 08:26   <\/p>\n<p> Si devoraste &#8216;Las hijas de la criada&#8217;, la exitosa novela de <strong>Sonsoles \u00d3nega,<\/strong>\u00a0te suceder\u00e1 lo mismo con la serie producida por Antena 3. La adaptaci\u00f3n del bestseller de<a href=\"https:\/\/www.vanitatis.elconfidencial.com\/famosos\/2025-11-21\/enfermedad-hijo-menor-sonsoles-onega-presentadora-diabetes_4251758\/\" target=\"_self\" rel=\"nofollow noopener\"> la escritora y presentadora,<\/a> la obra ganadora del Premio Planeta 2023 y protagonizada por <strong>Ver\u00f3nica S\u00e1nchez, Carlota Bar\u00f3 y Alain Hern\u00e1ndez, <\/strong>ya est\u00e1 disponible en Atresplayer, la plataforma de &#8216;streaming&#8217; de la mencionada cadena de televisi\u00f3n. <\/p>\n<p> Anoche, autora y protagonista, visitaron &#8216;El hormiguero&#8217;. Sentadas al lado de <strong>Pablo Motos, Sonsoles y Ver\u00f3nica<\/strong> hablaron del rodaje y revelaron algunos secretos de la serie sin &#8216;spoilers&#8217;. Las dos acudieron al programa con estilismos conjuntados de color negro. La actriz, con un vestido decorado con una flor en 3D y la presentadora, con un dos piezas, es en este look donde queremos detenernos y analizarlo en profundidad. <\/p>\n<p>                Sonsoles \u00d3nega y Ver\u00f3nica S\u00e1nchez en &#8216;El hormiguero&#8217;. (Instagram)            <\/p>\n<p> Mimetizada <a href=\"https:\/\/www.vanitatis.elconfidencial.com\/estilo\/moda\/2025-11-19\/zara-falda-viral-flecos-looks-navidad_4249464\/\" target=\"_self\" rel=\"nofollow noopener\">con el ambiente festivo que se respira estos d\u00edas,<\/a> la presentadora de &#8216;Y ahora Sonsoles&#8217;, luci\u00f3 un total black conformado por <strong>un top de Zara<\/strong> y unos pantalones vaqueros. Lo que marca la diferencia en su outfit y que es fuente de inspiraci\u00f3n para el resto, es que <strong>nos ha dado la clave para ir en jeans a la cena de empresa de Navidad este 2026.<\/strong> <\/p>\n<p> A sabiendas de que los pantalones en tejido denim son aptos para casi cualquier situaci\u00f3n, siempre y cuando manejes la maestr\u00eda para combinarlos con acierto y en este caso, elevar su informalidad a la categor\u00eda de prenda brillante, <strong>Sonsoles \u00d3nega<\/strong> tiene el truco para ponerlo en pr\u00e1ctica. <\/p>\n<p>                Sonsoles \u00d3nega en &#8216;El hormiguero&#8217;. (Instagram)            <\/p>\n<p> Como hemos avanzado, la parte superior del look es <strong>un top de Zara. <\/strong>Se trata de una de esas piezas atemporales que la firma de Inditex replica y lanza cada temporada y que merece estar en cualquier buen fondo de armario. Confeccionada con dos tejidos, uno de punto fino con acabado de canal\u00e9 para el cuello y uno satinado de efecto brillante para el cuerpo, logra su objetivo: sumar elegancia y sofisticaci\u00f3n. <\/p>\n<p> Cuenta con un cuello subido, no tiene mangas, silueta recta y tanto desde <strong>Zara<\/strong> como la propia Sonsoles nos invitan a lucir el top por dentro de la prenda de abajo. <\/p>\n<p> Pasamos precisamente a ese punto del atuendo. La presentadora ha combinado el top con <strong>unos pantalones vaqueros<\/strong> de talle alto, dise\u00f1o de cinco bolsillos y lavado negro. Un modelo apto para lucir de d\u00eda y de noche y que se convierte en el aliado perfecto de <a href=\"https:\/\/www.vanitatis.elconfidencial.com\/estilo\/moda\/2025-11-27\/fotos-exclusivas-cena-de-navidad-firma-italiana-favorita-influencers-looks_4256188\/\" target=\"_self\" rel=\"nofollow noopener\">los looks de Navidad<\/a> gracias a un peque\u00f1o detalle. <\/p>\n<p>                    La presentadora sentada en la mesa de &#8216;El hormiguero&#8217;. (Instagram)            <\/p>\n<p> Un cintur\u00f3n repleto de strass en acabado plata y hebilla cowboy en el mismo tono metalizado, este es el accesorio que ha ayudado a <strong>Sonsoles \u00d3nega <\/strong>a subir de nivel sus jeans y transformarlos en la prenda ideal para estas fiestas. <\/p>\n<p> Sencillo y f\u00e1cil de aplicar, este truco de estilo que hemos fichado en <a href=\"https:\/\/www.vanitatis.elconfidencial.com\/famosos\/2025-11-27\/sonsoles-onega-estreno-serie-hijas-de-la-criada-fotos-detalles_4256223\/\" target=\"_self\" rel=\"nofollow noopener\">el nuevo look de la escritora, <\/a>nos librar\u00e1 de los temidos quebraderos de cabeza frente al armario la noche que tengamos que ir a la cena de Navidad junto a tus compa\u00f1eros y jefes. <\/p>\n<p> Las joyas que ha incluido siguen esa l\u00ednea est\u00e9tica: pendientes de aro y un brazalete arquitect\u00f3nico, ambas piezas en plateado. Para culminar su puesta en escena, su caracter\u00edstica melena y un maquillaje que presta atenci\u00f3n a la mirada.  <\/p>\n<p> Si devoraste &#8216;Las hijas de la criada&#8217;, la exitosa novela de <strong>Sonsoles \u00d3nega,<\/strong>\u00a0te suceder\u00e1 lo mismo con la serie producida por Antena 3. La adaptaci\u00f3n del bestseller de<a href=\"https:\/\/www.vanitatis.elconfidencial.com\/famosos\/2025-11-21\/enfermedad-hijo-menor-sonsoles-onega-presentadora-diabetes_4251758\/\" target=\"_self\" rel=\"nofollow noopener\"> la escritora y presentadora,<\/a> la obra ganadora del Premio Planeta 2023 y protagonizada por <strong>Ver\u00f3nica S\u00e1nchez, Carlota Bar\u00f3 y Alain Hern\u00e1ndez, <\/strong>ya est\u00e1 disponible en Atresplayer, la plataforma de &#8216;streaming&#8217; de la mencionada cadena de televisi\u00f3n. <\/p>\n","protected":false},"excerpt":{"rendered":"03\/12\/2025 &#8211; 08:26 Actualizado: 03\/12\/2025 &#8211; 08:26 Si devoraste &#8216;Las hijas de la criada&#8217;, la exitosa novela de&hellip;\n","protected":false},"author":2,"featured_media":268646,"comment_status":"","ping_status":"","sticky":false,"template":"","format":"standard","meta":{"footnotes":""},"categories":[171],"tags":[146,147,25,24,23,214],"class_list":{"0":"post-268645","1":"post","2":"type-post","3":"status-publish","4":"format-standard","5":"has-post-thumbnail","7":"category-tv","8":"tag-entertainment","9":"tag-entretenimiento","10":"tag-es","11":"tag-espana","12":"tag-spain","13":"tag-tv"},"share_on_mastodon":{"url":"https:\/\/pubeurope.com\/@es\/115654616840146140","error":""},"_links":{"self":[{"href":"https:\/\/www.europesays.com\/es\/wp-json\/wp\/v2\/posts\/268645","targetHints":{"allow":["GET"]}}],"collection":[{"href":"https:\/\/www.europesays.com\/es\/wp-json\/wp\/v2\/posts"}],"about":[{"href":"https:\/\/www.europesays.com\/es\/wp-json\/wp\/v2\/types\/post"}],"author":[{"embeddable":true,"href":"https:\/\/www.europesays.com\/es\/wp-json\/wp\/v2\/users\/2"}],"replies":[{"embeddable":true,"href":"https:\/\/www.europesays.com\/es\/wp-json\/wp\/v2\/comments?post=268645"}],"version-history":[{"count":0,"href":"https:\/\/www.europesays.com\/es\/wp-json\/wp\/v2\/posts\/268645\/revisions"}],"wp:featuredmedia":[{"embeddable":true,"href":"https:\/\/www.europesays.com\/es\/wp-json\/wp\/v2\/media\/268646"}],"wp:attachment":[{"href":"https:\/\/www.europesays.com\/es\/wp-json\/wp\/v2\/media?parent=268645"}],"wp:term":[{"taxonomy":"category","embeddable":true,"href":"https:\/\/www.europesays.com\/es\/wp-json\/wp\/v2\/categories?post=268645"},{"taxonomy":"post_tag","embeddable":true,"href":"https:\/\/www.europesays.com\/es\/wp-json\/wp\/v2\/tags?post=268645"}],"curies":[{"name":"wp","href":"https:\/\/api.w.org\/{rel}","templated":true}]}}