{"id":268661,"date":"2025-12-03T08:18:16","date_gmt":"2025-12-03T08:18:16","guid":{"rendered":"https:\/\/www.europesays.com\/es\/268661\/"},"modified":"2025-12-03T08:18:16","modified_gmt":"2025-12-03T08:18:16","slug":"trump-amenaza-a-venezuela-empezaremos-con-los-ataques-por-tierra","status":"publish","type":"post","link":"https:\/\/www.europesays.com\/es\/268661\/","title":{"rendered":"Trump amenaza a Venezuela: \u201cEmpezaremos con los ataques por tierra\u201d"},"content":{"rendered":"<p class=\"\">Despu\u00e9s de anunciar el <a href=\"https:\/\/as.com\/actualidad\/sociedad\/adios-a-volar-a-venezuela-maduro-revoca-las-concesiones-a-estas-aerolineas-f202511-n\/\" target=\"_self\" rel=\"nofollow noopener\" title=\"https:\/\/as.com\/actualidad\/sociedad\/adios-a-volar-a-venezuela-maduro-revoca-las-concesiones-a-estas-aerolineas-f202511-n\/\"><b>cierre del espacio a\u00e9reo de Venezuela<\/b><\/a>, y tras tres meses de ataques contra supuestas narcolanchas en el Caribe, Donald Trump ha confirmado que Estados Unidos proseguir\u00e1 con su particular ofensiva en la zona.<\/p>\n<p class=\"\">Lo ha hecho despu\u00e9s de que reuniera por \u00faltima vez este a\u00f1o a su Gabinete, y en un discurso en el que no descart\u00f3 la opci\u00f3n de que se lleven a cabo \u201cataques por tierra\u201d. Su <b>objetivo<\/b>, seg\u00fan palabras textuales del propio mandatario republicano, <b>pasa por \u201cacabar con esos hijos de perra\u201d<\/b>.<\/p>\n<p class=\"\">Una expresi\u00f3n que utiliz\u00f3 para referirse a los c\u00e1rteles del narcotr\u00e1fico. \u201c<b>En tierra es mucho m\u00e1s f\u00e1cil. Conocemos las rutas que toman<\/b>. Lo sabemos todo sobre ellos, d\u00f3nde viven los malos\u201d, dijo. De hecho, lleg\u00f3 a anunciar que empezar\u00e1n \u201cmuy pronto\u201d con estas operaciones.<\/p>\n<p class=\"\">Esta estrategia se enmarca dentro de la operaci\u00f3n que el Pent\u00e1gono denomin\u00f3 como <b>\u201cLanza del Sur\u201d y que, hasta ahora, se ha saldado con la destrucci\u00f3n de una veintena de embarcaciones<\/b> en el Caribe. Seg\u00fan su versi\u00f3n, estos ataques han ayudado a EE.UU a salvar \u201cmiles de vidas\u201d. <\/p>\n<p>Colombia<\/p>\n<p class=\"\">No solo Venezuela fue el foco de su mensaje. Tambi\u00e9n tuvo palabras hacia otros pa\u00edses que \u201cproduzcan y trafiquen droga\u201d hacia Estados Unidos. En este sentido, desliz\u00f3 la posibilidad de realizar una ofensiva en Colombia. <\/p>\n<p>Noticias relacionadas<a href=\"https:\/\/as.com\/actualidad\/politica\/las-condiciones-que-puso-maduro-a-trump-para-abandonar-venezuela-f202512-n\/\" class=\"s_m_w\" title=\"El l\u00edder chavista, seg\u00fan Reuters, estaba dispuesto a salir del pa\u00eds, pero pidi\u00f3 un indulto y un Gobierno interino liderado por Delcy Rodr\u00edguez, entre otras demandas.\" data-tb-link=\"\" rel=\"nofollow noopener\" target=\"_blank\"><img decoding=\"async\" src=\"https:\/\/www.europesays.com\/es\/wp-content\/uploads\/2025\/12\/CLJ4HQA5B5IOTKKDWAM55TUUOQ.jpg\" alt=\"Las condiciones que puso Maduro a Trump para abandonar Venezuela \" class=\"\" height=\"9\" width=\"16\"   loading=\"lazy\" data-tb-thumbnail=\"\"\/><\/a><a href=\"https:\/\/as.com\/actualidad\/politica\/salen-a-la-luz-detalles-de-la-llamada-que-tuvieron-trump-y-maduro-podia-irse-a-rusia-u-otro-pais-f202512-n\/\" class=\"s_m_w\" title=\"El senador republicano Markwayne Mullin asegura que el presidente de Estados Unidos ofreci\u00f3 al venezolano la \u201coportunidad de irse\u201d a de su pa\u00eds.\" data-tb-link=\"\" rel=\"nofollow noopener\" target=\"_blank\"><img decoding=\"async\" src=\"https:\/\/www.europesays.com\/es\/wp-content\/uploads\/2025\/12\/MAUOD3QPH5KCRBIVEA73SPES4Q.jpg\" alt=\"Salen a la luz detalles de la llamada que tuvieron Trump y Maduro: \u201cPod\u00eda irse a Rusia u otro pa\u00eds\u201d\" class=\"\" height=\"9\" width=\"16\"   loading=\"lazy\" data-tb-thumbnail=\"\"\/><\/a><\/p>\n<p class=\"\">Por el momento, el objetivo prioritario de Washington no es otro que mantener ese <b>despliegue militar en el Caribe frente a la costa venezolana<\/b>, con el fin de combatir el narcotr\u00e1fico y el llamado Cartel de los Soles, organizaci\u00f3n a la que vinculan a Maduro y cuya presunta relaci\u00f3n ha hecho que <a href=\"https:\/\/as.com\/actualidad\/politica\/estados-unidos-declara-terrorista-a-maduro-que-implica-esta-medida-de-trump-f202511-n\/\" rel=\"nofollow noopener\" title=\"https:\/\/as.com\/actualidad\/politica\/estados-unidos-declara-terrorista-a-maduro-que-implica-esta-medida-de-trump-f202511-n\/\" target=\"_blank\">EEUU declare terrorista al presidente venezolano.<\/a><\/p>\n<p class=\"\"><b>\u00a1Tus opiniones importan!<\/b> Comenta en los art\u00edculos y suscr\u00edbete gratis a nuestra <a href=\"https:\/\/asfan.as.com\/newsletters\/\" target=\"_blank\" rel=\"nofollow noopener\" title=\"https:\/\/asfan.as.com\/newsletters\/\">newsletter<\/a> y a las alertas informativas en la <a href=\"https:\/\/as.com\/aplicacion-de-as-n\/\" target=\"_blank\" rel=\"nofollow noopener\" title=\"https:\/\/as.com\/aplicacion-de-as-n\/\">App<\/a> o el canal de <a href=\"https:\/\/www.whatsapp.com\/channel\/0029VaAasdA7j6g745nz9M10\" target=\"_blank\" rel=\"nofollow noopener\" title=\"https:\/\/www.whatsapp.com\/channel\/0029VaAasdA7j6g745nz9M10\">WhatsApp<\/a>. \u00bfBuscas licenciar contenido? Haz clic <a href=\"https:\/\/profesional.elpais.com\/soluciones-sindicacion?utm_medium=interno&amp;utm_source=crosslinking&amp;utm_campaign=sindicacion_as_pie_articulos\" target=\"_blank\" rel=\"nofollow noopener\" title=\"https:\/\/profesional.elpais.com\/soluciones-sindicacion?utm_medium=interno&amp;utm_source=crosslinking&amp;utm_campaign=sindicacion_as_pie_articulos\">aqu\u00ed<\/a><\/p>\n","protected":false},"excerpt":{"rendered":"Despu\u00e9s de anunciar el cierre del espacio a\u00e9reo de Venezuela, y tras tres meses de ataques contra supuestas&hellip;\n","protected":false},"author":2,"featured_media":268662,"comment_status":"","ping_status":"","sticky":false,"template":"","format":"standard","meta":{"footnotes":""},"categories":[5],"tags":[17,18,25,24,13,14,11,19,20,9,10,15,16,23,12,21,22],"class_list":{"0":"post-268661","1":"post","2":"type-post","3":"status-publish","4":"format-standard","5":"has-post-thumbnail","7":"category-titulares","8":"tag-breaking-news","9":"tag-breakingnews","10":"tag-es","11":"tag-espana","12":"tag-featured-news","13":"tag-featurednews","14":"tag-headlines","15":"tag-latest-news","16":"tag-latestnews","17":"tag-news","18":"tag-noticias","19":"tag-noticias-destacadas","20":"tag-noticiasdestacadas","21":"tag-spain","22":"tag-titulares","23":"tag-ultimas-noticias","24":"tag-ultimasnoticias"},"share_on_mastodon":{"url":"https:\/\/pubeurope.com\/@es\/115654656711973626","error":""},"_links":{"self":[{"href":"https:\/\/www.europesays.com\/es\/wp-json\/wp\/v2\/posts\/268661","targetHints":{"allow":["GET"]}}],"collection":[{"href":"https:\/\/www.europesays.com\/es\/wp-json\/wp\/v2\/posts"}],"about":[{"href":"https:\/\/www.europesays.com\/es\/wp-json\/wp\/v2\/types\/post"}],"author":[{"embeddable":true,"href":"https:\/\/www.europesays.com\/es\/wp-json\/wp\/v2\/users\/2"}],"replies":[{"embeddable":true,"href":"https:\/\/www.europesays.com\/es\/wp-json\/wp\/v2\/comments?post=268661"}],"version-history":[{"count":0,"href":"https:\/\/www.europesays.com\/es\/wp-json\/wp\/v2\/posts\/268661\/revisions"}],"wp:featuredmedia":[{"embeddable":true,"href":"https:\/\/www.europesays.com\/es\/wp-json\/wp\/v2\/media\/268662"}],"wp:attachment":[{"href":"https:\/\/www.europesays.com\/es\/wp-json\/wp\/v2\/media?parent=268661"}],"wp:term":[{"taxonomy":"category","embeddable":true,"href":"https:\/\/www.europesays.com\/es\/wp-json\/wp\/v2\/categories?post=268661"},{"taxonomy":"post_tag","embeddable":true,"href":"https:\/\/www.europesays.com\/es\/wp-json\/wp\/v2\/tags?post=268661"}],"curies":[{"name":"wp","href":"https:\/\/api.w.org\/{rel}","templated":true}]}}