{"id":268663,"date":"2025-12-03T08:23:09","date_gmt":"2025-12-03T08:23:09","guid":{"rendered":"https:\/\/www.europesays.com\/es\/268663\/"},"modified":"2025-12-03T08:23:09","modified_gmt":"2025-12-03T08:23:09","slug":"rafa-nadal-toni-nadal-los-rivales-de-carlos-alcaraz-no-son-los-de-rafa","status":"publish","type":"post","link":"https:\/\/www.europesays.com\/es\/268663\/","title":{"rendered":"RAFA NADAL | Toni Nadal: \u00abLos rivales de Carlos Alcaraz no son los de Rafa\u00bb"},"content":{"rendered":"<p class=\"ft-text\">Toni Nadal ha asegurado en Zamora que <a class=\"ft-link ft-link--decoration\" href=\"https:\/\/www.informacion.es\/tags\/carlos-alcaraz\/\" rel=\"nofollow noopener\" target=\"_blank\">Carlos Alcaraz<\/a> es un gran jugador pero no tiene enfrente los rivales que se enfrentaron a su sobrino, <a class=\"ft-link ft-link--decoration\" href=\"https:\/\/www.informacion.es\/tags\/rafael-nadal\/\" rel=\"nofollow noopener\" target=\"_blank\">Rafa Nadal<\/a>. Toni Nadal declar\u00f3 que Rafa Nadal no ha cambiado nada como persona desde que ha dejado la competici\u00f3n: \u00abComo persona es exactamente igual, menos jugar, sigue haciendo las mismas cosas, tiene el mismo comportamiento, aunque ahora es padre, aunque antes ten\u00eda siempre en mente el ganar partidos y ahora tiene otras cosas en la cabeza, pero en lo personal, no ha cambiado absolutamente en nada\u00bb. En cuanto a su relaci\u00f3n con el gran tenista, a\u00f1adi\u00f3 que \u00abes casi m\u00e1s de amistad que de t\u00edo, somos familia cercana y hacemos muchas cosas juntos, jugamos al golf, hacemos comidas, yo voy a visitar a sus hijos peque\u00f1os. Es una relaci\u00f3n normal familiar\u00bb.<\/p>\n<p class=\"ft-text\">Toni Nadal cree que la carrera que est\u00e1 llevando Carlos Alcaraz \u00abes muy destacable, y lleva camino de convertirse en uno de los mejores jugadores de la historia\u00bb. \u00abVemos lo que est\u00e1 consiguiendo y tiene unas condiciones atl\u00e9ticas incre\u00edbles. Lo tiene todo\u00bb. A su juicio, el futuro del tenista murciano depender\u00e1 \u00abde la voluntad que \u00e9l tenga y de sus rivales\u00bb. \u00ab\u00c9l tiene una ventaja que no ten\u00edan los de antes, es que sus rivales son algo m\u00e1s flojos, no est\u00e1n tan comprometidos. Alcaraz tiene un gran rival que es Sinner que est\u00e1 siempre ah\u00ed, pero el resto parece que han bajado su compromiso o su confianza en ellos mismos. Yo recuerdo en la \u00e9poca de Rafael, aparte de Djokovic y Federer, estaba Murray, Del Potro, David Ferrer, Wawrinca, que siempre estaban all\u00ed. Hoy en d\u00eda, los rivales han abandonado\u00bb, y asegur\u00f3 que nunca le ha consultado cosas Alcaraz: \u00ab\u00bfqu\u00e9 me va a consultar?. Tiene un entrenador muy bueno y y solo faltar\u00eda que me pidiera consejo a mi porque creo que va suficientemente bien encaminado\u00bb, ha apuntado.<\/p>\n<p class=\"ft-text\">Toni Nadal se\u00f1al\u00f3 que su compromiso con Rafael Nadal \u00abno fue tanto decirle aquello que \u00e9l quer\u00eda escuchar sino aquello que yo cre\u00eda que les ayudar\u00eda a mejorar a\u00fan sabiendo que lo que les dec\u00eda no le iba a sentar muy bien\u00bb. \u00abEn la vida, uno tiene que tener muy claro el precio que tiene que pagar por las cosas es distinto, depende de las capacidades que cada uno tenga. Yo procur\u00e9 decirle a la gente aquello que yo cre\u00eda que les ayudar\u00eda a mejorar a\u00fan sabiendo que, en muchas ocasiones, a mi sobrino no le gustaba lo que le estaba diciendo\u00bb, a\u00f1adi\u00f3.<\/p>\n","protected":false},"excerpt":{"rendered":"Toni Nadal ha asegurado en Zamora que Carlos Alcaraz es un gran jugador pero no tiene enfrente los&hellip;\n","protected":false},"author":2,"featured_media":268664,"comment_status":"","ping_status":"","sticky":false,"template":"","format":"standard","meta":{"footnotes":""},"categories":[274],"tags":[4736,415,168,25,24,3489,6894,1669,23,167,327,326,19182,6895],"class_list":{"0":"post-268663","1":"post","2":"type-post","3":"status-publish","4":"format-standard","5":"has-post-thumbnail","7":"category-tenis","8":"tag-alcaraz","9":"tag-carlos","10":"tag-deportes","11":"tag-es","12":"tag-espana","13":"tag-nadal","14":"tag-rafa-nadal","15":"tag-rivales","16":"tag-spain","17":"tag-sports","18":"tag-tenis","19":"tag-tennis","20":"tag-toni","21":"tag-toni-nadal"},"share_on_mastodon":{"url":"https:\/\/pubeurope.com\/@es\/115654676154987623","error":""},"_links":{"self":[{"href":"https:\/\/www.europesays.com\/es\/wp-json\/wp\/v2\/posts\/268663","targetHints":{"allow":["GET"]}}],"collection":[{"href":"https:\/\/www.europesays.com\/es\/wp-json\/wp\/v2\/posts"}],"about":[{"href":"https:\/\/www.europesays.com\/es\/wp-json\/wp\/v2\/types\/post"}],"author":[{"embeddable":true,"href":"https:\/\/www.europesays.com\/es\/wp-json\/wp\/v2\/users\/2"}],"replies":[{"embeddable":true,"href":"https:\/\/www.europesays.com\/es\/wp-json\/wp\/v2\/comments?post=268663"}],"version-history":[{"count":0,"href":"https:\/\/www.europesays.com\/es\/wp-json\/wp\/v2\/posts\/268663\/revisions"}],"wp:featuredmedia":[{"embeddable":true,"href":"https:\/\/www.europesays.com\/es\/wp-json\/wp\/v2\/media\/268664"}],"wp:attachment":[{"href":"https:\/\/www.europesays.com\/es\/wp-json\/wp\/v2\/media?parent=268663"}],"wp:term":[{"taxonomy":"category","embeddable":true,"href":"https:\/\/www.europesays.com\/es\/wp-json\/wp\/v2\/categories?post=268663"},{"taxonomy":"post_tag","embeddable":true,"href":"https:\/\/www.europesays.com\/es\/wp-json\/wp\/v2\/tags?post=268663"}],"curies":[{"name":"wp","href":"https:\/\/api.w.org\/{rel}","templated":true}]}}