{"id":268667,"date":"2025-12-03T08:26:08","date_gmt":"2025-12-03T08:26:08","guid":{"rendered":"https:\/\/www.europesays.com\/es\/268667\/"},"modified":"2025-12-03T08:26:08","modified_gmt":"2025-12-03T08:26:08","slug":"no-puedo-mas-no-tengo-mas-fuerzas","status":"publish","type":"post","link":"https:\/\/www.europesays.com\/es\/268667\/","title":{"rendered":"No puedo m\u00e1s, no tengo m\u00e1s fuerzas"},"content":{"rendered":"<p data-mrf-recirculation=\"Links P\u00e1rrafos\" class=\"ue-c-article__paragraph paragraph xai-icon-container ue-c-article--first-letter-highlighted\">Zeljko Obradovic confirm\u00f3 su <a href=\"https:\/\/www.marca.com\/baloncesto\/euroliga\/2025\/11\/30\/nadie-convence-obradovic-marcha-partizan-irrevocable.html\" rel=\"nofollow noopener\" target=\"_blank\"><strong>dimisi\u00f3n como entrenador del Partizan<\/strong><\/a> pese a la insistencia de la direcci\u00f3n del club y de los aficionados para que se quedara, y argument\u00f3 que <strong>se marcha porque no tiene fuerzas para continuar.<\/strong><\/p>\n<p data-mrf-recirculation=\"Links P\u00e1rrafos\" class=\"ue-c-article__paragraph paragraph xai-icon-container\"><strong>\u00abNo pude m\u00e1s, ya no ten\u00eda fuerzas\u00bb<\/strong>, asegur\u00f3 en un video publicado este martes en el medio <strong>Sportklub<\/strong>, en el que menciona tambi\u00e9n problemas en el equipo, que el pasado mi\u00e9rcoles sufri\u00f3 ante el Panathinaikos en Atenas su octava derrota consecutiva en la Euroliga.<\/p>\n<p data-mrf-recirculation=\"Links P\u00e1rrafos\" class=\"ue-c-article__paragraph paragraph xai-icon-container\">Aquel d\u00eda, al anunciar su dimisi\u00f3n, <strong>el t\u00e9cnico afirm\u00f3 que ten\u00eda que asumir la responsabilidad por los malos resultados<\/strong>.<\/p>\n<blockquote class=\"ue-c-article__blockquote\">\n<p>\u00abEl club debe funcionar como si todos fu\u00e9ramos uno, pero desgraciadamente no funcion\u00f3 as\u00ed\u00bb<\/p>\n<p>Zeljko Obradovic<\/p><\/blockquote>\n<p data-mrf-recirculation=\"Links P\u00e1rrafos\" class=\"ue-c-article__paragraph paragraph xai-icon-container\">El club reaccion\u00f3 rechazando su dimisi\u00f3n y rog\u00e1ndole que la reconsiderara y <strong>miles de aficionados lo recibieron en el aeropuerto de Belgrado<\/strong> a su regreso de Atenas para pedirle que siguiera en el cargo.<\/p>\n<p data-mrf-recirculation=\"Links P\u00e1rrafos\" class=\"ue-c-article__paragraph paragraph xai-icon-container\">En el mensaje publicado este martes, dedicado a los aficionados, Obradovic tambi\u00e9n achaca su dimisi\u00f3n a esa falta de energ\u00eda y a problemas internos en el equipo.<\/p>\n<blockquote class=\"ue-c-article__blockquote\">\n<p>Para una persona, lo \u00fanico que importa es el honor y la imagen<\/p>\n<p>Zeljko Obradovic<\/p><\/blockquote>\n<p data-mrf-recirculation=\"Links P\u00e1rrafos\" class=\"ue-c-article__paragraph paragraph xai-icon-container\">\u00abEl club debe funcionar como si todos fu\u00e9ramos uno, pero desgraciadamente no funcion\u00f3 as\u00ed\u00bb, se\u00f1ala en un mensaje en el que habla tambi\u00e9n de <strong>subterfugios, corrupci\u00f3n y mala asignaci\u00f3n del presupuesto<\/strong>.<\/p>\n<p>Obradovic culpa al presidente\u00a0Mijailovic y reniega el fichaje de\u00a0Osetkowski<\/p>\n<p data-mrf-recirculation=\"Links P\u00e1rrafos\" class=\"ue-c-article__paragraph paragraph xai-icon-container\">Tambi\u00e9n se refiere a que algunos jugadores entraron y salieron del club sin su consentimiento y <strong>critic\u00f3 que Zoran Savic<\/strong>, exjugador del Real Madrid y del Barcelona, estuviera ejerciendo como director deportivo incluso sin tener contrato.<\/p>\n<p><strong>Obradovic no dud\u00f3 en responsabilizar el presidente Ostoja Mijailovic<\/strong> y reconoci\u00f3 que <strong>no quer\u00eda a Dylan Osetkowski en su Partiz\u00e1n<\/strong>: \u00abEsta situaci\u00f3n no es normal ni buena para el Partizan. Creo que la responsabilidad de esta situaci\u00f3n recae en el presidente del club, Ostoja Mijailovic, y se lo he dicho\u00bb.<\/p>\n<p>\u00abQuiero contarles que durante la \u00e9poca en que el club estaba en funcionamiento, el director deportivo Zoran Savic no ten\u00eda contrato, y mientras el mercado de fichajes estaba abierto, nos reun\u00edamos a diario por insistencia m\u00eda para hablar de asuntos. Me sorprendi\u00f3 bastante recibir informaci\u00f3n de que, por ejemplo, se hab\u00eda decidido la salida de Brandon Davis y el fichaje de Osetkowski. Aunque le dije al presidente que no era el jugador adecuado para nosotros en ese momento, me dijo: &#8216;Bueno, ya lo hemos fichado&#8217;. As\u00ed que, para aclarar la situaci\u00f3n, Osetkowski no es mi fichaje\u00bb, comparti\u00f3.<\/p>\n<p>El presidente del Partizan afirma que el club estaba dispuesto a cumplir todas las condiciones de Obradovic<\/p>\n<p data-mrf-recirculation=\"Links P\u00e1rrafos\" class=\"ue-c-article__paragraph paragraph xai-icon-container\">Con todo, Obradovic pide en su mensaje a los seguidores que sigan queriendo y apoyando al Partizan como lo han hecho hasta ahora y destaca que \u00e9l ha escrito con el club una historia que ser\u00e1 dif\u00edcil de repetir.<\/p>\n<p data-mrf-recirculation=\"Links P\u00e1rrafos\" class=\"ue-c-article__paragraph paragraph xai-icon-container\">Seg\u00fan el presidente del KK Partiz\u00e1n, Ostoja Mijailovi\u0107, el club estaba dispuesto a cumplir todas sus condiciones, pero Obradovic decidi\u00f3 finalmente poner fin a la colaboraci\u00f3n.<\/p>\n<p data-mrf-recirculation=\"Links P\u00e1rrafos\" class=\"ue-c-article__paragraph paragraph xai-icon-container\">El entrenador de 65 a\u00f1os, considerado el m\u00e1s exitoso en la historia del baloncesto europeo, con nueve t\u00edtulos de Euroliga con cinco clubes diferentes, regres\u00f3 al Partizan en 2021.<\/p>\n<p data-mrf-recirculation=\"Links P\u00e1rrafos\" class=\"ue-c-article__paragraph paragraph xai-icon-container\">En su segunda etapa al frente del equipo serbio, Obradovic gan\u00f3 dos t\u00edtulos de la Liga ABA (2023 y 2025) y un campeonato de Serbia (2025).<\/p>\n","protected":false},"excerpt":{"rendered":"Zeljko Obradovic confirm\u00f3 su dimisi\u00f3n como entrenador del Partizan pese a la insistencia de la direcci\u00f3n del club&hellip;\n","protected":false},"author":2,"featured_media":268668,"comment_status":"","ping_status":"","sticky":false,"template":"","format":"standard","meta":{"footnotes":""},"categories":[269],"tags":[299,298,168,25,24,23,167],"class_list":{"0":"post-268667","1":"post","2":"type-post","3":"status-publish","4":"format-standard","5":"has-post-thumbnail","7":"category-baloncesto","8":"tag-baloncesto","9":"tag-basketball","10":"tag-deportes","11":"tag-es","12":"tag-espana","13":"tag-spain","14":"tag-sports"},"share_on_mastodon":{"url":"https:\/\/pubeurope.com\/@es\/115654687819704167","error":""},"_links":{"self":[{"href":"https:\/\/www.europesays.com\/es\/wp-json\/wp\/v2\/posts\/268667","targetHints":{"allow":["GET"]}}],"collection":[{"href":"https:\/\/www.europesays.com\/es\/wp-json\/wp\/v2\/posts"}],"about":[{"href":"https:\/\/www.europesays.com\/es\/wp-json\/wp\/v2\/types\/post"}],"author":[{"embeddable":true,"href":"https:\/\/www.europesays.com\/es\/wp-json\/wp\/v2\/users\/2"}],"replies":[{"embeddable":true,"href":"https:\/\/www.europesays.com\/es\/wp-json\/wp\/v2\/comments?post=268667"}],"version-history":[{"count":0,"href":"https:\/\/www.europesays.com\/es\/wp-json\/wp\/v2\/posts\/268667\/revisions"}],"wp:featuredmedia":[{"embeddable":true,"href":"https:\/\/www.europesays.com\/es\/wp-json\/wp\/v2\/media\/268668"}],"wp:attachment":[{"href":"https:\/\/www.europesays.com\/es\/wp-json\/wp\/v2\/media?parent=268667"}],"wp:term":[{"taxonomy":"category","embeddable":true,"href":"https:\/\/www.europesays.com\/es\/wp-json\/wp\/v2\/categories?post=268667"},{"taxonomy":"post_tag","embeddable":true,"href":"https:\/\/www.europesays.com\/es\/wp-json\/wp\/v2\/tags?post=268667"}],"curies":[{"name":"wp","href":"https:\/\/api.w.org\/{rel}","templated":true}]}}