{"id":268681,"date":"2025-12-03T08:41:18","date_gmt":"2025-12-03T08:41:18","guid":{"rendered":"https:\/\/www.europesays.com\/es\/268681\/"},"modified":"2025-12-03T08:41:18","modified_gmt":"2025-12-03T08:41:18","slug":"variante-k-de-la-gripe-la-vacunacion-es-fundamental","status":"publish","type":"post","link":"https:\/\/www.europesays.com\/es\/268681\/","title":{"rendered":"Variante K de la gripe: \u00abLa vacunaci\u00f3n es fundamental\u00bb"},"content":{"rendered":"<p>              <strong>TP<\/strong><\/p>\n<p><strong>Isabel Jimeno Sanz<\/strong>, doctora y responsable <strong>Grupo de Vacunas de la Sociedad Espa\u00f1ola de M\u00e9dicos<\/strong> Generales y de Familia (SEMG), explica que el aumento de contagios de la gripe en Espa\u00f1a se debe, en parte, a la circulaci\u00f3n de la variante K del virus, que es m\u00e1s contagiosa: \u00abComo no hab\u00eda circulado los a\u00f1os anteriores, nuestra inmunidad no la reconoce. Eso hace que el contagio sea m\u00e1s f\u00e1cil\u00bb. Dentro de los protocolos b\u00e1sicos para combatir la gripe, la doctora insiste en que la vacunaci\u00f3n es fundamental, y que debe ser prioritaria en pacientes vulnerables: \u00abSabemos que es nuestra mejor medida de prevenci\u00f3n\u00bb. Tambi\u00e9n recalca la importancia del uso de mascarilla, la ventilaci\u00f3n en espacios cerrados y mantener la higiene de manos. Entrevista completa en <strong>RNE Audio<\/strong>.<\/p>\n","protected":false},"excerpt":{"rendered":"TP Isabel Jimeno Sanz, doctora y responsable Grupo de Vacunas de la Sociedad Espa\u00f1ola de M\u00e9dicos Generales y&hellip;\n","protected":false},"author":2,"featured_media":268682,"comment_status":"","ping_status":"","sticky":false,"template":"","format":"standard","meta":{"footnotes":""},"categories":[92],"tags":[25,24,165,33005,133,1448,1986,1987,166,23,66187],"class_list":{"0":"post-268681","1":"post","2":"type-post","3":"status-publish","4":"format-standard","5":"has-post-thumbnail","7":"category-salud","8":"tag-es","9":"tag-espana","10":"tag-health","11":"tag-las-mananas-de-rne","12":"tag-online","13":"tag-radio","14":"tag-rne","15":"tag-rtve-play","16":"tag-salud","17":"tag-spain","18":"tag-variante-k-de-la-gripe-la-vacunacion-es-fundamental"},"share_on_mastodon":{"url":"https:\/\/pubeurope.com\/@es\/115654746653538394","error":""},"_links":{"self":[{"href":"https:\/\/www.europesays.com\/es\/wp-json\/wp\/v2\/posts\/268681","targetHints":{"allow":["GET"]}}],"collection":[{"href":"https:\/\/www.europesays.com\/es\/wp-json\/wp\/v2\/posts"}],"about":[{"href":"https:\/\/www.europesays.com\/es\/wp-json\/wp\/v2\/types\/post"}],"author":[{"embeddable":true,"href":"https:\/\/www.europesays.com\/es\/wp-json\/wp\/v2\/users\/2"}],"replies":[{"embeddable":true,"href":"https:\/\/www.europesays.com\/es\/wp-json\/wp\/v2\/comments?post=268681"}],"version-history":[{"count":0,"href":"https:\/\/www.europesays.com\/es\/wp-json\/wp\/v2\/posts\/268681\/revisions"}],"wp:featuredmedia":[{"embeddable":true,"href":"https:\/\/www.europesays.com\/es\/wp-json\/wp\/v2\/media\/268682"}],"wp:attachment":[{"href":"https:\/\/www.europesays.com\/es\/wp-json\/wp\/v2\/media?parent=268681"}],"wp:term":[{"taxonomy":"category","embeddable":true,"href":"https:\/\/www.europesays.com\/es\/wp-json\/wp\/v2\/categories?post=268681"},{"taxonomy":"post_tag","embeddable":true,"href":"https:\/\/www.europesays.com\/es\/wp-json\/wp\/v2\/tags?post=268681"}],"curies":[{"name":"wp","href":"https:\/\/api.w.org\/{rel}","templated":true}]}}