{"id":268691,"date":"2025-12-03T08:48:17","date_gmt":"2025-12-03T08:48:17","guid":{"rendered":"https:\/\/www.europesays.com\/es\/268691\/"},"modified":"2025-12-03T08:48:17","modified_gmt":"2025-12-03T08:48:17","slug":"muere-jose-luis-cienfuegos-director-de-la-seminci-a-los-60-anos-de-edad-el-cine-en-la-ser","status":"publish","type":"post","link":"https:\/\/www.europesays.com\/es\/268691\/","title":{"rendered":"Muere Jos\u00e9 Luis Cienfuegos, director de la Seminci, a los 60 a\u00f1os de edad | El cine en la SER"},"content":{"rendered":"<p class=\"loc\">Valladolid<\/p>\n<p>El <a href=\"https:\/\/cadenaser.com\/tag\/festival_valladolid\/a\/\" target=\"_blank\" rel=\"noreferrer nofollow noopener\" title=\"https:\/\/cadenaser.com\/tag\/festival_valladolid\/a\/\">director de la Semana Internacional de Cine de Valladolid<\/a> ha fallecido este martes, 2 de diciembre, a los 60 a\u00f1os de edad. <\/p>\n<p>La noticia ha sido comunicada a los medios por el Ayuntamiento de Valladolid que en sus redes expresaba sus condolencias a la familia del que ha sido director de Seminci desde 2023.<\/p>\n<p>Por su parte, el alcalde de la ciudad, Jes\u00fas Julio Carnero, ha se\u00f1alado que Cienfuegos, en las tres ediciones que ha dirigido la \u00abquerida\u00bb Seminci, ha demostrado su capacidad para que la misma adquiriera cada vez m\u00e1s peso.<\/p>\n<p>\u00abEra un amante de la vida y de las personas y un entusiasta, as\u00ed como una persona llena de ilusi\u00f3n. Seminci y la ciudad de Valladolid siempre recordar\u00e1n a Jos\u00e9 Luis Cienfuegos\u00bb, ha apostillado.<\/p>\n<p>Trayectoria<\/p>\n<p>Comenz\u00f3 su trayectoria en el departamento de prensa del Festival de Gij\u00f3n, dando el salto a la direcci\u00f3n del certamen en 1995. En los 16 a\u00f1os que estuvo al cargo, convirti\u00f3 la cita asturiana en la puerta de entrada en nuestro pa\u00eds para los cineastas m\u00e1s arriesgados y estimulantes, impulsando las nuevas tendencias que surg\u00edan a nivel global, y prestando especial atenci\u00f3n al pasado f\u00edlmico. <\/p>\n<p>En 2012 pas\u00f3 a dirigir el Festival de Sevilla, convirti\u00e9ndolo tambi\u00e9n en punta de lanza para esos autores que estaban marcando el pulso del cine contempor\u00e1neo, y reforzando sus lazos con la industria espa\u00f1ola y europea. <\/p>\n<p>2023 marc\u00f3 su llegada a Valladolid, sin duda el mayor reto de su carrera. Durante tres ediciones, plasm\u00f3 su sello inconfundible en la direcci\u00f3n, siendo fiel a la historia y el esp\u00edritu que han caracterizado Seminci, llevando adem\u00e1s al festival a una necesaria renovaci\u00f3n.<\/p>\n<p>As\u00ed hasta la 70 edici\u00f3n, sin duda una de las m\u00e1s exitosas de la larga trayectoria del certamen, perfecto exponente de la concepci\u00f3n que ten\u00eda de los festivales: lugares de di\u00e1logo y conocimiento a trav\u00e9s de una programaci\u00f3n ambiciosa y heterodoxa, estableciendo puentes vibrantes entre los creadores y el p\u00fablico, y sobre todo, espacios \u00fatiles y relevantes para la industria y los cineastas. <\/p>\n<p>Condolencias<\/p>\n<p>El Ministerio de Cultura ha expresado sus condolencias a trav\u00e9s de la red social &#8216;X&#8217;, donde lamentan el fallecimiento del director de la Seminci.<\/p>\n<blockquote class=\"twitter-tweet\">\n<p lang=\"es\" dir=\"ltr\">Desde el Ministerio de Cultura lamentamos el fallecimiento de Jos\u00e9 Luis Cienfuegos, director de la <a href=\"https:\/\/twitter.com\/Seminci_oficial?ref_src=twsrc%5Etfw\" rel=\"nofollow noopener\" target=\"_blank\">@Seminci_oficial<\/a> de Valladolid.<\/p>\n<p>Con su adi\u00f3s, nos deja un legado de 30 a\u00f1os dedicados a impulsar algunos de los grandes festivales de cine espa\u00f1oles. Descanse en paz. <a href=\"https:\/\/t.co\/b0OpL7Bb6j\" rel=\"nofollow\">https:\/\/t.co\/b0OpL7Bb6j<\/a><\/p>\n<p>\u2014 Ministerio de Cultura (@culturagob) <a href=\"https:\/\/twitter.com\/culturagob\/status\/1995945051973976476?ref_src=twsrc%5Etfw\" rel=\"nofollow noopener\" target=\"_blank\">December 2, 2025<\/a><\/p><\/blockquote>\n<p>Los Premios Feroz han lamentado el fallecimiento del director de la Semana Internacional de Cine de Valladolid (Seminci), Jos\u00e9 Luis Cienfuegos, un apasionado del cine que realiz\u00f3 un \u00abgran trabajo\u00bb en todos los festivales que dirigi\u00f3.<\/p>\n<blockquote class=\"twitter-tweet\">\n<p lang=\"es\" dir=\"ltr\">Lamentamos el fallecimiento de Jos\u00e9 Luis Cienfuegos, un apasionado del cine y que realiz\u00f3 un gran trabajo en todos los festivales que dirigi\u00f3. Nuestro p\u00e9same para sus familiares, amigos y colegas. Descanse en paz <a href=\"https:\/\/t.co\/qHIXq95H28\" rel=\"nofollow\">https:\/\/t.co\/qHIXq95H28<\/a><\/p>\n<p>\u2014 Premios Feroz (@PremiosFeroz) <a href=\"https:\/\/twitter.com\/PremiosFeroz\/status\/1995940478198710660?ref_src=twsrc%5Etfw\" rel=\"nofollow noopener\" target=\"_blank\">December 2, 2025<\/a><\/p><\/blockquote>\n<p>\u00abNuestro p\u00e9same para sus familiares, amigos y colegas. Descanse en paz\u00bb, han expresado los galardones a trav\u00e9s de un mensaje publicado en &#8216;X&#8217;, del que se hace eco Europa Press.<\/p>\n<p>La Consejer\u00eda de Cultura, Turismo y Deporte ha lamentado profundamente el fallecimiento del director de la Semana Internacional de Cine de Valladolid (Seminci), Jos\u00e9 Luis Cienfuegos, quien lleg\u00f3 a la ciudad con \u00abideas nuevas, emprendedoras y entusiastas\u00bb para hacer crecer el principal evento de Castilla y Le\u00f3n en el \u00e1mbito del cine y el audiovisual.<\/p>\n<p>En declaraciones remitidas a Europa Press, el equipo de la Consejer\u00eda de Cultura, Turismo y Deporte, se ha mostrado \u00abestremecido\u00bb con la noticia y ha recordado el \u00abpositivo\u00bb trabajo conjunto al poner en marcha nuevos proyectos como el laboratorio &#8216;La Meseta&#8217;, una innovadora plataforma dedicada a la creaci\u00f3n, distribuci\u00f3n y divulgaci\u00f3n cinematogr\u00e1ficas.<\/p>\n<p>Precisamente, ha destacado que su af\u00e1n por conectar a los creadores con la industria y su compromiso con la cultura desde la mirada en la pantalla \u00abhan dejado huella\u00bb en la Consejer\u00eda.<\/p>\n<p>Ma\u00f1ueco<\/p>\n<p>El presidente de la Junta de Castilla y Le\u00f3n tambi\u00e9n ha expresado sus condolencias a trav\u00e9s de su perfil en la red social &#8216;X&#8217;; Alfonso Fern\u00e1ndez Ma\u00f1ueco asegura que la muerte de Cienfuegos \u00abEs una gran p\u00e9rdida para Valladolid, para la cultura de CastillayLe\u00f3n y para la Seminci_oficial, referente internacional del cine\u00bb.<\/p>\n<p>El presidente de la Diputaci\u00f3n de Valladolid ha escogido el mismo foro para expresar su p\u00e9same. Asegura que es una p\u00e9rdida \u00abincre\u00edble\u00bb para la ciudad y la Seminci. <\/p>\n<p><script async src=\"https:\/\/platform.twitter.com\/widgets.js\" charset=\"utf-8\"><\/script><\/p>\n","protected":false},"excerpt":{"rendered":"Valladolid El director de la Semana Internacional de Cine de Valladolid ha fallecido este martes, 2 de diciembre,&hellip;\n","protected":false},"author":2,"featured_media":268692,"comment_status":"","ping_status":"","sticky":false,"template":"","format":"standard","meta":{"footnotes":""},"categories":[5],"tags":[17,18,25,24,13,14,11,19,20,9,10,15,16,23,12,21,22],"class_list":{"0":"post-268691","1":"post","2":"type-post","3":"status-publish","4":"format-standard","5":"has-post-thumbnail","7":"category-titulares","8":"tag-breaking-news","9":"tag-breakingnews","10":"tag-es","11":"tag-espana","12":"tag-featured-news","13":"tag-featurednews","14":"tag-headlines","15":"tag-latest-news","16":"tag-latestnews","17":"tag-news","18":"tag-noticias","19":"tag-noticias-destacadas","20":"tag-noticiasdestacadas","21":"tag-spain","22":"tag-titulares","23":"tag-ultimas-noticias","24":"tag-ultimasnoticias"},"share_on_mastodon":{"url":"https:\/\/pubeurope.com\/@es\/115654774189545963","error":""},"_links":{"self":[{"href":"https:\/\/www.europesays.com\/es\/wp-json\/wp\/v2\/posts\/268691","targetHints":{"allow":["GET"]}}],"collection":[{"href":"https:\/\/www.europesays.com\/es\/wp-json\/wp\/v2\/posts"}],"about":[{"href":"https:\/\/www.europesays.com\/es\/wp-json\/wp\/v2\/types\/post"}],"author":[{"embeddable":true,"href":"https:\/\/www.europesays.com\/es\/wp-json\/wp\/v2\/users\/2"}],"replies":[{"embeddable":true,"href":"https:\/\/www.europesays.com\/es\/wp-json\/wp\/v2\/comments?post=268691"}],"version-history":[{"count":0,"href":"https:\/\/www.europesays.com\/es\/wp-json\/wp\/v2\/posts\/268691\/revisions"}],"wp:featuredmedia":[{"embeddable":true,"href":"https:\/\/www.europesays.com\/es\/wp-json\/wp\/v2\/media\/268692"}],"wp:attachment":[{"href":"https:\/\/www.europesays.com\/es\/wp-json\/wp\/v2\/media?parent=268691"}],"wp:term":[{"taxonomy":"category","embeddable":true,"href":"https:\/\/www.europesays.com\/es\/wp-json\/wp\/v2\/categories?post=268691"},{"taxonomy":"post_tag","embeddable":true,"href":"https:\/\/www.europesays.com\/es\/wp-json\/wp\/v2\/tags?post=268691"}],"curies":[{"name":"wp","href":"https:\/\/api.w.org\/{rel}","templated":true}]}}