{"id":268695,"date":"2025-12-03T08:54:12","date_gmt":"2025-12-03T08:54:12","guid":{"rendered":"https:\/\/www.europesays.com\/es\/268695\/"},"modified":"2025-12-03T08:54:12","modified_gmt":"2025-12-03T08:54:12","slug":"van-aert-define-su-calendario-de-ciclocross-y-coincidira-en-cinco-pruebas-con-van-der-poel","status":"publish","type":"post","link":"https:\/\/www.europesays.com\/es\/268695\/","title":{"rendered":"Van Aert define su calendario de ciclocross y coincidir\u00e1 en cinco pruebas con Van der Poel"},"content":{"rendered":"<p class=\"\"><b>Wout Van Aert ya tiene programado su regreso al ciclocross<\/b>. Este lunes el equipo Visma &#8211; Lease a Bike ha confirmado el calendario del belga para la temporada sobre el barro, que un a\u00f1o m\u00e1s vuelve a ser muy reducido en comparaci\u00f3n con a\u00f1os anteriores.<\/p>\n<p class=\"\">Van Aert competir\u00e1 s\u00f3lo en ocho carreras en la temporada de ciclocross: <b>Amberes (20 diciembre), Hofstade (22 diciembre), Heusden-Zolder (23 diciembre), Dendermonde (28 diciembre), Loenhout (29 diciembre), Mol (2 enero), Zonhoven (4 enero) <\/b>y por \u00faltimo disputar\u00e1 los <b>Campeonatos de B\u00e9lgica (11 enero)<\/b>. Un calendario en el que Van Aert no incluye la Copa del Mundo de Benidorm ni los Mundiales de Hulst.<\/p>\n<p class=\"\">De esta forma Van Aert<b> coincidir\u00e1 con su gran rival Mathieu Van der Poel en cinco carreras <\/b>que har\u00e1n las delicias de los aficionados: Amberes, Hofstade, Loenhout, Mol y Zonhoven, que ver\u00e1n una de las grandes rivalidades de la historia del ciclocross y del ciclismo.<\/p>\n<p class=\"\">En declaraciones recogidas por el Visma, Van Aert analizaba de esta forma su calendario en el ciclocross. \u201c<b>El periodo de Navidad es una fase de la temporada de ciclocross de la que siempre disfruto siendo parte por las propias carreras<\/b> y el gran n\u00famero de aficionados que pueden venir gracias a las vacaciones. Adem\u00e1s estas carreras me sirven para ponerme en forma en mi preparaci\u00f3n para las cl\u00e1sicas de primavera en carretera\u201d.<\/p>\n<p>Noticias relacionadas<\/p>\n<p class=\"\">Un Van Aert que tambi\u00e9n muestra su ilusi\u00f3n por volver a competir en los campeonatos nacionales de B\u00e9lgica. \u201cLlevar un maillot de campe\u00f3n siempre me motiva. Hac\u00eda mucho tiempo que no compet\u00eda all\u00ed, as\u00ed que estoy feliz por incorporarla a mi calendario ahora. Estoy ansioso por dar mi mejor versi\u00f3n all\u00ed y en otras carreras, y encontrarme de nuevo con los aficionados\u201d.<\/p>\n<p class=\"\"><b>\u00a1Tus opiniones importan!<\/b> Comenta en los art\u00edculos y suscr\u00edbete gratis a nuestra <a href=\"https:\/\/asfan.as.com\/newsletters\/\" target=\"_blank\" rel=\"nofollow noopener\" title=\"https:\/\/asfan.as.com\/newsletters\/\">newsletter<\/a> y a las alertas informativas en la <a href=\"https:\/\/as.com\/aplicacion-de-as-n\/\" target=\"_blank\" rel=\"nofollow noopener\" title=\"https:\/\/as.com\/aplicacion-de-as-n\/\">App<\/a> o el canal de <a href=\"https:\/\/www.whatsapp.com\/channel\/0029VaAasdA7j6g745nz9M10\" target=\"_blank\" rel=\"nofollow noopener\" title=\"https:\/\/www.whatsapp.com\/channel\/0029VaAasdA7j6g745nz9M10\">WhatsApp<\/a>. \u00bfBuscas licenciar contenido? Haz clic <a href=\"https:\/\/profesional.elpais.com\/soluciones-sindicacion?utm_medium=interno&amp;utm_source=crosslinking&amp;utm_campaign=sindicacion_as_pie_articulos\" target=\"_blank\" rel=\"nofollow noopener\" title=\"https:\/\/profesional.elpais.com\/soluciones-sindicacion?utm_medium=interno&amp;utm_source=crosslinking&amp;utm_campaign=sindicacion_as_pie_articulos\">aqu\u00ed<\/a><\/p>\n","protected":false},"excerpt":{"rendered":"Wout Van Aert ya tiene programado su regreso al ciclocross. Este lunes el equipo Visma &#8211; Lease a&hellip;\n","protected":false},"author":2,"featured_media":268696,"comment_status":"","ping_status":"","sticky":false,"template":"","format":"standard","meta":{"footnotes":""},"categories":[273],"tags":[313,312,168,25,24,23,167],"class_list":{"0":"post-268695","1":"post","2":"type-post","3":"status-publish","4":"format-standard","5":"has-post-thumbnail","7":"category-ciclismo","8":"tag-ciclismo","9":"tag-cycling","10":"tag-deportes","11":"tag-es","12":"tag-espana","13":"tag-spain","14":"tag-sports"},"share_on_mastodon":{"url":"https:\/\/pubeurope.com\/@es\/115654797791559320","error":""},"_links":{"self":[{"href":"https:\/\/www.europesays.com\/es\/wp-json\/wp\/v2\/posts\/268695","targetHints":{"allow":["GET"]}}],"collection":[{"href":"https:\/\/www.europesays.com\/es\/wp-json\/wp\/v2\/posts"}],"about":[{"href":"https:\/\/www.europesays.com\/es\/wp-json\/wp\/v2\/types\/post"}],"author":[{"embeddable":true,"href":"https:\/\/www.europesays.com\/es\/wp-json\/wp\/v2\/users\/2"}],"replies":[{"embeddable":true,"href":"https:\/\/www.europesays.com\/es\/wp-json\/wp\/v2\/comments?post=268695"}],"version-history":[{"count":0,"href":"https:\/\/www.europesays.com\/es\/wp-json\/wp\/v2\/posts\/268695\/revisions"}],"wp:featuredmedia":[{"embeddable":true,"href":"https:\/\/www.europesays.com\/es\/wp-json\/wp\/v2\/media\/268696"}],"wp:attachment":[{"href":"https:\/\/www.europesays.com\/es\/wp-json\/wp\/v2\/media?parent=268695"}],"wp:term":[{"taxonomy":"category","embeddable":true,"href":"https:\/\/www.europesays.com\/es\/wp-json\/wp\/v2\/categories?post=268695"},{"taxonomy":"post_tag","embeddable":true,"href":"https:\/\/www.europesays.com\/es\/wp-json\/wp\/v2\/tags?post=268695"}],"curies":[{"name":"wp","href":"https:\/\/api.w.org\/{rel}","templated":true}]}}