{"id":268700,"date":"2025-12-03T08:58:11","date_gmt":"2025-12-03T08:58:11","guid":{"rendered":"https:\/\/www.europesays.com\/es\/268700\/"},"modified":"2025-12-03T08:58:11","modified_gmt":"2025-12-03T08:58:11","slug":"las-imagenes-de-su-noche-mas-magica","status":"publish","type":"post","link":"https:\/\/www.europesays.com\/es\/268700\/","title":{"rendered":"las im\u00e1genes de su noche m\u00e1s m\u00e1gica"},"content":{"rendered":"<p class=\"HOLA-TEMAS_5--TEXTO-1er-PARRAFO\" id=\"eibsX6eRNZBo\" data-wc=\"88\">De\u00a0anfitri\u00f3n de la gran cita de la gastronom\u00eda a l<strong>levar la Navidad a su querida M\u00e1laga<\/strong>. Dos d\u00edas despu\u00e9s de reunirse con los chefs m\u00e1s destacados del mundo en la gala de las estrellas Michelin, <a class=\"hm-link ho-link\" href=\"https:\/\/www.hola.com\/actualidad\/20251007859079\/antonio-banderas-nos-habla-emocion-boda-hija-nervios-logicos\/\" data-mrf-recirculation=\"article-body-link\" rel=\"nofollow noopener\" target=\"_blank\">Antonio Banderas reaparec\u00eda la noche del viernes 28 de noviembre, para encender las luces navide\u00f1as<\/a> de la calle Larios, en pleno coraz\u00f3n de la ciudad. <strong>Uno de los momentos m\u00e1s esperados de la temporada<\/strong>, que marca el <strong>inicio de las fiestas<\/strong> y que, en esta ocasi\u00f3n, cont\u00f3 con el malague\u00f1o m\u00e1s internacional.<\/p>\n<p>  <img src=\"https:\/\/www.europesays.com\/es\/wp-content\/uploads\/2025\/12\/c6b769bbbe20-j81a8841-2cut.jpg\"   width=\"1080\" height=\"1800\" loading=\"lazy\" decoding=\"async\" alt=\"Antonio Banderas y Nicole Kimpel en el alumbrado navide\u00f1o de M\u00e1laga\" fetchpriority=\"auto\" class=\"image ho-image\"\/>\u00a9 Cordon PressAntonio y Nicole, muy felices, contemplando el alumbrado navide\u00f1o de la calle Larios, en el centro de la ciudad<\/p>\n<p class=\"HOLA-TEMAS_5a--TEXTO-NORMAL\" id=\"e81I7C8yzOMY\" data-wc=\"78\">El actor es, desde hace a\u00f1os, el <strong>mejor embajador de su tierra<\/strong>, y no dud\u00f3 en unirse al alcalde de M\u00e1laga, Francisco de la Torre, y a <strong>Domingo Merl\u00edn\u00a0<\/strong>\u2014con el que suele colaborar en sus proyectos esc\u00e9nicos\u2014 para <strong>participar en el alumbrado, que miles de personas quisieron contemplar<\/strong>. Entre ellas, su pareja, <strong>Nicole Kimpel, que se mostr\u00f3 tan ilusionada como \u00e9l\u00a0<\/strong>de poder presenciar este acto que llega despu\u00e9s de un a\u00f1o muy especial para el artista.<\/p>\n<p class=\"HOLA-TEMAS_5a--TEXTO-NORMAL\" id=\"ePbnor5xtvXB\" data-wc=\"94\">Hace casi dos meses<strong>, Antonio asum\u00eda uno de los papeles m\u00e1s importantes de su vida: ser padrino de la boda<\/strong> <strong>de su hija Stella con Alex Gruszynski.<\/strong> Como mostramos en exclusiva, en \u00a1HOLA!, <strong>acompa\u00f1\u00f3 a la \u00abni\u00f1a de sus ojos\u00bb en su camino hacia al altar<\/strong>. \u00abSoy andaluz, soy actor y soy padre\u2026 Ha sido una tormenta de emociones. He intentado guardar la compostura, pero e<a class=\"hm-link ho-link\" href=\"https:\/\/www.hola.com\/actualidad\/20251022862874\/emocion-antonio-banderas-llevando-hija-altar-foto-mas-esperada\/\" data-mrf-recirculation=\"article-body-link\" rel=\"nofollow noopener\" target=\"_blank\">ra inevitable emocionarse ante la felicidad de mi hija. Era dif\u00edcil no soltar alguna al verla<\/a>\u00ab, nos confesaba tras el \u00abs\u00ed, quiero\u00bb, celebrado en la Abad\u00eda de Retuerta (Valladolid).<\/p>\n<p>  <img src=\"https:\/\/www.europesays.com\/es\/wp-content\/uploads\/2025\/12\/5830ea5efcfa-j81a9094-2.jpg\"   width=\"1080\" height=\"1080\" loading=\"lazy\" decoding=\"async\" alt=\"Antonio Banderas y Domingo Berl\u00edn en el alumbrado navide\u00f1o de M\u00e1laga\" fetchpriority=\"auto\" class=\"image ho-image\"\/>\u00a9 Cordon PressEl actor junto a Domingo Merl\u00edn, productor y director de Sohrlin, un espacio de artes esc\u00e9nicas y entretenimiento cultural que impulsaron juntos<\/p>\n<p class=\"HOLA-TEMAS_5a--TEXTO-NORMAL\" id=\"e-7I30_gJ2fO\" data-wc=\"26\">Tambi\u00e9n <strong>nos desvelaba que tiene muchas ganas de ser abuelo\u2026<\/strong> Aunque \u00abno hay prisa\u00bb porque \u00ablo importante es que disfruten de esta nueva etapa\u00bb, nos aseguraba.<\/p>\n<p>M\u00e1laga por bandera<\/p>\n<p class=\"HOLA-TEMAS_5a--TEXTO-NORMAL\" id=\"eIlHHN40q2\" data-wc=\"97\">Para Antonio, <strong>que Stella estuviera vinculada a sus ra\u00edces espa\u00f1olas era una de sus mayores prioridades<\/strong> y, que decidiera casarse en su pa\u00eds natal, le llen\u00f3 de una <strong>inmensa alegr\u00eda<\/strong>. Una cosa que ha heredado Stella de su padre \u2014adem\u00e1s de su pasi\u00f3n por la literatura\u2014 es, sin duda,<strong>\u00a0el amor por el pa\u00eds mediterr\u00e1neo<\/strong>. Es habitual ver a la familia Banderas <strong>disfrutando de la cultura espa\u00f1ola, de la que son admiradores<\/strong> \u2014y, en el caso del que fuera Alejandro Murrieta en la ficci\u00f3n, <strong>orgulloso representante<\/strong> de esta\u2014, sobre todo por las calles de su querida M\u00e1laga.\u00a0<\/p>\n<p class=\"HOLA-TEMAS_5a--TEXTO-NORMAL\" id=\"eiWCYXP7GY\" data-wc=\"113\">En la capital de la Costa del Sol <strong>se r<\/strong><strong>e\u00fanen para celebrar las fechas m\u00e1s importantes del calendario<\/strong>, como la Semana Santa \u2014Antonio es el mayordomo del trono de la cofrad\u00eda de Mar\u00eda Sant\u00edsima de L\u00e1grimas y Favores\u2014 y algunos d\u00edas de la temporada estival. Adem\u00e1s de disfrutar de los rayos de sol y de la emoci\u00f3n de las procesiones, <a class=\"hm-link ho-link\" href=\"https:\/\/www.hola.com\/actualidad\/20251031864868\/antonio-banderas-exito-tras-la-boda-de-su-hija-stella\/\" data-mrf-recirculation=\"article-body-link\" rel=\"nofollow noopener\" target=\"_blank\">el ganador de un premio Goya ha vivido, con una ilusi\u00f3n inconmensurable, encender las luces de su ciudad natal, inaugurando la Navidad<\/a> junto a sus vecinos y su c\u00edrculo m\u00e1s cercano. Aunque, tristemente, Stella y su marido Alex no pudieran asistir, Nicole Kimpel \u2014uno de sus pilares fundamentales\u2014, estuvo apoy\u00e1ndole en todo momento.\u00a0<\/p>\n<p>  <img src=\"https:\/\/www.europesays.com\/es\/wp-content\/uploads\/2025\/12\/fe87cf0791cb-j81a9227.jpg\"   width=\"1920\" height=\"1080\" loading=\"lazy\" decoding=\"async\" alt=\"La calle Larios de M\u00e1laga, encendida por Navidad\" fetchpriority=\"auto\" class=\"image ho-image\"\/>\u00a9 Cordon Press<\/p>\n<p>  <img src=\"https:\/\/www.europesays.com\/es\/wp-content\/uploads\/2025\/12\/ac38c31ce13c-j81a9171.jpg\"   width=\"1920\" height=\"1080\" loading=\"lazy\" decoding=\"async\" alt=\"Antonio Banderas, Domingo Merl\u00edn y el alcalde de M\u00e1laga junto a varios artistas en el alumbrado navide\u00f1o\" fetchpriority=\"auto\" class=\"image ho-image\"\/>\u00a9 Cordon PressEl momento en el que encidieron las luces, en el que tambi\u00e9n particip\u00f3 el alcalde de M\u00e1laga, Francisco de la Torre<\/p>\n<p class=\"HOLA-TEMAS_5a--TEXTO-NORMAL\" id=\"e2PkZzUyRr\" data-wc=\"65\">Lo hizo <strong>junto a su compa\u00f1ero y amigo Domingo Merl\u00edn,<\/strong> organizando un homenaje a uno de sus proyectos m\u00e1s exitosos: <strong>Imagine<\/strong><strong>, el cual mezcla m\u00fasica, circo y teatro<\/strong>. M\u00e1s de <strong>300.000 luces LED<\/strong> conformaron los 1<strong>6 rosetones, de cinco metros cada uno,<\/strong> en los que se representa el misterio de la Navidad a trav\u00e9s de unas preciosas ilustraciones. Sin duda, una an\u00e9cdota para no olvidar.\u00a0<\/p>\n<p class=\"HOLA-TEMAS_5a--TEXTO-NORMAL\" id=\"eE71Oc20fms\" data-wc=\"82\">No es el \u00fanico evento al que ha acudido estos \u00faltimos meses. <strong>Tambi\u00e9n en M\u00e1laga, el int\u00e9rprete estren\u00f3, de nuevo, su musical Godspell en el teatro Soho Caixabank\u00a0<\/strong>\u2014cita en la que estuvo acompa\u00f1ado por su pareja, su hermano Javier y la mujer de este, M\u00aa \u00c1ngeles\u2014. La obra tuvo una gran acogida en 2022 de la mano de Emilio Arag\u00f3n y, para esta nueva edici\u00f3n, contaba con <a class=\"hm-link ho-link\" href=\"https:\/\/www.hola.com\/actualidad\/20251101865071\/angy-fernandez-abandona-urgentemente-los-escenarios\/\" data-mrf-recirculation=\"article-body-link\" rel=\"nofollow noopener\" target=\"_blank\">Angy Fern\u00e1ndez en el elenco, aunque ha tenido que retirarse debido a una lesi\u00f3n.<\/a>\u00a0<\/p>\n","protected":false},"excerpt":{"rendered":"De\u00a0anfitri\u00f3n de la gran cita de la gastronom\u00eda a llevar la Navidad a su querida M\u00e1laga. Dos d\u00edas&hellip;\n","protected":false},"author":2,"featured_media":268701,"comment_status":"","ping_status":"","sticky":false,"template":"","format":"standard","meta":{"footnotes":""},"categories":[174],"tags":[3900,517,3083,255,3899,146,147,25,24,256,23],"class_list":{"0":"post-268700","1":"post","2":"type-post","3":"status-publish","4":"format-standard","5":"has-post-thumbnail","7":"category-famosos","8":"tag-hola","9":"tag-actualidad","10":"tag-antonio-banderas","11":"tag-celebrities","12":"tag-contenido-sensible","13":"tag-entertainment","14":"tag-entretenimiento","15":"tag-es","16":"tag-espana","17":"tag-famosos","18":"tag-spain"},"share_on_mastodon":{"url":"https:\/\/pubeurope.com\/@es\/115654814549265300","error":""},"_links":{"self":[{"href":"https:\/\/www.europesays.com\/es\/wp-json\/wp\/v2\/posts\/268700","targetHints":{"allow":["GET"]}}],"collection":[{"href":"https:\/\/www.europesays.com\/es\/wp-json\/wp\/v2\/posts"}],"about":[{"href":"https:\/\/www.europesays.com\/es\/wp-json\/wp\/v2\/types\/post"}],"author":[{"embeddable":true,"href":"https:\/\/www.europesays.com\/es\/wp-json\/wp\/v2\/users\/2"}],"replies":[{"embeddable":true,"href":"https:\/\/www.europesays.com\/es\/wp-json\/wp\/v2\/comments?post=268700"}],"version-history":[{"count":0,"href":"https:\/\/www.europesays.com\/es\/wp-json\/wp\/v2\/posts\/268700\/revisions"}],"wp:featuredmedia":[{"embeddable":true,"href":"https:\/\/www.europesays.com\/es\/wp-json\/wp\/v2\/media\/268701"}],"wp:attachment":[{"href":"https:\/\/www.europesays.com\/es\/wp-json\/wp\/v2\/media?parent=268700"}],"wp:term":[{"taxonomy":"category","embeddable":true,"href":"https:\/\/www.europesays.com\/es\/wp-json\/wp\/v2\/categories?post=268700"},{"taxonomy":"post_tag","embeddable":true,"href":"https:\/\/www.europesays.com\/es\/wp-json\/wp\/v2\/tags?post=268700"}],"curies":[{"name":"wp","href":"https:\/\/api.w.org\/{rel}","templated":true}]}}