{"id":268707,"date":"2025-12-03T09:04:32","date_gmt":"2025-12-03T09:04:32","guid":{"rendered":"https:\/\/www.europesays.com\/es\/268707\/"},"modified":"2025-12-03T09:04:32","modified_gmt":"2025-12-03T09:04:32","slug":"presentado-el-futbol-formativo-2025-26","status":"publish","type":"post","link":"https:\/\/www.europesays.com\/es\/268707\/","title":{"rendered":"Presentado el F\u00fatbol Formativo 2025-26"},"content":{"rendered":"<p>El F\u00fatbol Formativo del FC Barcelona se ha presentado este lunes en un acto celebrado en el Estadio Johan Cruyff. Las plantillas de todos los equipos de La Masia, tanto masculinos como femeninos, han desfilado por el c\u00e9sped del estadio ante padres, madres y familiares. Desde los m\u00e1s peque\u00f1os (Sub-8) hasta los m\u00e1s mayores (Bar\u00e7a Atl\u00e8tic y Femenino B): un total de <strong>284 jugadores<\/strong> y <strong>138 jugadoras<\/strong>.<\/p>\n<p>El acto ha estado encabezado por el presidente del FC Barcelona,<strong> Joan Laporta<\/strong>, que ha estado acompa\u00f1ado por el vicepresidente deportivo, <strong>Rafael Yuste<\/strong>; el directivo responsable del F\u00fatbol Formativo, <strong>Joan Soler<\/strong>; y el directivo de F\u00fatbol Femenino, <strong>Xavier Puig.<\/strong> Tambi\u00e9n estaban presentes todos los miembros de la estructura deportiva del F\u00fatbol Formativo, encabezada por su director, <strong>Jos\u00e9 Ram\u00f3n Alexanco<\/strong>, y por el director deportivo del Bar\u00e7a Femenino, <strong>Marc Viv\u00e9s<\/strong>.<\/p>\n<p>Tambi\u00e9n han asistido el coordinador del F\u00fatbol Formativo masculino, <strong>Andr\u00e9s Manzano<\/strong>; el coordinador de F\u00fatbol 11 masculino, <strong>Sergi Mil\u00e0<\/strong>; el coordinador de F\u00fatbol 7, <strong>Marc Serra<\/strong>; y el coordinador del F\u00fatbol Base Femenino, <strong>Jordi Ventura<\/strong>.<\/p>\n<p>Los equipos han ido saltando al c\u00e9sped, uno por uno, desde los m\u00e1s peque\u00f1os hasta los m\u00e1s grandes. All\u00ed les esperaba el presidente y tambi\u00e9n un invitado muy especial: <strong>CAT<\/strong>, la mascota del Club, que este fin de semana ha celebrado su primer a\u00f1o de vida y se ha fotografiado con todos los equipos antes de iniciar los parlamentos.<\/p>\n<p>Turno de los discursos<\/p>\n<p>Con todos los jugadores y jugadoras en el lateral del Estadio Johan Cruyff, <strong>Abril Ruiz<\/strong>, jugadora del Sub-14 B femenino, y <strong>Unax Hern\u00e1ndez<\/strong>, jugador del Sub-15 masculino, han abierto el turno de parlamentos dando voz a todos los y las futbolistas presentes en el estadio. A continuaci\u00f3n, ha tomado el micr\u00f3fono el director del F\u00fatbol Formativo y La Masia, <strong>Jos\u00e9 Ram\u00f3n Alexanco<\/strong>. Y, finalmente, el presidente <strong>Joan Laporta<\/strong> ha tomado la palabra para dirigirse a los jugadores y jugadoras, as\u00ed como a los padres y madres presentes. Les ha felicitado por el trabajo que realizan y por defender el escudo del Bar\u00e7a con los valores que se inculcan en la casa. Tambi\u00e9n les ha animado a seguir trabajando para continuar logrando \u00e9xitos. Ha remarcado que siempre se prioriza la formaci\u00f3n personal de todos los jugadores y jugadoras y, de nuevo, les ha felicitado por la labor que llevan a cabo, anim\u00e1ndolos a seguir esforz\u00e1ndose.<\/p>\n<p>Con la foto de familia se ha dado por finalizado el acto, y todos los jugadores y jugadoras se han dirigido a los jardines de La Masia para hacerse las fotograf\u00edas de equipo con el presidente y los respectivos dirigentes.<\/p>\n<p>\n            Anterior<\/p>\n<p>            label.aria.chevronleft\n        <\/p>\n<p>\n            Siguiente<\/p>\n<p>            label.aria.chevronright\n        <\/p>\n<p>\u00a0<\/p>\n","protected":false},"excerpt":{"rendered":"El F\u00fatbol Formativo del FC Barcelona se ha presentado este lunes en un acto celebrado en el Estadio&hellip;\n","protected":false},"author":2,"featured_media":268708,"comment_status":"","ping_status":"","sticky":false,"template":"","format":"standard","meta":{"footnotes":""},"categories":[93],"tags":[168,25,24,23,167,2288],"class_list":{"0":"post-268707","1":"post","2":"type-post","3":"status-publish","4":"format-standard","5":"has-post-thumbnail","7":"category-deportes","8":"tag-deportes","9":"tag-es","10":"tag-espana","11":"tag-spain","12":"tag-sports","13":"tag-text"},"share_on_mastodon":{"url":"https:\/\/pubeurope.com\/@es\/115654837284402119","error":""},"_links":{"self":[{"href":"https:\/\/www.europesays.com\/es\/wp-json\/wp\/v2\/posts\/268707","targetHints":{"allow":["GET"]}}],"collection":[{"href":"https:\/\/www.europesays.com\/es\/wp-json\/wp\/v2\/posts"}],"about":[{"href":"https:\/\/www.europesays.com\/es\/wp-json\/wp\/v2\/types\/post"}],"author":[{"embeddable":true,"href":"https:\/\/www.europesays.com\/es\/wp-json\/wp\/v2\/users\/2"}],"replies":[{"embeddable":true,"href":"https:\/\/www.europesays.com\/es\/wp-json\/wp\/v2\/comments?post=268707"}],"version-history":[{"count":0,"href":"https:\/\/www.europesays.com\/es\/wp-json\/wp\/v2\/posts\/268707\/revisions"}],"wp:featuredmedia":[{"embeddable":true,"href":"https:\/\/www.europesays.com\/es\/wp-json\/wp\/v2\/media\/268708"}],"wp:attachment":[{"href":"https:\/\/www.europesays.com\/es\/wp-json\/wp\/v2\/media?parent=268707"}],"wp:term":[{"taxonomy":"category","embeddable":true,"href":"https:\/\/www.europesays.com\/es\/wp-json\/wp\/v2\/categories?post=268707"},{"taxonomy":"post_tag","embeddable":true,"href":"https:\/\/www.europesays.com\/es\/wp-json\/wp\/v2\/tags?post=268707"}],"curies":[{"name":"wp","href":"https:\/\/api.w.org\/{rel}","templated":true}]}}