{"id":268711,"date":"2025-12-03T09:06:11","date_gmt":"2025-12-03T09:06:11","guid":{"rendered":"https:\/\/www.europesays.com\/es\/268711\/"},"modified":"2025-12-03T09:06:11","modified_gmt":"2025-12-03T09:06:11","slug":"la-ultima-temporada-de-stranger-things-arranca-como-la-serie-en-ingles-mas-vista-de-la-historia-netflix-series-de-television","status":"publish","type":"post","link":"https:\/\/www.europesays.com\/es\/268711\/","title":{"rendered":"La \u00faltima temporada de \u2018Stranger Things\u2019 arranca como la serie en ingl\u00e9s m\u00e1s vista de la historia Netflix | Series de Televisi\u00f3n"},"content":{"rendered":"<p class=\"\"><a href=\"https:\/\/elpais.com\/television\/series\/2025-12-03\/stranger-things-se-acerca-a-su-final-como-un-dia-de-la-marmota-constante.html\" target=\"_self\" rel=\"nofollow noopener\" title=\"https:\/\/elpais.com\/television\/series\/2025-12-03\/stranger-things-se-acerca-a-su-final-como-un-dia-de-la-marmota-constante.html\">El comienzo del final de Stranger Things<\/a> bate r\u00e9cords en Netflix. Seg\u00fan los datos publicados <a href=\"https:\/\/www.netflix.com\/tudum\/top10\/es\/tv\" target=\"_self\" rel=\"nofollow noopener\" title=\"https:\/\/www.netflix.com\/tudum\/top10\/es\/tv\">por la plataforma<\/a>, los cuatro primeros episodios de la \u00faltima temporada de la serie, estrenados el jueves 27 de noviembre, recibieron 59,6 millones de visualizaciones en sus primeros cuatro d\u00edas. Esta cifra la calcula Netflix dividiendo el n\u00famero total de horas vistas de esos episodios (284,2 millones) entre la duraci\u00f3n de esos cap\u00edtulos. <\/p>\n<p>M\u00e1s informaci\u00f3n<\/p>\n<p class=\"\">De esta forma,<a href=\"https:\/\/elpais.com\/television\/series\/2025-11-27\/stranger-things-vuelve-al-mundo-del-reves-por-ultima-vez-esperamos-que-la-mayoria-de-los-fans-queden-satisfechos.html\" target=\"_blank\" rel=\"nofollow noopener\" title=\"https:\/\/elpais.com\/television\/series\/2025-11-27\/stranger-things-vuelve-al-mundo-del-reves-por-ultima-vez-esperamos-que-la-mayoria-de-los-fans-queden-satisfechos.html\"> la quinta y \u00faltima temporada de Stranger Things<\/a> se ha convertido en la serie en ingl\u00e9s m\u00e1s vista de la historia de Netflix en sus primeros d\u00edas. Solo fue superada por la segunda y tercera temporadas de la coreana <a href=\"https:\/\/elpais.com\/television\/2025-07-02\/el-juego-del-calamar-revienta-las-estadisticas-de-netflix-en-tres-dias.html\" target=\"_self\" rel=\"nofollow noopener\" title=\"https:\/\/elpais.com\/television\/2025-07-02\/el-juego-del-calamar-revienta-las-estadisticas-de-netflix-en-tres-dias.html\">El juego del calamar<\/a>. Adem\u00e1s, el estreno de la primera tanda de la \u00faltima entrega ha impulsado el resto de temporadas, que se han colado entre lo m\u00e1s visto de la plataforma en estos d\u00edas. La primera entrega, por ejemplo, ha recibido 8,9 millones de visualizaciones. La segunda tuvo 5,6; la tercera 4,6 y la cuarta, 6,1. Muchos espectadores han recuperado los cap\u00edtulos antiguos para refrescar la memoria, y otros se han sumado como nuevos espectadores ahora que saben que el final est\u00e1 cerca. Esta es la primera ocasi\u00f3n en la que una misma serie coloca cinco de sus temporadas en el top 10 de lo m\u00e1s visto de Netflix en una semana. <\/p>\n<p><img decoding=\"auto\" class=\"_re lazyload a_m-h\" height=\"208\"  width=\"414\"  src=\"https:\/\/www.europesays.com\/es\/wp-content\/uploads\/2025\/12\/4SWIZ7NQDNBMRE7W7NWMRHODJU.jpg\" loading=\"lazy\"\/>Jake Connelly como Derek Turnbow en la temporada cinco de &#8216;Stranger Things&#8217;.COURTESY OF NETFLIX (COURTESY OF NETFLIX \u00a9 2025)<\/p>\n<p class=\"\">Estos datos superan ampliamente los que consigui\u00f3 en 2022 la cuarta temporada de la serie. Aquella arranc\u00f3 con 287 millones de horas vistas, lo que equivaldr\u00eda a 22 millones de visualizaciones, aunque en esa ocasi\u00f3n tuvo un d\u00eda y medio menos de tiempo para conseguirlo, porque la temporada final se ha lanzado en jueves en lugar de viernes y a una hora m\u00e1s temprana. <\/p>\n<p class=\"\">De momento, Netflix solo ha publicado los cuatro primeros episodios de la \u00faltima temporada de uno de sus grandes fen\u00f3menos televisivos. Otros tres cap\u00edtulos se estrenar\u00e1n el 26 de diciembre (cuando a\u00fan sea el d\u00eda de Navidad en EE UU) y el episodio final, que tendr\u00e1 una duraci\u00f3n de dos horas y 5 minutos, se podr\u00e1 ver el 1 de enero (el 31 de diciembre en EE UU). Esta estrategia permitir\u00e1 a Netflix seguir situando esta \u00faltima temporada en lo m\u00e1s alto de sus listas de contenidos m\u00e1s vistos durante m\u00e1s tiempo. <\/p>\n","protected":false},"excerpt":{"rendered":"El comienzo del final de Stranger Things bate r\u00e9cords en Netflix. Seg\u00fan los datos publicados por la plataforma,&hellip;\n","protected":false},"author":2,"featured_media":268712,"comment_status":"","ping_status":"","sticky":false,"template":"","format":"standard","meta":{"footnotes":""},"categories":[91],"tags":[1014,1015,20803,146,147,25,24,152,16428,8189,23,57225,807],"class_list":{"0":"post-268711","1":"post","2":"type-post","3":"status-publish","4":"format-standard","5":"has-post-thumbnail","7":"category-entretenimiento","8":"tag-actores","9":"tag-actrices","10":"tag-audiencia-medios","11":"tag-entertainment","12":"tag-entretenimiento","13":"tag-es","14":"tag-espana","15":"tag-netflix","16":"tag-plataformas-digitales","17":"tag-series-television","18":"tag-spain","19":"tag-stranger-things","20":"tag-television"},"share_on_mastodon":{"url":"https:\/\/pubeurope.com\/@es\/115654845169730951","error":""},"_links":{"self":[{"href":"https:\/\/www.europesays.com\/es\/wp-json\/wp\/v2\/posts\/268711","targetHints":{"allow":["GET"]}}],"collection":[{"href":"https:\/\/www.europesays.com\/es\/wp-json\/wp\/v2\/posts"}],"about":[{"href":"https:\/\/www.europesays.com\/es\/wp-json\/wp\/v2\/types\/post"}],"author":[{"embeddable":true,"href":"https:\/\/www.europesays.com\/es\/wp-json\/wp\/v2\/users\/2"}],"replies":[{"embeddable":true,"href":"https:\/\/www.europesays.com\/es\/wp-json\/wp\/v2\/comments?post=268711"}],"version-history":[{"count":0,"href":"https:\/\/www.europesays.com\/es\/wp-json\/wp\/v2\/posts\/268711\/revisions"}],"wp:featuredmedia":[{"embeddable":true,"href":"https:\/\/www.europesays.com\/es\/wp-json\/wp\/v2\/media\/268712"}],"wp:attachment":[{"href":"https:\/\/www.europesays.com\/es\/wp-json\/wp\/v2\/media?parent=268711"}],"wp:term":[{"taxonomy":"category","embeddable":true,"href":"https:\/\/www.europesays.com\/es\/wp-json\/wp\/v2\/categories?post=268711"},{"taxonomy":"post_tag","embeddable":true,"href":"https:\/\/www.europesays.com\/es\/wp-json\/wp\/v2\/tags?post=268711"}],"curies":[{"name":"wp","href":"https:\/\/api.w.org\/{rel}","templated":true}]}}