{"id":268719,"date":"2025-12-03T09:10:10","date_gmt":"2025-12-03T09:10:10","guid":{"rendered":"https:\/\/www.europesays.com\/es\/268719\/"},"modified":"2025-12-03T09:10:10","modified_gmt":"2025-12-03T09:10:10","slug":"junts-emplaza-a-sanchez-a-concretar-sus-intenciones-con-hechos-hemos-roto-y-hemos-roto-de-verdad-noticias-de-cataluna","status":"publish","type":"post","link":"https:\/\/www.europesays.com\/es\/268719\/","title":{"rendered":"Junts emplaza a S\u00e1nchez a concretar sus intenciones con hechos: \u201cHemos roto y hemos roto de verdad\u201d | Noticias de Catalu\u00f1a"},"content":{"rendered":"<p class=\"\">La invitaci\u00f3n prenaivde\u00f1a de Pedro S\u00e1nchez no convence a Junts para sentarse en la mesa. El partido de Carles Puigdemont no se plantea restablecer relaciones con el Gobierno. Al menos por ahora. \u201cSeguimos d\u00f3nde est\u00e1bamos, mantenemos la posici\u00f3n\u201d, ha manifestado <a href=\"https:\/\/elpais.com\/espana\/2025-11-02\/miriam-nogueras-la-legislatura-no-puede-llegar-a-2027-porque-sanchez-no-tiene-mayoria.html\" target=\"_blank\" rel=\"noreferrer nofollow noopener\" title=\"https:\/\/elpais.com\/espana\/2025-11-02\/miriam-nogueras-la-legislatura-no-puede-llegar-a-2027-porque-sanchez-no-tiene-mayoria.html\">M\u00edriam Nogueras<\/a> en una rueda de prensa ofrecida en la sede del partido, en Barcelona. La portavoz del partido en el Congreso de los Diputados ha se\u00f1alado que tiene que haber gestos claros y concretos de Pedro S\u00e1nchez en relaci\u00f3n con los \u201cincumplimientos\u201d que el propio presidente ha reconocido. Puerta cerrada, pero con un resquicio de luz. \u201cOjal\u00e1 dentro de un mes os tengamos que volver a convocar para explicar qu\u00e9 hace Junts\u201d, ha indicado Nogueras, en alusi\u00f3n a que si el PSOE cumple con la lista de demandas que hace el partido de Puigdemont puede haber margen para retomar el entendimiento. <\/p>\n<p class=\"\">Junts evita concretar qu\u00e9 concesi\u00f3n espec\u00edfica podr\u00eda deshelar la relaci\u00f3n antes de Navidad y arroja la pelota al tejado de la Moncloa. \u201cNo hay negociaciones ni conversaciones con el partido socialista a d\u00eda de hoy\u201d, ha subrayado M\u00edriam Nogueras. \u201cHay un tiempo para las negociaciones y otro para tomar la decisiones y Junts ha tomado una decisi\u00f3n\u201d, ha dicho. \u201cNosotros hemos roto y hemos roto de verdad\u201d, ha remachado. <\/p>\n<p class=\"\">Lo que se anunci\u00f3 ayer no cambia el panorama, ha insistido Nogueras, en alusi\u00f3n a las manifestaciones de S\u00e1nchez sobre el reconocimiento de asignaturas pendientes. \u201cQue nadie se confunda, seguimos d\u00f3nde est\u00e1bamos la semana pasada\u201d y ha acusado al PSOE de \u201cbloquear la legislatura\u201d porque \u201ccon los catalanes no vale cumplir a medias\u201d. Ha reprochado que es Pedro S\u00e1nchez quien tiene que tomar decisiones. \u201cLos partidos espa\u00f1oles solo reaccionan cuando est\u00e1n acorralados\u201d.<\/p>\n<p class=\"\">El reconocimiento del catal\u00e1n en Europa o el traspaso de las competencias sobre inmigraci\u00f3n a la Generalitat son asuntos troncales con capacidad para hacer virar el rumbo de Junts, pero en la formaci\u00f3n cunde la idea de que si no ha habido avances en dos a\u00f1os, no los va a haber ahora.<\/p>\n<p class=\"\">Las encuestas y el CEO (el CIS catal\u00e1n) vaticinan un <a href=\"https:\/\/elpais.com\/espana\/catalunya\/2025-11-24\/junts-y-alianca-catalana-empatarian-en-la-tercera-posicion-en-el-parlament-segun-el-ceo.html\" target=\"_blank\" rel=\"noreferrer nofollow noopener\" title=\"https:\/\/elpais.com\/espana\/catalunya\/2025-11-24\/junts-y-alianca-catalana-empatarian-en-la-tercera-posicion-en-el-parlament-segun-el-ceo.html\">desplome electoral para Junts<\/a>, erosionado por el auge de la ultraderecha independentista de Alian\u00e7a Catalana, pero Nogueras ha negado que el desmarque del PSOE tenga que ver con un estudiado cambio de estrategia para no perder fuelle electoral. \u201cJunts ha demostrado que toma las decisiones pensando en los catalanes\u201d, ha justificado Nogueras. <\/p>\n<p class=\"\">Preguntada sobre la vida que le puede quedar a la legislatura, la portavoz de Junts en el Congreso ha indicado que esa es una valoraci\u00f3n que le corresponde hacer a Pedro S\u00e1nchez. \u201cEs el Gobierno quien tiene que explicar c\u00f3mo piensa seguir gobernando\u201d, ha destacado y ha alejado expectativas sobre un posible reencuentro entre las dos partes. Ha descartado que un posible encuentro entre el presidente del Gobierno y Carles Puigdemont pueda ayudar a restablecer puentes. \u201cUna foto no blanquear\u00e1 los incumplimientos\u201d, ha dicho. <\/p>\n<p class=\"\">Las manifestaciones de <a href=\"https:\/\/elpais.com\/espana\/2025-11-02\/miriam-nogueras-la-legislatura-no-puede-llegar-a-2027-porque-sanchez-no-tiene-mayoria.html\" target=\"_blank\" rel=\"noreferrer nofollow noopener\" title=\"https:\/\/elpais.com\/espana\/2025-11-02\/miriam-nogueras-la-legislatura-no-puede-llegar-a-2027-porque-sanchez-no-tiene-mayoria.html\">M\u00edriam Nogueras<\/a> se han producido veinticuatro horas despu\u00e9s de unas declaraciones del presidente del Gobierno Pedro S\u00e1nchez, en sendas entrevistas a Rac1 y al canal catal\u00e1n de RTVE donde puso de relieve su voluntad de restablecer relaciones con Junts per Catalunya. S\u00e1nchez admiti\u00f3 \u201cincumplimientos\u201d por su parte en relaci\u00f3n con los acuerdos que en su d\u00eda trab\u00f3 con el partido que <a href=\"https:\/\/elpais.com\/espana\/2025-11-23\/la-unica-salida-que-tiene-el-socialismo-espanol-es-la-ruptura.html\" target=\"_blank\" rel=\"noreferrer nofollow noopener\" title=\"https:\/\/elpais.com\/espana\/2025-11-23\/la-unica-salida-que-tiene-el-socialismo-espanol-es-la-ruptura.html\">comanda Carles Puigdemont<\/a> para asegurarse la investidura. A rengl\u00f3n seguido de su admisi\u00f3n de responsabilidades, S\u00e1nchez desgran\u00f3 una serie de medidas para paliar las asignaturas pendientes con Junts y tendi\u00f3 la mano al partido independentista para restablecer una colaboraci\u00f3n que lo refuerce en el Congreso de los Diputados y lo ayude a dar continuidad a la legislatura . <\/p>\n<p class=\"\">Junts decidi\u00f3 darse tiempo para reaccionar a las palabras de S\u00e1nchez. Pese a que el <a href=\"https:\/\/elpais.com\/espana\/catalunya\/2025-11-17\/junts-remodela-su-cupula-a-la-espera-del-retorno-del-puigdemont.html\" target=\"_blank\" rel=\"noreferrer nofollow noopener\" title=\"https:\/\/elpais.com\/espana\/catalunya\/2025-11-17\/junts-remodela-su-cupula-a-la-espera-del-retorno-del-puigdemont.html\">reci\u00e9n nombrado portavoz en el Parlament Salvador Verg\u00e9s<\/a> compareci\u00f3 en una rueda de prensa en la c\u00e1mara catalana a mediod\u00eda del martes, declin\u00f3 hacer ninguna valoraci\u00f3n relacionada con las intenciones del presidente del Gobierno y demor\u00f3 cualquier explicaci\u00f3n hasta que M\u00edriam Nogueras tomara la palabra. De manera no oficial, fuentes cercanas a la direcci\u00f3n de Junts ya avanzaron que, pese a que el gesto de S\u00e1nchez cumple con la expectativa de que el PSOE cargue con la culpa del fracaso de la relaci\u00f3n entre las dos partes, el razonamiento del presidente del Gobierno no resulta \u201ccre\u00edble\u201d sin hechos concretos visibles y contundentes que refuercen la declaraci\u00f3n de intenciones. <\/p>\n","protected":false},"excerpt":{"rendered":"La invitaci\u00f3n prenaivde\u00f1a de Pedro S\u00e1nchez no convence a Junts para sentarse en la mesa. El partido de&hellip;\n","protected":false},"author":2,"featured_media":268720,"comment_status":"","ping_status":"","sticky":false,"template":"","format":"standard","meta":{"footnotes":""},"categories":[8],"tags":[17,18,3834,1980,25,24,13,14,4344,582,11178,11,3833,3837,19,20,9,10,15,16,16261,2959,23,12,21,22],"class_list":{"0":"post-268719","1":"post","2":"type-post","3":"status-publish","4":"format-standard","5":"has-post-thumbnail","7":"category-espana","8":"tag-breaking-news","9":"tag-breakingnews","10":"tag-carles-puigdemont","11":"tag-cataluna","12":"tag-es","13":"tag-espana","14":"tag-featured-news","15":"tag-featurednews","16":"tag-generalitat-cataluna","17":"tag-gobierno","18":"tag-govern-cataluna","19":"tag-headlines","20":"tag-independencia","21":"tag-juntsxcat","22":"tag-latest-news","23":"tag-latestnews","24":"tag-news","25":"tag-noticias","26":"tag-noticias-destacadas","27":"tag-noticiasdestacadas","28":"tag-pactos-politicos","29":"tag-pedro-sanchez","30":"tag-spain","31":"tag-titulares","32":"tag-ultimas-noticias","33":"tag-ultimasnoticias"},"share_on_mastodon":{"url":"https:\/\/pubeurope.com\/@es\/115654863035466495","error":""},"_links":{"self":[{"href":"https:\/\/www.europesays.com\/es\/wp-json\/wp\/v2\/posts\/268719","targetHints":{"allow":["GET"]}}],"collection":[{"href":"https:\/\/www.europesays.com\/es\/wp-json\/wp\/v2\/posts"}],"about":[{"href":"https:\/\/www.europesays.com\/es\/wp-json\/wp\/v2\/types\/post"}],"author":[{"embeddable":true,"href":"https:\/\/www.europesays.com\/es\/wp-json\/wp\/v2\/users\/2"}],"replies":[{"embeddable":true,"href":"https:\/\/www.europesays.com\/es\/wp-json\/wp\/v2\/comments?post=268719"}],"version-history":[{"count":0,"href":"https:\/\/www.europesays.com\/es\/wp-json\/wp\/v2\/posts\/268719\/revisions"}],"wp:featuredmedia":[{"embeddable":true,"href":"https:\/\/www.europesays.com\/es\/wp-json\/wp\/v2\/media\/268720"}],"wp:attachment":[{"href":"https:\/\/www.europesays.com\/es\/wp-json\/wp\/v2\/media?parent=268719"}],"wp:term":[{"taxonomy":"category","embeddable":true,"href":"https:\/\/www.europesays.com\/es\/wp-json\/wp\/v2\/categories?post=268719"},{"taxonomy":"post_tag","embeddable":true,"href":"https:\/\/www.europesays.com\/es\/wp-json\/wp\/v2\/tags?post=268719"}],"curies":[{"name":"wp","href":"https:\/\/api.w.org\/{rel}","templated":true}]}}