{"id":268721,"date":"2025-12-03T09:11:12","date_gmt":"2025-12-03T09:11:12","guid":{"rendered":"https:\/\/www.europesays.com\/es\/268721\/"},"modified":"2025-12-03T09:11:12","modified_gmt":"2025-12-03T09:11:12","slug":"previa-atletas-de-elite-favoritos-cuando-es-y-como-ver","status":"publish","type":"post","link":"https:\/\/www.europesays.com\/es\/268721\/","title":{"rendered":"Previa, atletas de \u00e9lite, favoritos, cu\u00e1ndo es y c\u00f3mo ver"},"content":{"rendered":"<p>Marat\u00f3n de Valencia 2025: Participantes en \u00e9lite<br \/>\nHombres<\/p>\n<p>En la categor\u00eda masculina del Marat\u00f3n de Valencia 2025 habr\u00e1 hasta una decena de atletas con marcas personales de 2h05 o menos.<\/p>\n<p>Entre ellos el m\u00e1s r\u00e1pido es el et\u00edope <a href=\"https:\/\/www.olympics.com\/es\/atletas\/sisay-lemma\" data-tracking-payload=\"{&quot;implementation_provider&quot;:&quot;sed&quot;,&quot;content_geography&quot;:&quot;AF,AX,AL,DZ,AS,AD,AO,AI,AQ,AG,AR,AM,AW,AU,AT,AZ,BS,BH,BD,BB,BY,BE,BZ,BJ,BM,BT,BO,BQ,BA,BW,BV,BR,IO,UM,VG,VI,BN,BG,BF,BI,KH,CM,CA,CV,KY,CF,TD,CL,CN,CX,CC,CO,KM,CG,CD,CK,CR,HR,CU,CW,CY,CZ,DK,DJ,DM,DO,EC,EG,SV,GQ,ER,EE,ET,FK,FO,FJ,FI,FR,GF,PF,TF,GA,GM,GE,DE,GH,GI,GR,GL,GD,GP,GU,GT,GG,GN,GW,GY,HT,HM,VA,HN,HK,HU,IS,IN,ID,CI,IR,IQ,IE,IM,IL,IT,JM,JP,JE,JO,KZ,KE,KI,KW,KG,LA,LV,LB,LS,LR,LY,LI,LT,LU,MO,MK,MG,MW,MY,MV,ML,MT,MH,MQ,MR,MU,YT,MX,FM,MD,MC,MN,ME,MS,MA,MZ,MM,NA,NR,NP,NL,NC,NZ,NI,NE,NG,NU,NF,KP,MP,NO,OM,PK,PW,PS,PA,PG,PY,PE,PH,PN,PL,PT,PR,QA,RE,RO,RU,RW,BL,SH,KN,LC,MF,PM,VC,WS,SM,ST,SA,SN,RS,SC,SL,SG,SX,SK,SI,SB,SO,ZA,GS,KR,SS,ES,LK,SD,SR,SJ,SZ,SE,CH,SY,TW,TJ,TZ,TH,TL,TG,TK,TO,TT,TN,TR,TM,TC,TV,UG,UA,AE,GB,US,UY,UZ,VU,VE,VN,WF,EH,YE,ZM,ZW,XK&quot;,&quot;content_id&quot;:&quot;042ce8eb-06ec-4be6-8b2c-6da54e446d8f&quot;,&quot;content_release_date_local_utc&quot;:&quot;2025-12-03T07:55:36.779Z&quot;,&quot;content_title&quot;:&quot;Marat\u00f3n de Valencia 2025: Previa, atletas de \u00e9lite, favoritos, cu\u00e1ndo es y c\u00f3mo ver &quot;,&quot;tag&quot;:&quot;[\\&quot;discipline-atletismo\\&quot;,\\&quot;newsclip\\&quot;,\\&quot;gender-mixed\\&quot;,\\&quot;2025-athletics-valencia-marathon-trinidad-alfonso-zurich\\&quot;]&quot;,&quot;module_type&quot;:&quot;TextBlock&quot;,&quot;module_title&quot;:&quot;Marat\u00f3n de Valencia 2025: Previa, atletas de \u00e9lite, favoritos, cu\u00e1ndo es y c\u00f3mo ver &quot;,&quot;section_level_1&quot;:&quot;news&quot;,&quot;section_level_2&quot;:&quot;maraton-de-valencia-2025-previa-atletas-de-elite-favoritos-cuando-es-y-como-ver&quot;,&quot;discipline&quot;:&quot;discipline-atletismo&quot;,&quot;odf_id&quot;:&quot;ATH&quot;,&quot;module_instance&quot;:&quot;Inline&quot;,&quot;module_id&quot;:null}\" data-tracking=\"click\" rel=\"nofollow noopener\" target=\"_blank\"><strong>Sisay Lemma<\/strong><\/a>, que hace dos a\u00f1os estableci\u00f3 el r\u00e9cord de la prueba con un tiempo 2h01:48, la sexta mejor marca mundial de la historia.<\/p>\n<p>Lemma, que este a\u00f1o tuvo que retirarse del Marat\u00f3n de Boston por una lesi\u00f3n en la pierna que le impidi\u00f3 defender su corona, aspira a resarcirse en la capital del Turia.<\/p>\n<p>Entre sus principales rivales estar\u00e1n el tambi\u00e9n et\u00edope <strong>Hailemaryam Kiros<\/strong>, ganador del Marat\u00f3n de S\u00eddney el pasado mes de agosto, y el alem\u00e1n <a href=\"https:\/\/www.olympics.com\/es\/atletas\/amanal-petros\" data-tracking-payload=\"{&quot;implementation_provider&quot;:&quot;sed&quot;,&quot;content_geography&quot;:&quot;AF,AX,AL,DZ,AS,AD,AO,AI,AQ,AG,AR,AM,AW,AU,AT,AZ,BS,BH,BD,BB,BY,BE,BZ,BJ,BM,BT,BO,BQ,BA,BW,BV,BR,IO,UM,VG,VI,BN,BG,BF,BI,KH,CM,CA,CV,KY,CF,TD,CL,CN,CX,CC,CO,KM,CG,CD,CK,CR,HR,CU,CW,CY,CZ,DK,DJ,DM,DO,EC,EG,SV,GQ,ER,EE,ET,FK,FO,FJ,FI,FR,GF,PF,TF,GA,GM,GE,DE,GH,GI,GR,GL,GD,GP,GU,GT,GG,GN,GW,GY,HT,HM,VA,HN,HK,HU,IS,IN,ID,CI,IR,IQ,IE,IM,IL,IT,JM,JP,JE,JO,KZ,KE,KI,KW,KG,LA,LV,LB,LS,LR,LY,LI,LT,LU,MO,MK,MG,MW,MY,MV,ML,MT,MH,MQ,MR,MU,YT,MX,FM,MD,MC,MN,ME,MS,MA,MZ,MM,NA,NR,NP,NL,NC,NZ,NI,NE,NG,NU,NF,KP,MP,NO,OM,PK,PW,PS,PA,PG,PY,PE,PH,PN,PL,PT,PR,QA,RE,RO,RU,RW,BL,SH,KN,LC,MF,PM,VC,WS,SM,ST,SA,SN,RS,SC,SL,SG,SX,SK,SI,SB,SO,ZA,GS,KR,SS,ES,LK,SD,SR,SJ,SZ,SE,CH,SY,TW,TJ,TZ,TH,TL,TG,TK,TO,TT,TN,TR,TM,TC,TV,UG,UA,AE,GB,US,UY,UZ,VU,VE,VN,WF,EH,YE,ZM,ZW,XK&quot;,&quot;content_id&quot;:&quot;042ce8eb-06ec-4be6-8b2c-6da54e446d8f&quot;,&quot;content_release_date_local_utc&quot;:&quot;2025-12-03T07:55:36.779Z&quot;,&quot;content_title&quot;:&quot;Marat\u00f3n de Valencia 2025: Previa, atletas de \u00e9lite, favoritos, cu\u00e1ndo es y c\u00f3mo ver &quot;,&quot;tag&quot;:&quot;[\\&quot;discipline-atletismo\\&quot;,\\&quot;newsclip\\&quot;,\\&quot;gender-mixed\\&quot;,\\&quot;2025-athletics-valencia-marathon-trinidad-alfonso-zurich\\&quot;]&quot;,&quot;module_type&quot;:&quot;TextBlock&quot;,&quot;module_title&quot;:&quot;Marat\u00f3n de Valencia 2025: Previa, atletas de \u00e9lite, favoritos, cu\u00e1ndo es y c\u00f3mo ver &quot;,&quot;section_level_1&quot;:&quot;news&quot;,&quot;section_level_2&quot;:&quot;maraton-de-valencia-2025-previa-atletas-de-elite-favoritos-cuando-es-y-como-ver&quot;,&quot;discipline&quot;:&quot;discipline-atletismo&quot;,&quot;odf_id&quot;:&quot;ATH&quot;,&quot;module_instance&quot;:&quot;Inline&quot;,&quot;module_id&quot;:null}\" data-tracking=\"click\" rel=\"nofollow noopener\" target=\"_blank\"><strong>Amanal Petros<\/strong><\/a>, medallista de plata en el marat\u00f3n del pasado Mundial de Atletismo en un final de infarto.<\/p>\n<p>Entre la\u00a0\u00e9lite espa\u00f1ola masculina, destacan el plusmarquista nacional <a href=\"https:\/\/www.olympics.com\/es\/atletas\/tariku-novales\" data-tracking-payload=\"{&quot;implementation_provider&quot;:&quot;sed&quot;,&quot;content_geography&quot;:&quot;AF,AX,AL,DZ,AS,AD,AO,AI,AQ,AG,AR,AM,AW,AU,AT,AZ,BS,BH,BD,BB,BY,BE,BZ,BJ,BM,BT,BO,BQ,BA,BW,BV,BR,IO,UM,VG,VI,BN,BG,BF,BI,KH,CM,CA,CV,KY,CF,TD,CL,CN,CX,CC,CO,KM,CG,CD,CK,CR,HR,CU,CW,CY,CZ,DK,DJ,DM,DO,EC,EG,SV,GQ,ER,EE,ET,FK,FO,FJ,FI,FR,GF,PF,TF,GA,GM,GE,DE,GH,GI,GR,GL,GD,GP,GU,GT,GG,GN,GW,GY,HT,HM,VA,HN,HK,HU,IS,IN,ID,CI,IR,IQ,IE,IM,IL,IT,JM,JP,JE,JO,KZ,KE,KI,KW,KG,LA,LV,LB,LS,LR,LY,LI,LT,LU,MO,MK,MG,MW,MY,MV,ML,MT,MH,MQ,MR,MU,YT,MX,FM,MD,MC,MN,ME,MS,MA,MZ,MM,NA,NR,NP,NL,NC,NZ,NI,NE,NG,NU,NF,KP,MP,NO,OM,PK,PW,PS,PA,PG,PY,PE,PH,PN,PL,PT,PR,QA,RE,RO,RU,RW,BL,SH,KN,LC,MF,PM,VC,WS,SM,ST,SA,SN,RS,SC,SL,SG,SX,SK,SI,SB,SO,ZA,GS,KR,SS,ES,LK,SD,SR,SJ,SZ,SE,CH,SY,TW,TJ,TZ,TH,TL,TG,TK,TO,TT,TN,TR,TM,TC,TV,UG,UA,AE,GB,US,UY,UZ,VU,VE,VN,WF,EH,YE,ZM,ZW,XK&quot;,&quot;content_id&quot;:&quot;042ce8eb-06ec-4be6-8b2c-6da54e446d8f&quot;,&quot;content_release_date_local_utc&quot;:&quot;2025-12-03T07:55:36.779Z&quot;,&quot;content_title&quot;:&quot;Marat\u00f3n de Valencia 2025: Previa, atletas de \u00e9lite, favoritos, cu\u00e1ndo es y c\u00f3mo ver &quot;,&quot;tag&quot;:&quot;[\\&quot;discipline-atletismo\\&quot;,\\&quot;newsclip\\&quot;,\\&quot;gender-mixed\\&quot;,\\&quot;2025-athletics-valencia-marathon-trinidad-alfonso-zurich\\&quot;]&quot;,&quot;module_type&quot;:&quot;TextBlock&quot;,&quot;module_title&quot;:&quot;Marat\u00f3n de Valencia 2025: Previa, atletas de \u00e9lite, favoritos, cu\u00e1ndo es y c\u00f3mo ver &quot;,&quot;section_level_1&quot;:&quot;news&quot;,&quot;section_level_2&quot;:&quot;maraton-de-valencia-2025-previa-atletas-de-elite-favoritos-cuando-es-y-como-ver&quot;,&quot;discipline&quot;:&quot;discipline-atletismo&quot;,&quot;odf_id&quot;:&quot;ATH&quot;,&quot;module_instance&quot;:&quot;Inline&quot;,&quot;module_id&quot;:null}\" data-tracking=\"click\" rel=\"nofollow noopener\" target=\"_blank\"><strong>Tariku Novales<\/strong><\/a>, <a href=\"https:\/\/www.olympics.com\/es\/atletas\/ibrahim-chakir\" data-tracking-payload=\"{&quot;implementation_provider&quot;:&quot;sed&quot;,&quot;content_geography&quot;:&quot;AF,AX,AL,DZ,AS,AD,AO,AI,AQ,AG,AR,AM,AW,AU,AT,AZ,BS,BH,BD,BB,BY,BE,BZ,BJ,BM,BT,BO,BQ,BA,BW,BV,BR,IO,UM,VG,VI,BN,BG,BF,BI,KH,CM,CA,CV,KY,CF,TD,CL,CN,CX,CC,CO,KM,CG,CD,CK,CR,HR,CU,CW,CY,CZ,DK,DJ,DM,DO,EC,EG,SV,GQ,ER,EE,ET,FK,FO,FJ,FI,FR,GF,PF,TF,GA,GM,GE,DE,GH,GI,GR,GL,GD,GP,GU,GT,GG,GN,GW,GY,HT,HM,VA,HN,HK,HU,IS,IN,ID,CI,IR,IQ,IE,IM,IL,IT,JM,JP,JE,JO,KZ,KE,KI,KW,KG,LA,LV,LB,LS,LR,LY,LI,LT,LU,MO,MK,MG,MW,MY,MV,ML,MT,MH,MQ,MR,MU,YT,MX,FM,MD,MC,MN,ME,MS,MA,MZ,MM,NA,NR,NP,NL,NC,NZ,NI,NE,NG,NU,NF,KP,MP,NO,OM,PK,PW,PS,PA,PG,PY,PE,PH,PN,PL,PT,PR,QA,RE,RO,RU,RW,BL,SH,KN,LC,MF,PM,VC,WS,SM,ST,SA,SN,RS,SC,SL,SG,SX,SK,SI,SB,SO,ZA,GS,KR,SS,ES,LK,SD,SR,SJ,SZ,SE,CH,SY,TW,TJ,TZ,TH,TL,TG,TK,TO,TT,TN,TR,TM,TC,TV,UG,UA,AE,GB,US,UY,UZ,VU,VE,VN,WF,EH,YE,ZM,ZW,XK&quot;,&quot;content_id&quot;:&quot;042ce8eb-06ec-4be6-8b2c-6da54e446d8f&quot;,&quot;content_release_date_local_utc&quot;:&quot;2025-12-03T07:55:36.779Z&quot;,&quot;content_title&quot;:&quot;Marat\u00f3n de Valencia 2025: Previa, atletas de \u00e9lite, favoritos, cu\u00e1ndo es y c\u00f3mo ver &quot;,&quot;tag&quot;:&quot;[\\&quot;discipline-atletismo\\&quot;,\\&quot;newsclip\\&quot;,\\&quot;gender-mixed\\&quot;,\\&quot;2025-athletics-valencia-marathon-trinidad-alfonso-zurich\\&quot;]&quot;,&quot;module_type&quot;:&quot;TextBlock&quot;,&quot;module_title&quot;:&quot;Marat\u00f3n de Valencia 2025: Previa, atletas de \u00e9lite, favoritos, cu\u00e1ndo es y c\u00f3mo ver &quot;,&quot;section_level_1&quot;:&quot;news&quot;,&quot;section_level_2&quot;:&quot;maraton-de-valencia-2025-previa-atletas-de-elite-favoritos-cuando-es-y-como-ver&quot;,&quot;discipline&quot;:&quot;discipline-atletismo&quot;,&quot;odf_id&quot;:&quot;ATH&quot;,&quot;module_instance&quot;:&quot;Inline&quot;,&quot;module_id&quot;:null}\" data-tracking=\"click\" rel=\"nofollow noopener\" target=\"_blank\"><strong>Ibrahim Chakir<\/strong><\/a> y dos grandes atletas de pista que har\u00e1n su debut en marat\u00f3n: <a href=\"https:\/\/www.olympics.com\/es\/atletas\/adel-mechaal\" data-tracking-payload=\"{&quot;implementation_provider&quot;:&quot;sed&quot;,&quot;content_geography&quot;:&quot;AF,AX,AL,DZ,AS,AD,AO,AI,AQ,AG,AR,AM,AW,AU,AT,AZ,BS,BH,BD,BB,BY,BE,BZ,BJ,BM,BT,BO,BQ,BA,BW,BV,BR,IO,UM,VG,VI,BN,BG,BF,BI,KH,CM,CA,CV,KY,CF,TD,CL,CN,CX,CC,CO,KM,CG,CD,CK,CR,HR,CU,CW,CY,CZ,DK,DJ,DM,DO,EC,EG,SV,GQ,ER,EE,ET,FK,FO,FJ,FI,FR,GF,PF,TF,GA,GM,GE,DE,GH,GI,GR,GL,GD,GP,GU,GT,GG,GN,GW,GY,HT,HM,VA,HN,HK,HU,IS,IN,ID,CI,IR,IQ,IE,IM,IL,IT,JM,JP,JE,JO,KZ,KE,KI,KW,KG,LA,LV,LB,LS,LR,LY,LI,LT,LU,MO,MK,MG,MW,MY,MV,ML,MT,MH,MQ,MR,MU,YT,MX,FM,MD,MC,MN,ME,MS,MA,MZ,MM,NA,NR,NP,NL,NC,NZ,NI,NE,NG,NU,NF,KP,MP,NO,OM,PK,PW,PS,PA,PG,PY,PE,PH,PN,PL,PT,PR,QA,RE,RO,RU,RW,BL,SH,KN,LC,MF,PM,VC,WS,SM,ST,SA,SN,RS,SC,SL,SG,SX,SK,SI,SB,SO,ZA,GS,KR,SS,ES,LK,SD,SR,SJ,SZ,SE,CH,SY,TW,TJ,TZ,TH,TL,TG,TK,TO,TT,TN,TR,TM,TC,TV,UG,UA,AE,GB,US,UY,UZ,VU,VE,VN,WF,EH,YE,ZM,ZW,XK&quot;,&quot;content_id&quot;:&quot;042ce8eb-06ec-4be6-8b2c-6da54e446d8f&quot;,&quot;content_release_date_local_utc&quot;:&quot;2025-12-03T07:55:36.779Z&quot;,&quot;content_title&quot;:&quot;Marat\u00f3n de Valencia 2025: Previa, atletas de \u00e9lite, favoritos, cu\u00e1ndo es y c\u00f3mo ver &quot;,&quot;tag&quot;:&quot;[\\&quot;discipline-atletismo\\&quot;,\\&quot;newsclip\\&quot;,\\&quot;gender-mixed\\&quot;,\\&quot;2025-athletics-valencia-marathon-trinidad-alfonso-zurich\\&quot;]&quot;,&quot;module_type&quot;:&quot;TextBlock&quot;,&quot;module_title&quot;:&quot;Marat\u00f3n de Valencia 2025: Previa, atletas de \u00e9lite, favoritos, cu\u00e1ndo es y c\u00f3mo ver &quot;,&quot;section_level_1&quot;:&quot;news&quot;,&quot;section_level_2&quot;:&quot;maraton-de-valencia-2025-previa-atletas-de-elite-favoritos-cuando-es-y-como-ver&quot;,&quot;discipline&quot;:&quot;discipline-atletismo&quot;,&quot;odf_id&quot;:&quot;ATH&quot;,&quot;module_instance&quot;:&quot;Inline&quot;,&quot;module_id&quot;:null}\" data-tracking=\"click\" rel=\"nofollow noopener\" target=\"_blank\"><strong>Adel Mechaal<\/strong><\/a> y <a href=\"https:\/\/www.olympics.com\/es\/atletas\/fernando-carro\" data-tracking-payload=\"{&quot;implementation_provider&quot;:&quot;sed&quot;,&quot;content_geography&quot;:&quot;AF,AX,AL,DZ,AS,AD,AO,AI,AQ,AG,AR,AM,AW,AU,AT,AZ,BS,BH,BD,BB,BY,BE,BZ,BJ,BM,BT,BO,BQ,BA,BW,BV,BR,IO,UM,VG,VI,BN,BG,BF,BI,KH,CM,CA,CV,KY,CF,TD,CL,CN,CX,CC,CO,KM,CG,CD,CK,CR,HR,CU,CW,CY,CZ,DK,DJ,DM,DO,EC,EG,SV,GQ,ER,EE,ET,FK,FO,FJ,FI,FR,GF,PF,TF,GA,GM,GE,DE,GH,GI,GR,GL,GD,GP,GU,GT,GG,GN,GW,GY,HT,HM,VA,HN,HK,HU,IS,IN,ID,CI,IR,IQ,IE,IM,IL,IT,JM,JP,JE,JO,KZ,KE,KI,KW,KG,LA,LV,LB,LS,LR,LY,LI,LT,LU,MO,MK,MG,MW,MY,MV,ML,MT,MH,MQ,MR,MU,YT,MX,FM,MD,MC,MN,ME,MS,MA,MZ,MM,NA,NR,NP,NL,NC,NZ,NI,NE,NG,NU,NF,KP,MP,NO,OM,PK,PW,PS,PA,PG,PY,PE,PH,PN,PL,PT,PR,QA,RE,RO,RU,RW,BL,SH,KN,LC,MF,PM,VC,WS,SM,ST,SA,SN,RS,SC,SL,SG,SX,SK,SI,SB,SO,ZA,GS,KR,SS,ES,LK,SD,SR,SJ,SZ,SE,CH,SY,TW,TJ,TZ,TH,TL,TG,TK,TO,TT,TN,TR,TM,TC,TV,UG,UA,AE,GB,US,UY,UZ,VU,VE,VN,WF,EH,YE,ZM,ZW,XK&quot;,&quot;content_id&quot;:&quot;042ce8eb-06ec-4be6-8b2c-6da54e446d8f&quot;,&quot;content_release_date_local_utc&quot;:&quot;2025-12-03T07:55:36.779Z&quot;,&quot;content_title&quot;:&quot;Marat\u00f3n de Valencia 2025: Previa, atletas de \u00e9lite, favoritos, cu\u00e1ndo es y c\u00f3mo ver &quot;,&quot;tag&quot;:&quot;[\\&quot;discipline-atletismo\\&quot;,\\&quot;newsclip\\&quot;,\\&quot;gender-mixed\\&quot;,\\&quot;2025-athletics-valencia-marathon-trinidad-alfonso-zurich\\&quot;]&quot;,&quot;module_type&quot;:&quot;TextBlock&quot;,&quot;module_title&quot;:&quot;Marat\u00f3n de Valencia 2025: Previa, atletas de \u00e9lite, favoritos, cu\u00e1ndo es y c\u00f3mo ver &quot;,&quot;section_level_1&quot;:&quot;news&quot;,&quot;section_level_2&quot;:&quot;maraton-de-valencia-2025-previa-atletas-de-elite-favoritos-cuando-es-y-como-ver&quot;,&quot;discipline&quot;:&quot;discipline-atletismo&quot;,&quot;odf_id&quot;:&quot;ATH&quot;,&quot;module_instance&quot;:&quot;Inline&quot;,&quot;module_id&quot;:null}\" data-tracking=\"click\" rel=\"nofollow noopener\" target=\"_blank\"><strong>Fernando Carro<\/strong><\/a>.<\/p>\n<p>Adem\u00e1s, tambi\u00e9n se espera la presencia del brit\u00e1nico <a href=\"https:\/\/www.olympics.com\/es\/atletas\/alex-yee\" data-tracking-payload=\"{&quot;implementation_provider&quot;:&quot;sed&quot;,&quot;content_geography&quot;:&quot;AF,AX,AL,DZ,AS,AD,AO,AI,AQ,AG,AR,AM,AW,AU,AT,AZ,BS,BH,BD,BB,BY,BE,BZ,BJ,BM,BT,BO,BQ,BA,BW,BV,BR,IO,UM,VG,VI,BN,BG,BF,BI,KH,CM,CA,CV,KY,CF,TD,CL,CN,CX,CC,CO,KM,CG,CD,CK,CR,HR,CU,CW,CY,CZ,DK,DJ,DM,DO,EC,EG,SV,GQ,ER,EE,ET,FK,FO,FJ,FI,FR,GF,PF,TF,GA,GM,GE,DE,GH,GI,GR,GL,GD,GP,GU,GT,GG,GN,GW,GY,HT,HM,VA,HN,HK,HU,IS,IN,ID,CI,IR,IQ,IE,IM,IL,IT,JM,JP,JE,JO,KZ,KE,KI,KW,KG,LA,LV,LB,LS,LR,LY,LI,LT,LU,MO,MK,MG,MW,MY,MV,ML,MT,MH,MQ,MR,MU,YT,MX,FM,MD,MC,MN,ME,MS,MA,MZ,MM,NA,NR,NP,NL,NC,NZ,NI,NE,NG,NU,NF,KP,MP,NO,OM,PK,PW,PS,PA,PG,PY,PE,PH,PN,PL,PT,PR,QA,RE,RO,RU,RW,BL,SH,KN,LC,MF,PM,VC,WS,SM,ST,SA,SN,RS,SC,SL,SG,SX,SK,SI,SB,SO,ZA,GS,KR,SS,ES,LK,SD,SR,SJ,SZ,SE,CH,SY,TW,TJ,TZ,TH,TL,TG,TK,TO,TT,TN,TR,TM,TC,TV,UG,UA,AE,GB,US,UY,UZ,VU,VE,VN,WF,EH,YE,ZM,ZW,XK&quot;,&quot;content_id&quot;:&quot;042ce8eb-06ec-4be6-8b2c-6da54e446d8f&quot;,&quot;content_release_date_local_utc&quot;:&quot;2025-12-03T07:55:36.779Z&quot;,&quot;content_title&quot;:&quot;Marat\u00f3n de Valencia 2025: Previa, atletas de \u00e9lite, favoritos, cu\u00e1ndo es y c\u00f3mo ver &quot;,&quot;tag&quot;:&quot;[\\&quot;discipline-atletismo\\&quot;,\\&quot;newsclip\\&quot;,\\&quot;gender-mixed\\&quot;,\\&quot;2025-athletics-valencia-marathon-trinidad-alfonso-zurich\\&quot;]&quot;,&quot;module_type&quot;:&quot;TextBlock&quot;,&quot;module_title&quot;:&quot;Marat\u00f3n de Valencia 2025: Previa, atletas de \u00e9lite, favoritos, cu\u00e1ndo es y c\u00f3mo ver &quot;,&quot;section_level_1&quot;:&quot;news&quot;,&quot;section_level_2&quot;:&quot;maraton-de-valencia-2025-previa-atletas-de-elite-favoritos-cuando-es-y-como-ver&quot;,&quot;discipline&quot;:&quot;discipline-atletismo&quot;,&quot;odf_id&quot;:&quot;ATH&quot;,&quot;module_instance&quot;:&quot;Inline&quot;,&quot;module_id&quot;:null}\" data-tracking=\"click\" rel=\"nofollow noopener\" target=\"_blank\"><strong>Alex Yee<\/strong><\/a>, doble campe\u00f3n ol\u00edmpico de triatl\u00f3n (individual de Par\u00eds 2024 y relevos en Tokio 2020), que este a\u00f1o ha corrido tambi\u00e9n en Valencia el 10K (28:07) y, hace solo unas semanas, el medio marat\u00f3n (1h01:29).<\/p>\n","protected":false},"excerpt":{"rendered":"Marat\u00f3n de Valencia 2025: Participantes en \u00e9lite Hombres En la categor\u00eda masculina del Marat\u00f3n de Valencia 2025 habr\u00e1&hellip;\n","protected":false},"author":2,"featured_media":268722,"comment_status":"","ping_status":"","sticky":false,"template":"","format":"standard","meta":{"footnotes":""},"categories":[5],"tags":[17,18,25,24,13,14,11,19,20,9,10,15,16,23,12,21,22],"class_list":{"0":"post-268721","1":"post","2":"type-post","3":"status-publish","4":"format-standard","5":"has-post-thumbnail","7":"category-titulares","8":"tag-breaking-news","9":"tag-breakingnews","10":"tag-es","11":"tag-espana","12":"tag-featured-news","13":"tag-featurednews","14":"tag-headlines","15":"tag-latest-news","16":"tag-latestnews","17":"tag-news","18":"tag-noticias","19":"tag-noticias-destacadas","20":"tag-noticiasdestacadas","21":"tag-spain","22":"tag-titulares","23":"tag-ultimas-noticias","24":"tag-ultimasnoticias"},"share_on_mastodon":{"url":"https:\/\/pubeurope.com\/@es\/115654864613737474","error":""},"_links":{"self":[{"href":"https:\/\/www.europesays.com\/es\/wp-json\/wp\/v2\/posts\/268721","targetHints":{"allow":["GET"]}}],"collection":[{"href":"https:\/\/www.europesays.com\/es\/wp-json\/wp\/v2\/posts"}],"about":[{"href":"https:\/\/www.europesays.com\/es\/wp-json\/wp\/v2\/types\/post"}],"author":[{"embeddable":true,"href":"https:\/\/www.europesays.com\/es\/wp-json\/wp\/v2\/users\/2"}],"replies":[{"embeddable":true,"href":"https:\/\/www.europesays.com\/es\/wp-json\/wp\/v2\/comments?post=268721"}],"version-history":[{"count":0,"href":"https:\/\/www.europesays.com\/es\/wp-json\/wp\/v2\/posts\/268721\/revisions"}],"wp:featuredmedia":[{"embeddable":true,"href":"https:\/\/www.europesays.com\/es\/wp-json\/wp\/v2\/media\/268722"}],"wp:attachment":[{"href":"https:\/\/www.europesays.com\/es\/wp-json\/wp\/v2\/media?parent=268721"}],"wp:term":[{"taxonomy":"category","embeddable":true,"href":"https:\/\/www.europesays.com\/es\/wp-json\/wp\/v2\/categories?post=268721"},{"taxonomy":"post_tag","embeddable":true,"href":"https:\/\/www.europesays.com\/es\/wp-json\/wp\/v2\/tags?post=268721"}],"curies":[{"name":"wp","href":"https:\/\/api.w.org\/{rel}","templated":true}]}}