{"id":268725,"date":"2025-12-03T09:17:08","date_gmt":"2025-12-03T09:17:08","guid":{"rendered":"https:\/\/www.europesays.com\/es\/268725\/"},"modified":"2025-12-03T09:17:08","modified_gmt":"2025-12-03T09:17:08","slug":"telde-abre-una-nueva-etapa-de-la-bike-week-este-miercoles","status":"publish","type":"post","link":"https:\/\/www.europesays.com\/es\/268725\/","title":{"rendered":"Telde abre una nueva etapa de la Bike Week este mi\u00e9rcoles"},"content":{"rendered":"<p style=\"text-align:justify;\">La ciudad de Telde ser\u00e1 este mi\u00e9rcoles 3 de diciembre de 2025 uno de los escenarios centrales de la <strong>Gran Canaria Bike Week<\/strong>, que vivir\u00e1 su salida oficial a las <strong>8.45 horas<\/strong> desde la plaza de San Juan. El alcalde del municipio, <strong>Juan Antonio Pe\u00f1a<\/strong>, presidir\u00e1 el acto acompa\u00f1ado del concejal de Deportes, <strong>Cristhian Santana<\/strong>, en un evento que reunir\u00e1 a participantes, equipos y aficionados en el coraz\u00f3n hist\u00f3rico de la ciudad.<\/p>\n<p style=\"text-align:justify;\">\u00a0<\/p>\n<p style=\"text-align:justify;\">La organizaci\u00f3n ha elegido Telde como punto de arranque para una de las etapas emblem\u00e1ticas de esta edici\u00f3n, que recorrer\u00e1 distintos enclaves de la Isla en una jornada de alta visibilidad para el municipio. La salida desde San Juan permitir\u00e1 mostrar el valor patrimonial y urbano de la zona, adem\u00e1s del compromiso de la ciudad con el deporte y la promoci\u00f3n de actividades al aire libre.<\/p>\n<p style=\"text-align:justify;\">\u00a0<\/p>\n<p style=\"text-align:justify;\">La prueba se desarrollar\u00e1 con normalidad, con apoyo log\u00edstico del Ayuntamiento y la colaboraci\u00f3n de la Polic\u00eda Local para garantizar la seguridad del dispositivo, que concentrar\u00e1 movimiento de ciclistas y equipos t\u00e9cnicos en los alrededores de la plaza durante la primera hora del d\u00eda. La Bike Week continuar\u00e1 posteriormente hacia otros puntos de la Isla dentro del calendario previsto.<\/p>\n<p style=\"text-align:justify;\">\u00a0<\/p>\n<p style=\"text-align:justify;\"><strong>Tercera etapa Gran Canaria Bike Week<\/strong><\/p>\n<p style=\"text-align:justify;\">Recorrido: 84.30 Km|\u00a0<\/p>\n<p style=\"text-align:justify;\">Desnivel acumulado: 1.928 m\u00a0<\/p>\n<p>Recorrido: Plaza San Juan (Telde)-San Roque-Valsequillo-Tenteniguada-San Mateo-Utiaca-Teror-San Lorenzo-Bandama-La Atalaya-Bco. Las Goteras-Higuera Canaria-Plaza San Juan (Telde)<\/p>\n<p style=\"text-align:justify;\">\u00a0<\/p>\n<p style=\"text-align:justify;\">\u00a0<\/p>\n","protected":false},"excerpt":{"rendered":"La ciudad de Telde ser\u00e1 este mi\u00e9rcoles 3 de diciembre de 2025 uno de los escenarios centrales de&hellip;\n","protected":false},"author":2,"featured_media":268726,"comment_status":"","ping_status":"","sticky":false,"template":"","format":"standard","meta":{"footnotes":""},"categories":[273],"tags":[66197,313,312,168,25,24,4806,1897,10,22876,23,167,29725],"class_list":{"0":"post-268725","1":"post","2":"type-post","3":"status-publish","4":"format-standard","5":"has-post-thumbnail","7":"category-ciclismo","8":"tag-bike-week","9":"tag-ciclismo","10":"tag-cycling","11":"tag-deportes","12":"tag-es","13":"tag-espana","14":"tag-eventos","15":"tag-gran-canaria","16":"tag-noticias","17":"tag-san-juan","18":"tag-spain","19":"tag-sports","20":"tag-telde"},"share_on_mastodon":{"url":"https:\/\/pubeurope.com\/@es\/115654888178064624","error":""},"_links":{"self":[{"href":"https:\/\/www.europesays.com\/es\/wp-json\/wp\/v2\/posts\/268725","targetHints":{"allow":["GET"]}}],"collection":[{"href":"https:\/\/www.europesays.com\/es\/wp-json\/wp\/v2\/posts"}],"about":[{"href":"https:\/\/www.europesays.com\/es\/wp-json\/wp\/v2\/types\/post"}],"author":[{"embeddable":true,"href":"https:\/\/www.europesays.com\/es\/wp-json\/wp\/v2\/users\/2"}],"replies":[{"embeddable":true,"href":"https:\/\/www.europesays.com\/es\/wp-json\/wp\/v2\/comments?post=268725"}],"version-history":[{"count":0,"href":"https:\/\/www.europesays.com\/es\/wp-json\/wp\/v2\/posts\/268725\/revisions"}],"wp:featuredmedia":[{"embeddable":true,"href":"https:\/\/www.europesays.com\/es\/wp-json\/wp\/v2\/media\/268726"}],"wp:attachment":[{"href":"https:\/\/www.europesays.com\/es\/wp-json\/wp\/v2\/media?parent=268725"}],"wp:term":[{"taxonomy":"category","embeddable":true,"href":"https:\/\/www.europesays.com\/es\/wp-json\/wp\/v2\/categories?post=268725"},{"taxonomy":"post_tag","embeddable":true,"href":"https:\/\/www.europesays.com\/es\/wp-json\/wp\/v2\/tags?post=268725"}],"curies":[{"name":"wp","href":"https:\/\/api.w.org\/{rel}","templated":true}]}}