{"id":268731,"date":"2025-12-03T09:21:10","date_gmt":"2025-12-03T09:21:10","guid":{"rendered":"https:\/\/www.europesays.com\/es\/268731\/"},"modified":"2025-12-03T09:21:10","modified_gmt":"2025-12-03T09:21:10","slug":"bad-gyal-confeso-en-el-late-xou-su-adiccion-a-crims-y-recordo-cuando-belen-esteban-la-salvo-de-un-compromiso","status":"publish","type":"post","link":"https:\/\/www.europesays.com\/es\/268731\/","title":{"rendered":"Bad Gyal confes\u00f3 en el &#8216;Late Xou&#8217; su adicci\u00f3n a &#8216;Crims&#8217; y record\u00f3 cuando Bel\u00e9n Esteban la salv\u00f3 de un compromiso"},"content":{"rendered":"<p class=\"article-text\">\n        <strong>Bad Gyal<\/strong> fue una de las invitadas del <strong>Late Xou<\/strong> de esta semana en La 1. La cantante acudi\u00f3 al programa de <strong>Marc Gir\u00f3<\/strong> para promocionar su nuevo single, &#8216;Fuma&#8217;, su nuevo disco y la gira para 2026.\n    <\/p>\n<p>    <a href=\"https:\/\/www.eldiario.es\/vertele\/noticias\/marc-giro-critica-late-xou-rtve-incoherencia-discursos-inmigracion-espana-agotadora_1_12797331.html\" data-mrf-recirculation=\"saber-mas\" data-dl-event=\"saber-mas\" rel=\"nofollow noopener\" target=\"_blank\"><\/p>\n<p class=\"know-more__title\">Marc Gir\u00f3 critica en el &#8216;Late Xou&#8217; de RTVE la incoherencia de ciertos discursos sobre inmigraci\u00f3n: \u00abEspa\u00f1a, eres agotadora\u00bb<\/p>\n<p>            <img decoding=\"async\" class=\"lazy\" loading=\"lazy\" data-src=\"https:\/\/static.eldiario.es\/clip\/1f67cf55-35ea-4fe8-b865-840ec666fe7d_16-9-aspect-ratio_default_0.jpg\" src=\"data:image\/svg+xml,%3Csvg xmlns=\" http:=\"\" viewbox=\"0 0 880 495\" alt=\"Marc Gir\u00f3 critica en el 'Late Xou' de RTVE la incoherencia de ciertos discursos sobre inmigraci\u00f3n: &quot;Espa\u00f1a, eres agotadora&quot;\"\/><\/p>\n<p>                        <\/a><\/p>\n<p class=\"article-text\">\n        All\u00ed, el presentador le pregunt\u00f3 por an\u00e9cdotas de sus conciertos, por su obsesi\u00f3n por Jamaica y hasta por el inmenso favor que le hizo <strong>Bel\u00e9n Esteban<\/strong>. Esto \u00faltimo hizo re\u00edr a la artista, que explic\u00f3 la inolvidable an\u00e9cdota con la televisiva.\n    <\/p>\n<p class=\"article-text\">\n        Al parecer, Bad Gyal viaj\u00f3 hasta Estados Unidos para un evento en el que deb\u00eda lucir un vestido concreto, pero no record\u00f3 ponerlo en la maleta. Al llegar y descubrir que le faltaba, us\u00f3 sus redes para preguntar si alguien le pod\u00eda ayudar a trasladarlo hasta su nuevo paradero.\n    <\/p>\n<p class=\"article-text\">\n        Y, aunque la cantante cre\u00eda que iba a ser algo imposible, <strong>\u201cBel\u00e9n Estaban me contest\u00f3 al minuto, \u00bfqu\u00e9 necesitas cari\u00f1o?\u201d<\/strong>, y lo logr\u00f3. \u201cA Bel\u00e9n todo el mundo la ama, y tiene contactos en todos los lados, y ten\u00eda un contacto en Iberia\u201d, desvel\u00f3. \u201cNadie tiene m\u00e1s contactos que esta persona y me lleg\u00f3 el vestido un d\u00eda antes\u201d, asegur\u00f3 ante la sorpresa de Gir\u00f3.\n    <\/p>\n<blockquote class=\"twitter-tweet\" data-lang=\"es\"><p><a href=\"https:\/\/twitter.com\/X\/status\/1995988976260305285?ref_src=twsrc%5Etfw\" rel=\"nofollow noopener\" target=\"_blank\"><\/p><\/blockquote>\n<p class=\"article-text\">\n        El presentador tambi\u00e9n le pregunt\u00f3 por su afici\u00f3n al podcast de <strong>Crims <\/strong>de <strong>Carles Porta<\/strong>: \u201cQue alg\u00fan crimin\u00f3logo que trabaje en el programa me diga <strong>si dormirme escuch\u00e1ndolo es de psic\u00f3pata\u201d,<\/strong> respondi\u00f3 Bad Gyal entre risas.\n    <\/p>\n<p>    <a href=\"https:\/\/www.eldiario.es\/vertele\/noticias\/broncano-detallo-audiencia-revuelta-gano-hormiguero-pregunto-boris-becker-carcel_1_12815984.html\" data-mrf-recirculation=\"saber-mas-abajo\" data-dl-event=\"saber-mas-abajo\" rel=\"nofollow noopener\" target=\"_blank\"><\/p>\n<p class=\"know-more__title\">Broncano detall\u00f3 la audiencia con la que &#8216;La Revuelta&#8217; gan\u00f3 a &#8216;El Hormiguero&#8217; y pregunt\u00f3 a Boris Becker por la c\u00e1rcel<\/p>\n<p>            <img decoding=\"async\" class=\"lazy\" loading=\"lazy\" data-src=\"https:\/\/static.eldiario.es\/clip\/590aca5a-c8a0-4689-990f-1152717b1ffc_16-9-aspect-ratio_default_0.jpg\" src=\"data:image\/svg+xml,%3Csvg xmlns=\" http:=\"\" viewbox=\"0 0 880 495\" alt=\"Broncano detall\u00f3 la audiencia con la que 'La Revuelta' gan\u00f3 a 'El Hormiguero' y pregunt\u00f3 a Boris Becker por la c\u00e1rcel\"\/><\/p>\n<p>                        <\/a><\/p>\n<p class=\"article-text\">\n        La joven explic\u00f3 que se duerme con los cap\u00edtulos del true crime, que alguna vez ha quitado alguno por ser muy duro, pero su atracci\u00f3n por el g\u00e9nero va m\u00e1s all\u00e1: \u201cEs la voz y las musiquitas, y me quedo dormida y al d\u00eda siguiente lo vuelvo a poner donde me dorm\u00ed\u201d. Para acabar recomend\u00e1ndolo a los espectadores: \u201c<strong>Fuck melatonina, ponte Crims\u201d.<\/strong>\n    <\/p>\n<p>                                <script async src=\"https:\/\/platform.twitter.com\/widgets.js\" charset=\"utf-8\"><\/script><\/p>\n","protected":false},"excerpt":{"rendered":"Bad Gyal fue una de las invitadas del Late Xou de esta semana en La 1. La cantante&hellip;\n","protected":false},"author":2,"featured_media":268732,"comment_status":"","ping_status":"","sticky":false,"template":"","format":"standard","meta":{"footnotes":""},"categories":[174],"tags":[13982,8539,3848,255,1625,38784,42353,146,147,25,24,16142,256,66198,13338,44743,7034,23,23429],"class_list":{"0":"post-268731","1":"post","2":"type-post","3":"status-publish","4":"format-standard","5":"has-post-thumbnail","7":"category-famosos","8":"tag-adiccion","9":"tag-bad","10":"tag-belen","11":"tag-celebrities","12":"tag-compromiso","13":"tag-confeso","14":"tag-crims","15":"tag-entertainment","16":"tag-entretenimiento","17":"tag-es","18":"tag-espana","19":"tag-esteban","20":"tag-famosos","21":"tag-gyal","22":"tag-late","23":"tag-recordo","24":"tag-salvo","25":"tag-spain","26":"tag-xou"},"share_on_mastodon":{"url":"https:\/\/pubeurope.com\/@es\/115654904007209439","error":""},"_links":{"self":[{"href":"https:\/\/www.europesays.com\/es\/wp-json\/wp\/v2\/posts\/268731","targetHints":{"allow":["GET"]}}],"collection":[{"href":"https:\/\/www.europesays.com\/es\/wp-json\/wp\/v2\/posts"}],"about":[{"href":"https:\/\/www.europesays.com\/es\/wp-json\/wp\/v2\/types\/post"}],"author":[{"embeddable":true,"href":"https:\/\/www.europesays.com\/es\/wp-json\/wp\/v2\/users\/2"}],"replies":[{"embeddable":true,"href":"https:\/\/www.europesays.com\/es\/wp-json\/wp\/v2\/comments?post=268731"}],"version-history":[{"count":0,"href":"https:\/\/www.europesays.com\/es\/wp-json\/wp\/v2\/posts\/268731\/revisions"}],"wp:featuredmedia":[{"embeddable":true,"href":"https:\/\/www.europesays.com\/es\/wp-json\/wp\/v2\/media\/268732"}],"wp:attachment":[{"href":"https:\/\/www.europesays.com\/es\/wp-json\/wp\/v2\/media?parent=268731"}],"wp:term":[{"taxonomy":"category","embeddable":true,"href":"https:\/\/www.europesays.com\/es\/wp-json\/wp\/v2\/categories?post=268731"},{"taxonomy":"post_tag","embeddable":true,"href":"https:\/\/www.europesays.com\/es\/wp-json\/wp\/v2\/tags?post=268731"}],"curies":[{"name":"wp","href":"https:\/\/api.w.org\/{rel}","templated":true}]}}