{"id":268735,"date":"2025-12-03T09:24:12","date_gmt":"2025-12-03T09:24:12","guid":{"rendered":"https:\/\/www.europesays.com\/es\/268735\/"},"modified":"2025-12-03T09:24:12","modified_gmt":"2025-12-03T09:24:12","slug":"desarrollaras-aptitudes-tales-como-la-paciencia-el-dialogo-la-convivencia-y-la-tolerancia-te-hara-mejor-persona","status":"publish","type":"post","link":"https:\/\/www.europesays.com\/es\/268735\/","title":{"rendered":"Desarrollar\u00e1s aptitudes tales como la paciencia, el di\u00e1logo, la convivencia y la tolerancia. Te har\u00e1 mejor persona"},"content":{"rendered":"<p data-gtm-element-container=\"modulo-texto-link\" class=\"paragraph\">La compleja situaci\u00f3n de la <strong>vivienda en Espa\u00f1a<\/strong> volvi\u00f3 a ocupar el centro del debate p\u00fablico gracias a la intervenci\u00f3n de <strong>Marc Gir\u00f3<\/strong> en <strong>&#8216;Late Xou&#8217;.<\/strong> El comunicador ironiz\u00f3 sobre la crudeza del panorama y abri\u00f3 su discurso con una observaci\u00f3n contundente: \u00abA no ser que sea usted rentista, latifundista o est\u00e9 en babia, que para el caso es lo mismo\u2026\u00bb.<\/p>\n<p data-gtm-element-container=\"modulo-texto-link\" class=\"paragraph\">Gir\u00f3 destac\u00f3 que la tensi\u00f3n del mercado es evidente para cualquier ciudadano y lo relacion\u00f3 con el desfase entre salarios y precios actuales. Record\u00f3 que el <strong>SMI se sit\u00faa en 1.135 euros<\/strong>, cifra que apenas cubre el coste medio de un peque\u00f1o apartamento en Madrid. Con humor, a\u00f1adi\u00f3: <strong>\u00abNo te quejes, te sobran todav\u00eda 35 euros para irte de ca\u00f1as\u2026\u00bb<\/strong>.<\/p>\n<p>                <img loading=\"lazy\" decoding=\"async\" data-full-src=\"https:\/\/www.mundodeportivo.com\/uploads\/2025\/01\/29\/67996d2714169.jpeg\" alt=\"Marc Gir\u00f3, en 'Late Xou'\" width=\"449\" height=\"253\" src=\"https:\/\/www.europesays.com\/es\/wp-content\/uploads\/2025\/12\/67996d2714169.jpeg\" class=\"lazy\"\/><\/p>\n<p class=\"caption-title \">Marc Gir\u00f3, en &#8216;Late Xou&#8217;<\/p>\n<p>                    TVE<\/p>\n<p data-gtm-element-container=\"modulo-texto-link\" class=\"paragraph\">Su comentario sobre los h\u00e1bitos sociales espa\u00f1oles reforz\u00f3 el tono sat\u00edrico del mensaje, cuando remarc\u00f3: \u00abHay que recordar que somos callejeros,<strong> nos gustan las terrazas, la cervecita, la alegr\u00eda, el vino\u2026<\/strong>\u00ab. Tras hablar de la capital, se desplaz\u00f3 a la situaci\u00f3n catalana, afirmando: \u00abEn Barcelona tambi\u00e9n est\u00e1 <strong>la cosa muy animada\u00bb<\/strong>, subrayando precios todav\u00eda m\u00e1s altos en espacios a\u00fan m\u00e1s reducidos.<\/p>\n<p data-gtm-element-container=\"modulo-texto-link\" class=\"paragraph\">Al comparar ambas ciudades, evidenci\u00f3 que muchos trabajadores no podr\u00edan cubrir la renta mensual ni dedicando todo su salario. Sobre Barcelona, coment\u00f3 que un piso diminuto alcanza cifras desorbitadas y remat\u00f3 con iron\u00eda:<strong> \u00abTe faltan 315 euros para pagar el alquiler este mes.<\/strong> Siempre te queda la opci\u00f3n de sacarte un sobresueldo y\u00e9ndote a Madrid a servir ca\u00f1itas\u00bb.<\/p>\n<p>                <img loading=\"lazy\" decoding=\"async\" data-full-src=\"https:\/\/www.mundodeportivo.com\/uploads\/2025\/01\/29\/67996d2667303.jpeg\" alt=\"Marc Gir\u00f3, en 'Late Xou'\" width=\"449\" height=\"253\" src=\"https:\/\/www.europesays.com\/es\/wp-content\/uploads\/2025\/12\/67996d2667303.jpeg\" class=\"lazy\"\/><\/p>\n<p class=\"caption-title \">Marc Gir\u00f3, en &#8216;Late Xou&#8217;<\/p>\n<p>                    TVE<\/p>\n<p>    Lee tambi\u00e9n<\/p>\n<p data-gtm-element-container=\"modulo-texto-link\" class=\"paragraph\">Finalmente, plante\u00f3 que compartir vivienda es, para muchos, la \u00fanica alternativa viable en medio de este panorama. Lo comunic\u00f3 con su estilo habitual, al se\u00f1alar: \u00abEs una opci\u00f3n a tener en cuenta porque, de este modo, <strong>desarrollar\u00e1s aptitudes tales como la paciencia, el di\u00e1logo, la tolerancia, la convivencia\u2026\u00bb<\/strong>, concluyendo que esta experiencia \u00ab<strong>te har\u00e1 mejor persona<\/strong>, que buena falta te hace\u00bb.<\/p>\n","protected":false},"excerpt":{"rendered":"La compleja situaci\u00f3n de la vivienda en Espa\u00f1a volvi\u00f3 a ocupar el centro del debate p\u00fablico gracias a&hellip;\n","protected":false},"author":2,"featured_media":268736,"comment_status":"","ping_status":"","sticky":false,"template":"","format":"standard","meta":{"footnotes":""},"categories":[171],"tags":[146,147,25,24,23,214],"class_list":{"0":"post-268735","1":"post","2":"type-post","3":"status-publish","4":"format-standard","5":"has-post-thumbnail","7":"category-tv","8":"tag-entertainment","9":"tag-entretenimiento","10":"tag-es","11":"tag-espana","12":"tag-spain","13":"tag-tv"},"share_on_mastodon":{"url":"https:\/\/pubeurope.com\/@es\/115654916830767726","error":""},"_links":{"self":[{"href":"https:\/\/www.europesays.com\/es\/wp-json\/wp\/v2\/posts\/268735","targetHints":{"allow":["GET"]}}],"collection":[{"href":"https:\/\/www.europesays.com\/es\/wp-json\/wp\/v2\/posts"}],"about":[{"href":"https:\/\/www.europesays.com\/es\/wp-json\/wp\/v2\/types\/post"}],"author":[{"embeddable":true,"href":"https:\/\/www.europesays.com\/es\/wp-json\/wp\/v2\/users\/2"}],"replies":[{"embeddable":true,"href":"https:\/\/www.europesays.com\/es\/wp-json\/wp\/v2\/comments?post=268735"}],"version-history":[{"count":0,"href":"https:\/\/www.europesays.com\/es\/wp-json\/wp\/v2\/posts\/268735\/revisions"}],"wp:featuredmedia":[{"embeddable":true,"href":"https:\/\/www.europesays.com\/es\/wp-json\/wp\/v2\/media\/268736"}],"wp:attachment":[{"href":"https:\/\/www.europesays.com\/es\/wp-json\/wp\/v2\/media?parent=268735"}],"wp:term":[{"taxonomy":"category","embeddable":true,"href":"https:\/\/www.europesays.com\/es\/wp-json\/wp\/v2\/categories?post=268735"},{"taxonomy":"post_tag","embeddable":true,"href":"https:\/\/www.europesays.com\/es\/wp-json\/wp\/v2\/tags?post=268735"}],"curies":[{"name":"wp","href":"https:\/\/api.w.org\/{rel}","templated":true}]}}