{"id":268748,"date":"2025-12-03T09:31:13","date_gmt":"2025-12-03T09:31:13","guid":{"rendered":"https:\/\/www.europesays.com\/es\/268748\/"},"modified":"2025-12-03T09:31:13","modified_gmt":"2025-12-03T09:31:13","slug":"indra-firma-un-acuerdo-para-vender-la-bpo-a-teknei-con-sede-en-bilbao","status":"publish","type":"post","link":"https:\/\/www.europesays.com\/es\/268748\/","title":{"rendered":"Indra. Firma un acuerdo para vender la BPO a Teknei, con sede en Bilbao"},"content":{"rendered":"<p>1-. <strong>Indra <\/strong>ha firmado un acuerdo con Teknei para vender la divisi\u00f3n de externalizaci\u00f3n de servicios (BPO) por 96,6 mln eur.\u00a0<\/p>\n<p>2-. La venta contempla la <strong>transferencia de m\u00e1s de 5.000 trabajadores<\/strong> en las mismas condiciones laborales.\u00a0<\/p>\n<p>3-. La BPO vende en <strong>Espa\u00f1a, Colombia, Italia, Per\u00fa, M\u00e9xico, Chile y Portugal. <\/strong><\/p>\n<p>\u00a0<\/p>\n<p><strong>Valoraci\u00f3n:<\/strong>\u00a0<\/p>\n<p>1-. <strong>Noticia positiva y esperada.<\/strong> En nuestra opini\u00f3n, el cambio estructural y dimensional de Indra debido al fuerte crecimiento previsto en Defensa aconseja que la compa\u00f1\u00eda centre todo su esfuerzo en este segmento y en los negocios de mayor valor en Tecnolog\u00eda. El precio de venta es similar a lo que se estaba barajando en el mercado.\u00a0<\/p>\n<p><strong>P.O. y recomendaci\u00f3n En Revisi\u00f3n. \u00a0<\/strong>\u00a0\u00a0\u00a0\u00a0<\/p>\n<p><a href=\"https:\/\/www.r4.com\/analisis\/informes\/boletin_20251203.pdf\" target=\"_blank\" rel=\"noopener noreferrer nofollow\"><strong>Ver Comentario diario (Documento en Pdf).<\/strong><\/a><\/p>\n<p><a id=\"linkAutor\" rel=\"author nofollow noopener\" href=\"https:\/\/www.r4.com\/autor\/ivan-san-felix\" onclick=\"changeLink();return false;\" target=\"_blank\" style=\"text-decoration: none\"><b>Iv\u00e1n San F\u00e9lix Carbajo<\/b><\/a><br \/>Tel: 91 398 48 05 Email: <a href=\"https:\/\/www.r4.com\/articulos-y-analisis\/valores\/mailto:clientes@renta4.es\" style=\"text-decoration: none\" rel=\"nofollow noopener\" target=\"_blank\">clientes@renta4.es<\/a><\/p>\n","protected":false},"excerpt":{"rendered":"1-. Indra ha firmado un acuerdo con Teknei para vender la divisi\u00f3n de externalizaci\u00f3n de servicios (BPO) por&hellip;\n","protected":false},"author":2,"featured_media":18209,"comment_status":"","ping_status":"","sticky":false,"template":"","format":"standard","meta":{"footnotes":""},"categories":[80],"tags":[82,95,94,25,24,23],"class_list":{"0":"post-268748","1":"post","2":"type-post","3":"status-publish","4":"format-standard","5":"has-post-thumbnail","7":"category-economia","8":"tag-business","9":"tag-economia","10":"tag-economy","11":"tag-es","12":"tag-espana","13":"tag-spain"},"share_on_mastodon":{"url":"https:\/\/pubeurope.com\/@es\/115654943451734850","error":""},"_links":{"self":[{"href":"https:\/\/www.europesays.com\/es\/wp-json\/wp\/v2\/posts\/268748","targetHints":{"allow":["GET"]}}],"collection":[{"href":"https:\/\/www.europesays.com\/es\/wp-json\/wp\/v2\/posts"}],"about":[{"href":"https:\/\/www.europesays.com\/es\/wp-json\/wp\/v2\/types\/post"}],"author":[{"embeddable":true,"href":"https:\/\/www.europesays.com\/es\/wp-json\/wp\/v2\/users\/2"}],"replies":[{"embeddable":true,"href":"https:\/\/www.europesays.com\/es\/wp-json\/wp\/v2\/comments?post=268748"}],"version-history":[{"count":0,"href":"https:\/\/www.europesays.com\/es\/wp-json\/wp\/v2\/posts\/268748\/revisions"}],"wp:featuredmedia":[{"embeddable":true,"href":"https:\/\/www.europesays.com\/es\/wp-json\/wp\/v2\/media\/18209"}],"wp:attachment":[{"href":"https:\/\/www.europesays.com\/es\/wp-json\/wp\/v2\/media?parent=268748"}],"wp:term":[{"taxonomy":"category","embeddable":true,"href":"https:\/\/www.europesays.com\/es\/wp-json\/wp\/v2\/categories?post=268748"},{"taxonomy":"post_tag","embeddable":true,"href":"https:\/\/www.europesays.com\/es\/wp-json\/wp\/v2\/tags?post=268748"}],"curies":[{"name":"wp","href":"https:\/\/api.w.org\/{rel}","templated":true}]}}