{"id":268749,"date":"2025-12-03T09:32:10","date_gmt":"2025-12-03T09:32:10","guid":{"rendered":"https:\/\/www.europesays.com\/es\/268749\/"},"modified":"2025-12-03T09:32:10","modified_gmt":"2025-12-03T09:32:10","slug":"podcast-diario-de-ucrania-las-malas-cartas-de-zelenski","status":"publish","type":"post","link":"https:\/\/www.europesays.com\/es\/268749\/","title":{"rendered":"P\u00f3dcast &#8216;Diario de Ucrania&#8217; | Las malas cartas de Zelenski"},"content":{"rendered":"<p><strong>Volod\u00edmir Zelenski <\/strong>y los l\u00edderes de la Uni\u00f3n Europea siguen intentando suavizar algunos de los puntos del <a href=\"https:\/\/www.rtve.es\/noticias\/20251126\/ucrania-manos-trump-plan-28-puntos-para-acabar-con-guerra\/16831274.shtml\" target=\"_blank\" rel=\"nofollow noopener\">plan de paz de Donald Trump.<\/a> Ucrania quiere <strong>mantener el territorio<\/strong> que ten\u00eda antes de la invasi\u00f3n rusa y <strong>garant\u00edas de seguridad s\u00f3lidas<\/strong> que impidan un nuevo ataque ruso en el futuro. El problema para Ucrania es que vive <strong>uno de los momentos m\u00e1s delicados desde que comenz\u00f3 la guerra:<\/strong> con Rusia avanzando en el frente, <a href=\"https:\/\/www.rtve.es\/noticias\/20251128\/anticorrupcion-efectua-registros-oficina-apartamento-del-jefe-gabinete-presidencial-ucrania\/16835780.shtml\" target=\"_blank\" rel=\"nofollow noopener\">Zelenski debilitado tras haber tenido que prescindir de su n\u00famero dos<\/a>, salpicado por un caso de corrupci\u00f3n, y los ciudadanos exhaustos despu\u00e9s de <strong>cuatro a\u00f1os de conflicto.<\/strong> Lo analizamos con <strong>Jos\u00e9 \u00c1ngel L\u00f3pez<\/strong>, profesor de Derecho Internacional y Relaciones Internacionales de la Universidad Pontificia Comillas ICADE y autor del libro &#8216;La era de los genocidios&#8217;.<\/p>\n<p>\u00abPor desgracia, Trump ten\u00eda raz\u00f3n cuando, con esa actitud prepotente, <a href=\"https:\/\/www.rtve.es\/noticias\/20250228\/trump-zelenski-encuentro-casa-blanca\/16471009.shtml\" target=\"_blank\" rel=\"nofollow noopener\">le dijo a Zelenski en la Casa Blanca que ten\u00eda malas cartas<\/a>. No podemos negarnos a una evidencia como esta\u00bb, reconoce L\u00f3pez, que cree que si Estados Unidos interrumpe su apoyo financiero y militar a Ucrania, dejar\u00eda en una situaci\u00f3n de absoluta debilidad en el campo de batalla a Zelenski porque la Uni\u00f3n Europea no tiene la suficiente capacidad para llenar ese hueco<strong>. \u00abEs verdad que, si finalmente se sustenta ese \u00f3rdago, Ucrania tendr\u00eda pocas opciones\u00bb<\/strong>, afirma. <\/p>\n<p>Una propuesta escorada hacia Rusia<\/p>\n<p>Ucrania tem\u00eda el regreso de Trump a la Casa Blanca. Sus gui\u00f1os a Putin hac\u00edan temer lo peor a Zelenski y los suyos. Poco m\u00e1s de un a\u00f1o despu\u00e9s de su victoria electoral, l<strong>os peores pron\u00f3sticos se han confirmado.<\/strong> \u00abEst\u00e1 actuando como un mediador de parte que <strong>quiere repartirse con Putin el bot\u00edn de guerra en Ucrania.<\/strong> Trump est\u00e1 muy interesado en reinsertar a Putin en la esfera internacional y retomar cuanto antes la relaci\u00f3n bilateral con Rusia\u00bb, subraya L\u00f3pez.<\/p>\n<p>El profesor considera que la propuesta de paz plantea una serie de cuestiones que vulneran los principios del Derecho Internacional y suponen una injerencia en los asuntos internos de un pa\u00eds. \u00abEs muy llamativo ver c\u00f3mo se decide unilateralmente que Ucrania tiene que renunciar a adherirse a la OTAN o que tiene que convocar elecciones en un plazo m\u00e1ximo de 100 d\u00edas\u00bb, recuerda.<\/p>\n<p>Para el profesor Jos\u00e9 \u00c1ngel L\u00f3pez, estos movimientos de Trump son una demostraci\u00f3n de que quiere<strong> volver a un orden internacional dividido en zonas de influencia<\/strong>, en el que las grandes potencias se repartan los territorios unilateralmente. \u00abMe recuerda sospechosamente a lo que sucedi\u00f3 en el periodo de entreguerras, entre la Primera y la Segunda Guerra Mundial. Todo a espaldas del multilateralismo, de Naciones Unidas y de actores tan importantes como la Uni\u00f3n Europea. <\/p>\n<p>La congelaci\u00f3n de los activos rusos, la \u00fanica baza de la UE<\/p>\n<p>Lo cierto es que, si algo est\u00e1 quedando claro en todo este proceso, es que los 27 no est\u00e1n en la mesa de las grandes potencias. Los l\u00edderes europeos que han mostrado inter\u00e9s por participar en las negociaciones han sido reiteradamente ignorados por Trump y Putin. Bruselas se guarda una carta en la manga, quiz\u00e1s la \u00fanica que le queda, para intentar hacerse o\u00edr y suavizar las propuestas de paz m\u00e1s duras para Ucrania: <a href=\"https:\/\/www.rtve.es\/play\/audios\/reportajes-5-continentes\/europa-no-utiliza-fondos-rusos-congelados-activos-rusos-congelados-europa-financiar-guerra-ucrania\/16793287\/\" target=\"_blank\" rel=\"nofollow noopener\">la congelaci\u00f3n de los activos rusos<\/a>, una propuesta que los l\u00edderes de la UE debatir\u00e1n en el pr\u00f3ximo Consejo Europeo.<\/p>\n<p>Bruselas planea utilizar todos esos fondos rusos congelados para, a modo de pr\u00e9stamo, financiar los gastos m\u00e1s inmediatos de Ucrania de este a\u00f1o y el que viene. \u00abLa reacci\u00f3n de Putin a este planteamiento evidencia que le ha molestado notablemente, pero creo que es un mecanismo que levanta bastantes dudas desde el punto de vista de la legalidad. Adem\u00e1s, todos sabemos que hay una serie de \u00abcaballos de Troya\u00bb, como Hungr\u00eda o Eslovaquia, que probablemente impedir\u00edan ese acuerdo, concluye L\u00f3pez.<\/p>\n","protected":false},"excerpt":{"rendered":"Volod\u00edmir Zelenski y los l\u00edderes de la Uni\u00f3n Europea siguen intentando suavizar algunos de los puntos del plan&hellip;\n","protected":false},"author":2,"featured_media":268750,"comment_status":"","ping_status":"","sticky":false,"template":"","format":"standard","meta":{"footnotes":""},"categories":[42],"tags":[17,18,13,14,11,61,62,63,64,19,20,9,10,15,16,12,21,22,65,66,67],"class_list":{"0":"post-268749","1":"post","2":"type-post","3":"status-publish","4":"format-standard","5":"has-post-thumbnail","7":"category-internacional","8":"tag-breaking-news","9":"tag-breakingnews","10":"tag-featured-news","11":"tag-featurednews","12":"tag-headlines","13":"tag-internacional","14":"tag-international","15":"tag-international-news","16":"tag-internationalnews","17":"tag-latest-news","18":"tag-latestnews","19":"tag-news","20":"tag-noticias","21":"tag-noticias-destacadas","22":"tag-noticiasdestacadas","23":"tag-titulares","24":"tag-ultimas-noticias","25":"tag-ultimasnoticias","26":"tag-world","27":"tag-world-news","28":"tag-worldnews"},"share_on_mastodon":{"url":"https:\/\/pubeurope.com\/@es\/115654947402186266","error":""},"_links":{"self":[{"href":"https:\/\/www.europesays.com\/es\/wp-json\/wp\/v2\/posts\/268749","targetHints":{"allow":["GET"]}}],"collection":[{"href":"https:\/\/www.europesays.com\/es\/wp-json\/wp\/v2\/posts"}],"about":[{"href":"https:\/\/www.europesays.com\/es\/wp-json\/wp\/v2\/types\/post"}],"author":[{"embeddable":true,"href":"https:\/\/www.europesays.com\/es\/wp-json\/wp\/v2\/users\/2"}],"replies":[{"embeddable":true,"href":"https:\/\/www.europesays.com\/es\/wp-json\/wp\/v2\/comments?post=268749"}],"version-history":[{"count":0,"href":"https:\/\/www.europesays.com\/es\/wp-json\/wp\/v2\/posts\/268749\/revisions"}],"wp:featuredmedia":[{"embeddable":true,"href":"https:\/\/www.europesays.com\/es\/wp-json\/wp\/v2\/media\/268750"}],"wp:attachment":[{"href":"https:\/\/www.europesays.com\/es\/wp-json\/wp\/v2\/media?parent=268749"}],"wp:term":[{"taxonomy":"category","embeddable":true,"href":"https:\/\/www.europesays.com\/es\/wp-json\/wp\/v2\/categories?post=268749"},{"taxonomy":"post_tag","embeddable":true,"href":"https:\/\/www.europesays.com\/es\/wp-json\/wp\/v2\/tags?post=268749"}],"curies":[{"name":"wp","href":"https:\/\/api.w.org\/{rel}","templated":true}]}}