{"id":268753,"date":"2025-12-03T09:34:31","date_gmt":"2025-12-03T09:34:31","guid":{"rendered":"https:\/\/www.europesays.com\/es\/268753\/"},"modified":"2025-12-03T09:34:31","modified_gmt":"2025-12-03T09:34:31","slug":"vamos-a-echar-a-esos-hijos-de-perra","status":"publish","type":"post","link":"https:\/\/www.europesays.com\/es\/268753\/","title":{"rendered":"Vamos a echar a esos hijos de perra"},"content":{"rendered":"<p class=\"c-paragraph\">El presidente de <a href=\"https:\/\/www.20minutos.es\/tags\/lugares\/ee-uu.html\" title=\"EE UU\" rel=\"nofollow noopener\" target=\"_blank\">Estados Unidos<\/a>, <a href=\"https:\/\/www.20minutos.es\/tags\/personas\/donald-trump.html\" title=\"Donald Trump\" rel=\"nofollow noopener\" target=\"_blank\">Donald Trump<\/a>, ha insistido este martes en que <b>\u00abmuy pronto\u00bb comenzar\u00e1n los ataques estadounidenses<\/b> contra c\u00e1rteles del narcotr\u00e1fico dentro del territorio venezolano, tras el operativo contra supuestas narcolanchas en el Caribe.\u00a0<\/p>\n<p class=\"c-paragraph\">\u00abEn tierra es mucho m\u00e1s f\u00e1cil. Conocemos las rutas que toman. Lo sabemos todo sobre ellos. <b>Sabemos d\u00f3nde viven. Sabemos d\u00f3nde viven los malos. Y vamos a empezar con eso tambi\u00e9n muy pronto\u00bb,<\/b> ha dicho el mandatario a la prensa durante una reuni\u00f3n con su gabinete en la Casa Blanca. \u00abVamos a echar a esos hijos de perra\u00bb, ha a\u00f1adido.\u00a0<\/p>\n<p class=\"c-paragraph\">El mandatario ya advirti\u00f3 la semana pasada que sus Fuerzas Armadas <b>actuar\u00e1n \u00abmuy pronto\u00bb en tierra<\/b> contra supuestos narcotraficantes venezolanos y anunci\u00f3 a pilotos y aerol\u00edneas que deben considerar el espacio a\u00e9reo venezolano \u00abcerrado en su totalidad\u00bb.<\/p>\n<p class=\"c-paragraph\">El mandatario tambi\u00e9n ha asegurado que cualquier pa\u00eds que trafique con droga hacia Estados Unidos \u00abest\u00e1 sujeto a ataques\u00bb. De hecho, ha se\u00f1alado que\u00a0<b><b>Colombia tambi\u00e9n es susceptible de ser atacado<\/b><\/b>\u00a0por las f\u00e1bricas de coca\u00edna que hay en el pa\u00eds. \u00abColombia tiene f\u00e1bricas enteras de coca\u00edna, cualquier pa\u00eds que hace eso es susceptible de ser atacado, no s\u00f3lo Venezuela\u00bb, ha afirmado.\u00a0<\/p>\n<p class=\"c-paragraph\">Un ataque en territorio venezolano se enmarcar\u00eda en la operaci\u00f3n bautizada por el Pent\u00e1gono como <b>Lanza del Sur<\/b> y que hasta ahora ha destruido a una veintena de embarcaciones en el Caribe y el Pac\u00edfico, matando extrajudicialmente a m\u00e1s de 80 supuestos narcotraficantes.<\/p>\n<p class=\"c-paragraph\">Seg\u00fan el diario The Washington Post, en el primero de esos ataques, ejecutado el pasado 2 de septiembre, <b>se llev\u00f3 a cabo un segundo bombardeo<\/b> ordenado supuestamente por el secretario de Defensa Pete Hegseth, para matar a dos supervivientes, una acci\u00f3n que podr\u00eda ser investigada como crimen de guerra.<\/p>\n<p class=\"c-paragraph\">Preguntado por este tema, Trump ha dicho que no tiene informaci\u00f3n al respecto, que conf\u00eda en Hegseth y que ha escuchado que el almirante al mando de la operaci\u00f3n, Frank Bradley, \u00abes una persona extraordinaria\u00bb. Trump ha asegurado adem\u00e1s que la destrucci\u00f3n de lanchas supuestamente cargadas con drogas <b>ha salvado \u00abmiles de vidas\u00bb en Estados Unidos<\/b>.\u00a0<\/p>\n<p class=\"c-paragraph\">Por su parte, Hegseth ha declarado que no vio supervivientes al monitorear al ataque y ha criticado a la prensa por difundir informaci\u00f3n que \u00abno se basa en la verdad\u00bb. Tanto la Casa Blanca como el Pent\u00e1gono han insistido en que <b>todos los ataques son completamente legales<\/b> y han mostrado su confianza en el trabajo de Bradley.\u00a0<\/p>\n","protected":false},"excerpt":{"rendered":"El presidente de Estados Unidos, Donald Trump, ha insistido este martes en que \u00abmuy pronto\u00bb comenzar\u00e1n los ataques&hellip;\n","protected":false},"author":2,"featured_media":268754,"comment_status":"","ping_status":"","sticky":false,"template":"","format":"standard","meta":{"footnotes":""},"categories":[5],"tags":[5608,17,18,25,24,13,14,11,715,19,20,4417,9,10,15,16,2074,23,12,936,21,22],"class_list":{"0":"post-268753","1":"post","2":"type-post","3":"status-publish","4":"format-standard","5":"has-post-thumbnail","7":"category-titulares","8":"tag-ataques","9":"tag-breaking-news","10":"tag-breakingnews","11":"tag-es","12":"tag-espana","13":"tag-featured-news","14":"tag-featurednews","15":"tag-headlines","16":"tag-insiste","17":"tag-latest-news","18":"tag-latestnews","19":"tag-los","20":"tag-news","21":"tag-noticias","22":"tag-noticias-destacadas","23":"tag-noticiasdestacadas","24":"tag-que","25":"tag-spain","26":"tag-titulares","27":"tag-trump","28":"tag-ultimas-noticias","29":"tag-ultimasnoticias"},"share_on_mastodon":{"url":"https:\/\/pubeurope.com\/@es\/115654955158391920","error":""},"_links":{"self":[{"href":"https:\/\/www.europesays.com\/es\/wp-json\/wp\/v2\/posts\/268753","targetHints":{"allow":["GET"]}}],"collection":[{"href":"https:\/\/www.europesays.com\/es\/wp-json\/wp\/v2\/posts"}],"about":[{"href":"https:\/\/www.europesays.com\/es\/wp-json\/wp\/v2\/types\/post"}],"author":[{"embeddable":true,"href":"https:\/\/www.europesays.com\/es\/wp-json\/wp\/v2\/users\/2"}],"replies":[{"embeddable":true,"href":"https:\/\/www.europesays.com\/es\/wp-json\/wp\/v2\/comments?post=268753"}],"version-history":[{"count":0,"href":"https:\/\/www.europesays.com\/es\/wp-json\/wp\/v2\/posts\/268753\/revisions"}],"wp:featuredmedia":[{"embeddable":true,"href":"https:\/\/www.europesays.com\/es\/wp-json\/wp\/v2\/media\/268754"}],"wp:attachment":[{"href":"https:\/\/www.europesays.com\/es\/wp-json\/wp\/v2\/media?parent=268753"}],"wp:term":[{"taxonomy":"category","embeddable":true,"href":"https:\/\/www.europesays.com\/es\/wp-json\/wp\/v2\/categories?post=268753"},{"taxonomy":"post_tag","embeddable":true,"href":"https:\/\/www.europesays.com\/es\/wp-json\/wp\/v2\/tags?post=268753"}],"curies":[{"name":"wp","href":"https:\/\/api.w.org\/{rel}","templated":true}]}}