{"id":268764,"date":"2025-12-03T09:45:11","date_gmt":"2025-12-03T09:45:11","guid":{"rendered":"https:\/\/www.europesays.com\/es\/268764\/"},"modified":"2025-12-03T09:45:11","modified_gmt":"2025-12-03T09:45:11","slug":"una-cita-romantica-el-rolls-royce-de-la-fotografia-movil-y-paisajes-con-tres-estrellas-michelin-que-se-comen","status":"publish","type":"post","link":"https:\/\/www.europesays.com\/es\/268764\/","title":{"rendered":"una cita &#8216;rom\u00e1ntica&#8217;, el Rolls Royce de la fotograf\u00eda m\u00f3vil y paisajes con tres Estrellas Michelin que se comen"},"content":{"rendered":"\n<p> \u00bfUno de los mejores fot\u00f3grafos del pa\u00eds <strong>haciendo fotones con un m\u00f3vil sin justificarse, <\/strong>y sin ning\u00fan pudor? \u00bfReally? Pues va a ser que s\u00ed. Aunque el h\u00e1bito no hace al monje \u2014y no basta con tener<strong> un juguete de vanguardia, tope de gama y \u00f3ptica Leica <\/strong>para autoproclamarse fot\u00f3grafo profesional (\u00a1Dios nos libre!)\u2014 si con el nuevo <strong>Xiaomi 15T <\/strong>(o el <strong>15T Pro<\/strong> para m\u00e1s inri) no lo bordas, h\u00e1ztelo ver. Esta<strong> &#8216;c\u00e1mara fotogr\u00e1fica con tel\u00e9fono&#8217; <\/strong>que desenfunda el gran <strong>Javier Salas <\/strong>(Santander, 1965) en el Jard\u00edn del Magnolio del <strong>Museo Nacional del Romanticismo, <\/strong>reci\u00e9n salida del horno, es una joya con la opci\u00f3n <strong>&#8216;virguer\u00edas a tutipl\u00e9n&#8217; <\/strong>incorporada en el software. <\/p>\n<p> Nuestra cita con este <strong>retratista de las estrellas <\/strong>\u2014le adoran porque siempre las saca impresionantemente bien\u2014 se convierte en una <strong>masterclass impagable, <\/strong>con una herramienta de bolsillo, <strong>preciosa a la par que vers\u00e1til, <\/strong>en el punto de mira. \u201cHay algo que para nosotros siempre ha sido<strong> una aut\u00e9ntica pesadilla, que es ir cargados con pesados equipos fotogr\u00e1ficos para un shooting, <\/strong>sobre todo cuando viajamos. Ahora, con este tipo de productos digitales cada vez m\u00e1s peque\u00f1os y poderosos, como el 15T, hacemos fotos profesionales ligeros de equipaje\u201d, explica este habitual de <strong>Vogue, GQ, Harper&#8217;s Bazaar <\/strong>o <strong>ELLE, <\/strong>y autor de muchas <strong>portadas de discos ic\u00f3nicas <\/strong>de artistas espa\u00f1oles. <\/p>\n<p class=\"bodyObject bodyBlockquote\">\u201cYo era muy esc\u00e9ptico, hasta que conoc\u00ed Xiaomi y sus lentes Leica y me sacud\u00ed cualquier prejuicio. Donde est\u00e9 Leica siempre va a estar lo mejor, con diferencia\u201d, Javier Salas<\/p>\n<p> <strong>\u201cYo era muy esc\u00e9ptico, hasta que conoc\u00ed <a href=\"https:\/\/www.vanitatis.elconfidencial.com\/estilo\/ocio\/2025-10-01\/xiaomi-15t-pro-planta-cara-a-samsung-y-apple_4219214\/\" target=\"_self\" rel=\"nofollow noopener\">Xiaomi y sus lentes Leica<\/a> y me sacud\u00ed cualquier prejuicio.<\/strong> Leica fue mi primera c\u00e1mara de negativo, y esta marca es toda una instituci\u00f3n:<strong> donde est\u00e9 Leica siempre va a estar lo mejor, <\/strong>con diferencia\u201d,<strong> <\/strong>palabra de Salas. <\/p>\n<p>            La belleza seg\u00fan Javier Salas           <\/p>\n<p> Antes de contarnos su pen\u00faltimo proyecto, que tiene que ver con <strong>el triestrellado <a href=\"https:\/\/www.vanitatis.elconfidencial.com\/estilo\/ocio\/2024-05-31\/quique-dacosta_3891647\/\" target=\"_self\" rel=\"nofollow noopener\">Quique Dacosta,<\/a> <\/strong>con los <a href=\"https:\/\/www.vanitatis.elconfidencial.com\/estilo\/ocio\/2023-11-17\/el-mejor-arroz-valenciano_3774418\/\" target=\"_self\" rel=\"nofollow noopener\">arrozales de su Levante querido<\/a> y con fotograf\u00edas que se convierten en &#8216;el ingrediente&#8217; en cocina, Salas nos comparte algunos trucos secretos para presumir de fotones con su m\u00f3vil favorito. <strong>La iluminaci\u00f3n, el encuadre y el \u00e1ngulo se reparten el pastel del retrato perfecto, <\/strong>que ya han protagonizado al otro lado del ojo fotogr\u00e1fico de Salas <a href=\"https:\/\/www.vanitatis.elconfidencial.com\/estilo\/ocio\/2025-11-06\/rosalia-nuevo-disco-lux-listening-party-barcelona_4241972\/\" target=\"_self\" rel=\"nofollow noopener\">estrellas como Rosal\u00eda,<\/a><strong> Antonio Banderas,<\/strong> <strong>Pen\u00e9lope Cruz, Jennifer L\u00f3pez <\/strong>o<strong> Antonio Flores, <\/strong>entre otros afortunados. <\/p>\n<p>               Retrato de Javier Salas realizado durante su masterclass. (Cortes\u00eda)             <\/p>\n<p> Sin aspirar ni en sue\u00f1os a hacer los retratos que han hecho tan famoso a Javier Salas,<strong> nos acoplamos a \u00e9l <\/strong>durante el recorrido por el museo, <strong>por si, con suerte, se nos pega algo de su talento<\/strong> \u2014y para que nos chive los secretillos que esconde el gadget en cuesti\u00f3n\u2014. La primera en la frente. \u00bfVerdad que cuando vamos a hacer una fotograf\u00eda con el m\u00f3vil, pensamos que cuanta m\u00e1s luz haya, mejor? Error. \u201cAunque <strong>las lentes Leica son el Rolls Royce de la fotograf\u00eda, <\/strong>hay que darle unas instrucciones b\u00e1sicas claras, porque si no es imposible conseguir buenas fotos. Cuando la luz es mala, o demasiado intensa, y muy cenital, ya podemos tener el mejor tel\u00e9fono del mundo que va a salir mal: el sol cae sobre la cabeza, hace sombras, y te vas a cargar la foto. Por eso, <strong>el truco est\u00e1 en colocar a la persona que vas a retratar en penumbra, que le d\u00e9 la sombra en el rostro para sacarla favorecida\u201d.<\/strong> <\/p>\n<p class=\"bodyObject bodyBlockquote\">\u00abUno de los trucos est\u00e1 en colocar a la persona que vas a retratar en penumbra, que le d\u00e9 la sombra en el rostro para sacarla favorecida\u201d, Javier Salas<\/p>\n<p> Como su propio nombre indica, hacer un retrato es poner el foco en la persona retratada, \u00a1y no dejar que el entorno la fagocite! Segunda lecci\u00f3n aprendida, <strong>\u201cel encuadre debe buscar una imagen limpia, <\/strong>y todo lo que rodea a la persona retratada se puede <strong>difuminar manejando el diafragma del m\u00f3vil. <\/strong>Fuera ruido, menos es m\u00e1s\u201d. \u00bfY el \u00e1ngulo?<strong> \u201cNunca desde arriba, si no quieres salir cabez\u00f3n y paticorto\u201d. <\/strong>No queremos, no queremos\u2026 Cuidad\u00edn con el gran angular que deforma, ergo evita colocarte en los extremos \u2014claro que para eso, por lo que sea, ten\u00e9is que ser m\u00e1s de dos\u2014.<strong> \u201cLos retratos y los angulares est\u00e1n re\u00f1idos\u201d, <\/strong>sentencia Javier. <\/p>\n<p>               Retrato de Javier Salas realizado durante su masterclass. (Cortes\u00eda)            C\u00f3mo &#8216;comer con los ojos&#8217;           <\/p>\n<p> Aquello tan socorrido y recurrente que dec\u00edan las abuelas, que hac\u00eda referencia a <strong>&#8216;comer con los ojos&#8217; <\/strong>cuando visualiz\u00e1bamos en bucle mucha m\u00e1s comida de la que nuestro est\u00f3mago era capaz de digerir, se emplata ahora en forma de<strong> experimento gastro-fotogr\u00e1fico por obra y gracia de Xiaomi. <\/strong>Javier Salas est\u00e1 en el ajo. El fot\u00f3grafo nos cuenta c\u00f3mo \u00e9l, su 15T en el bolsillo y el prestigioso chef con tres Estrellas Michelin Quique Dacosta pusieron rumbo al <strong>reto de convertir una fotograf\u00eda en parte del plato, <\/strong>haciendo que <strong>la imagen y el sabor se fundan literalmente <\/strong>en una sola obra de arte. <\/p>\n<p>                                                 Fotograf\u00edas de los arrozales de Denia realizadas por Javier Salas. (Cortes\u00eda)             <\/p>\n<p> \u00bfC\u00f3mo se come esto? Pues abriendo boca con un recorrido al alim\u00f3n por los paisajes levantinos de Dacosta, <strong>capturando con sus lentes Leica Summilux del 15T Pro la esencia del territorio, <\/strong>el mismo que inspira platos ic\u00f3nicos del chef \u2014hablando de chefs: <a href=\"https:\/\/www.vanitatis.elconfidencial.com\/estilo\/ocio\/2025-11-26\/salseo-de-las-estrellas-michelin-2026-malaga_4254962\/\" target=\"_self\" rel=\"nofollow noopener\">el tradicional selfi que siempre hace Dacosta al finalizar la Gala Michelin,<\/a> este a\u00f1o estaba hecho con el mismo dispositivo, as\u00ed como detalle curioso\u2014. <\/p>\n<p> La fotograf\u00eda de los arrozales valencianos realizada con el superm\u00f3vil por Salas se ha convertido, por primera vez, en un ingrediente m\u00e1s de la receta del ic\u00f3nico <strong>Arroz cenizas<\/strong> de Dacosta. Al<strong> imprimirla en papel de arroz con tintas comestibles,<\/strong> que se congela a -196\u00ba C con nitr\u00f3geno l\u00edquido y se transforma en polvo fotogr\u00e1fico que <strong>se incorpora como ceniza al plato<\/strong> frente al comensal. \u00bfAlguna vez te has comido una fotograf\u00eda? \u00a1Pues alguna vez ten\u00eda que ser la primera! <\/p>\n<p>               El Arroz ceniza de Dacosta con un ingrediente \u00fanico: fotograf\u00edas de Salas. (Cortes\u00eda)             <\/p>\n<p> Si cre\u00edas que la Inteligencia Artificial era lo m\u00e1s inveros\u00edmil que pod\u00edas asumir, ahora vas y te comes los paisajes cocinados por Dacosta y fotografiados por Salas.<strong> Eso es &#8216;comer con los ojos&#8217; y lo dem\u00e1s\u2026 tonter\u00edas.<\/strong> \u00bfQui\u00e9n da m\u00e1s? <\/p>\n<p>                Algunos detalles para subir nota           <\/p>\n<p> Aunque con todo lo que nos ha contado Javier Salas sobre su \u00faltimo descubrimiento de bolsillo tenemos material suficiente para trastear y triunfar en IG \u2014a los retratos profesionales les vamos a dar un margen razonable, para no hacer la competencia al maestro\u2014, siempre hay alumnos aventajados que buscan el detalle. Para ellos, vaya la <strong>certificaci\u00f3n IP68 de resistencia al agua, <\/strong>que ha sido mejorada para <strong>soportar profundidades de hasta 3 metros en agua dulce. <\/strong> <\/p>\n<p> De las potentes lentes \u00f3pticas Leica Summilux ya hemos hablado, pero no del avanzado<strong> sistema de triple c\u00e1mara<\/strong> de los Xiaomi 15T Series, ni del debut de la c\u00e1mara <strong>teleobjetivo Leica 5x Pro, <\/strong>con un impresionante <strong>ultrazoom 20x <\/strong>o la plataforma computacional Xiaomi AISP 2.0 para <strong>retratos, color y v\u00eddeo 4K de alto rendimiento.<\/strong> <\/p>\n<p> Adem\u00e1s, el 15T Pro est\u00e1 equipado con <strong>atenuacio\u0301n DC a brillo completo <\/strong>y tecnologi\u0301a avanzada de <strong>cuidado ocular. <\/strong>Cuando se necesita una captura ma\u0301s esponta\u0301nea, el nuevo modo de fotografi\u0301a callejera Leica de esta serie T <strong>permite la captura directa desde la pantalla de bloqueo,<\/strong> ofreciendo una gama de distancias focales cla\u0301sicas para elegir. <\/p>\n<p>                   El Xiaomi 15T en versi\u00f3n oro rosa. (Cortes\u00eda)             <\/p>\n<p> Mientras tanto, para los m\u00e1s cin\u00e9filos, el dispositivo<strong> ofrece capacidades cinematogra\u0301ficas profesionales <\/strong>con grabacio\u0301n HDR10+ a 4K a 30 fps \u2014sentimos el trabalenguas, avisamos que este dato era para los m\u00e1s pro\u2014. \u00bfLa pantalla?<strong> 6,83 pulgadas, <\/strong>la ma\u0301s grande hasta la fecha. Para las apresuradas de la vida, sepan que cuando la bateri\u0301a esta\u0301 descargada, el 15T <strong>se enciende en menos de cuatro segundos tras conectarlo al cargador.<\/strong> <\/p>\n<p> Por supuesto, el elemento moda que no falte, con los dispositivos disponibles en un <strong>sofisticado gris, <\/strong>el<strong> cl\u00e1sico negro<\/strong> y un <strong>elegante oro rosa<\/strong> que envuelven en su dise\u00f1o insignia la calidez del ADN de la fotograf\u00eda Leica con una tecnolog\u00eda de vanguardia. Nueva necesidad creada. Menos mal que \u201cya vienen los Reyes Magos, ya vienen los Reyes Magos, caminito de Bel\u00e9n. Ol\u00e9, ol\u00e9 y ol\u00e9, <strong>Holanda <\/strong>\u2014y quien dice Holanda dice Xiaomi\u2014 <strong>ya se ve\u201d.<\/strong> <\/p>\n","protected":false},"excerpt":{"rendered":"\u00bfUno de los mejores fot\u00f3grafos del pa\u00eds haciendo fotones con un m\u00f3vil sin justificarse, y sin ning\u00fan pudor?&hellip;\n","protected":false},"author":2,"featured_media":268765,"comment_status":"","ping_status":"","sticky":false,"template":"","format":"standard","meta":{"footnotes":""},"categories":[173],"tags":[229,233,231,230,232,234,146,147,25,24,23],"class_list":{"0":"post-268764","1":"post","2":"type-post","3":"status-publish","4":"format-standard","5":"has-post-thumbnail","7":"category-arte-y-diseno","8":"tag-arte","9":"tag-arte-y-diseno","10":"tag-arts","11":"tag-arts-and-design","12":"tag-design","13":"tag-diseno","14":"tag-entertainment","15":"tag-entretenimiento","16":"tag-es","17":"tag-espana","18":"tag-spain"},"share_on_mastodon":{"url":"https:\/\/pubeurope.com\/@es\/115654998293958483","error":""},"_links":{"self":[{"href":"https:\/\/www.europesays.com\/es\/wp-json\/wp\/v2\/posts\/268764","targetHints":{"allow":["GET"]}}],"collection":[{"href":"https:\/\/www.europesays.com\/es\/wp-json\/wp\/v2\/posts"}],"about":[{"href":"https:\/\/www.europesays.com\/es\/wp-json\/wp\/v2\/types\/post"}],"author":[{"embeddable":true,"href":"https:\/\/www.europesays.com\/es\/wp-json\/wp\/v2\/users\/2"}],"replies":[{"embeddable":true,"href":"https:\/\/www.europesays.com\/es\/wp-json\/wp\/v2\/comments?post=268764"}],"version-history":[{"count":0,"href":"https:\/\/www.europesays.com\/es\/wp-json\/wp\/v2\/posts\/268764\/revisions"}],"wp:featuredmedia":[{"embeddable":true,"href":"https:\/\/www.europesays.com\/es\/wp-json\/wp\/v2\/media\/268765"}],"wp:attachment":[{"href":"https:\/\/www.europesays.com\/es\/wp-json\/wp\/v2\/media?parent=268764"}],"wp:term":[{"taxonomy":"category","embeddable":true,"href":"https:\/\/www.europesays.com\/es\/wp-json\/wp\/v2\/categories?post=268764"},{"taxonomy":"post_tag","embeddable":true,"href":"https:\/\/www.europesays.com\/es\/wp-json\/wp\/v2\/tags?post=268764"}],"curies":[{"name":"wp","href":"https:\/\/api.w.org\/{rel}","templated":true}]}}